{"id":70293,"date":"2025-12-15T17:56:26","date_gmt":"2025-12-15T16:56:26","guid":{"rendered":"https:\/\/imagazine.it\/home_desk\/?p=70293"},"modified":"2025-12-17T21:35:13","modified_gmt":"2025-12-17T20:35:13","slug":"pierpaolo-foti-il-mondo-tra-le-nuvole","status":"publish","type":"post","link":"https:\/\/imagazine.it\/home_desk\/pierpaolo-foti-il-mondo-tra-le-nuvole\/","title":{"rendered":"Pierpaolo Foti: il mondo tra le nuvole"},"content":{"rendered":"<p><span style=\"font-size: 10pt;\"><em>Pierpaolo Foti durante un&#8217;esibizione<\/em><\/span><\/p>\n<p>TRIESTE \u2013 Umilt\u00e0, passione, determinazione. La voce di <strong>Pierpaolo Foti <\/strong>trasmette tutto questo e molto altro. Classe 1997, il violinista e compositore triestino che suona in perenne movimento \u00e8 uno degli astri nascenti del panorama musicale italiano.<\/p>\n<p>La nostra intervista parte dalla sua esibizione all\u2019ultima edizione della <em>Barcolana<\/em>. Che, come tutte le esibizioni nella \u201csua\u201d Trieste, non lo lasciano mai indifferente.<\/p>\n<p>\u00abQuando suono in citt\u00e0 \u2013 confida mentre si sta preparando per una trasferta di impegni concertistici \u2013 avverto una responsabilit\u00e0 grande. Non so quale sia il motivo, probabilmente perch\u00e9 ci tengo tanto. Suonare poi di fronte al tramonto, con il mare e il cielo che offrivano colori surreali, sembrava di trovarsi al cospetto di un dipinto\u00bb.<\/p>\n<p><strong>Pierpaolo, riavvolgiamo il nastro dei ricordi. La passione per la musica quando \u00e8 nata?<\/strong><\/p>\n<p>\u00abL\u2019ho avuta fin da piccolo. Come una persona ha bisogno di mangiare, cos\u00ec la musica \u00e8 il mio cibo. La musica \u00e8 una necessit\u00e0 a cui da sempre ho affidato tanta dedizione. Col tempo mi sono perfezionato sempre di pi\u00f9, riuscendo a divenire anche bravo nell\u2019interpretarla\u00bb.<\/p>\n<p><strong>Quando hai capito che la musica non sarebbe stata solo una semplice passione?<\/strong><\/p>\n<p>\u00abNon lo sai mai. I primi concerti risalgono ai tempi delle scuole superiori: inizialmente suonavo gratis poi, nel giro di pochi anni, ho cominciato a guadagnare i primi soldi, anche se si trattava di cifre simboliche. Mi piace sperimentare cose nuove, per cui nel tempo ho dato vita a formazioni diverse, con band talvolta \u201canomale\u201d. Musica <em>indie <\/em>sperimentale, metal, la classica. Non c\u2019\u00e8 stato un fattore scatenante che mi ha fatto dire \u201cadesso posso dedicarmi a ci\u00f2 che ho sempre sognato\u201d. \u00c8 stato qualcosa di naturale, conseguente a molta gavetta\u00bb.<\/p>\n<p><strong>Che cos\u2019\u00e8 per te la musica?<\/strong><\/p>\n<p>\u00abTutto. \u00c8 ogni cosa\u00bb.<\/p>\n<p><strong>La scoperta di Pierpaolo Foti da parte del grande pubblico risale ai tempi del COVID: cosa provasti a suonare nella piazza Unit\u00e0 deserta per il <em>lockdown<\/em>?<\/strong><\/p>\n<p>\u00abFu una delle cose pi\u00f9 difficili della mia vita. Organizzai tutto io, a partire dal reperimento degli sponsor per sostenere le spese, comprese quelle per la <em>troupe <\/em>che ha realizzato il video. Emozioni molto forti, perch\u00e9 era una sorta di magia, nonostante il freddo. Ero molto sotto pressione anche perch\u00e9 la prima volta che tentai di organizzare l\u2019esibizione la corrente fornita per la <em>troupe <\/em>cinematografica non era sufficiente, facendo saltare l\u2019evento e suscitando disappunto tra le persone in attesa a casa. Ci restai molto male. La seconda volta invece and\u00f2 decisamente bene. Anche se ho dovuto rivedere il video online per comprenderlo: quando suono, infatti, entro spesso in una sorta di <em>trance<\/em>, come se andassi su un altro pianeta. Anche per questo ci metto un po\u2019 a recuperare\u00bb.<\/p>\n<p><strong>L\u2019arrivo della fama come ha cambiato la tua vita?<\/strong><\/p>\n<p>\u00abIn realt\u00e0 non cambia niente. La fama \u00e8 una conseguenza dell\u2019aver fatto bene il proprio percorso. Quello che conta \u00e8 essere felice di realizzare i propri sogni\u00bb.<\/p>\n<p><strong>La cosa certa fu che Jovanotti ti scelse per i <em>Jova Beach Party<\/em>: che esperienza \u00e8 stata?<\/strong><\/p>\n<p>\u00abIo dovevo fare nella stessa data la <em>tourn\u00e9e <\/em>di Salmo a San Siro: la chiamata di Jovanotti arriv\u00f2 in contemporanea e alla fine scelsi di accettarla. \u00c8 stata un\u2019esperienza molto bella, unica nel suo genere. Portare musica classica in una spiaggia, dove col caldo sono tutti in costume mentre io ero in abiti d\u2019epoca resta qualcosa di indimenticabile. Fu un\u2019esperienza unica che credo il pubblico non si scorder\u00e0\u00bb.<\/p>\n<p><strong>Il legame con Jova?<\/strong><\/p>\n<p>\u00abAnche a livello personale ci siamo subito trovati. In certe cose ci assomigliano: lui per esempio fa meditazione prima di salire sul palco. Ancora oggi ogni tanto ci scriviamo e manteniamo vivo il rapporto\u00bb.<\/p>\n<figure id=\"attachment_70294\" aria-describedby=\"caption-attachment-70294\" style=\"width: 640px\" class=\"wp-caption aligncenter\"><img loading=\"lazy\" decoding=\"async\" class=\"size-large wp-image-70294\" src=\"https:\/\/imagazine.it\/wp-content\/uploads\/2025\/12\/low_cover_Pierpaolo-Foti-774x1024.jpg\" alt=\"\" width=\"640\" height=\"847\" title=\"\" srcset=\"https:\/\/imagazine.it\/wp-content\/uploads\/2025\/12\/low_cover_Pierpaolo-Foti-774x1024.jpg 774w, https:\/\/imagazine.it\/wp-content\/uploads\/2025\/12\/low_cover_Pierpaolo-Foti-227x300.jpg 227w, https:\/\/imagazine.it\/wp-content\/uploads\/2025\/12\/low_cover_Pierpaolo-Foti-768x1016.jpg 768w, https:\/\/imagazine.it\/wp-content\/uploads\/2025\/12\/low_cover_Pierpaolo-Foti.jpg 800w\" sizes=\"auto, (max-width: 640px) 100vw, 640px\" \/><figcaption id=\"caption-attachment-70294\" class=\"wp-caption-text\">(ph. Michele Lugaresi)<\/figcaption><\/figure>\n<p><strong>Con il violino riesci a spaziare dalla musica classica a quella elettronica: questione di studio, pratica o semplicemente dono naturale?<\/strong><\/p>\n<p>\u00abCredo che qualsiasi dono naturale, se non coltivato, non possa esplodere in un vero e proprio talento. Per questo apprezzo una persona meno dotata ma che si mette in gioco con impegno e sacrificio, piuttosto che una persona dotata di talento ma che si lascia andare. Paganini diceva che lui non toccava mai il violino: in realt\u00e0 studiava fino a 16 ore al giorno, qualcosa all\u2019estremo umano. Lui s\u00ec che era un personaggio, molto pi\u00f9 delle <em>rockstar <\/em>di oggi. Studio e talento sono entrambi fondamentali e necessari\u00bb.<\/p>\n<p><strong>Rispetto a Paganini, Pierpaolo Foti quanto tempo dedica alla musica nelle sue giornate?<\/strong><\/p>\n<p>\u00abIn continuazione: scrivo, suono, studio. Non calcolo nemmeno il tempo. Pu\u00f2 succedere che mi venga l\u2019ispirazione di notte e che, quindi, la trascorra sveglio a scrivere musica e a studiare. Non ho una <em>routine<\/em>: le mie giornate cambiano in base ai concerti e ad altre situazioni, \u00e8 tutto molto dinamico. Ma posso dire che la musica mi assorbe <em>h24<\/em>. Non c\u2019\u00e8 una definizione di tempo\u00bb.<\/p>\n<p><strong>Quale genere di musica prediligi suonare?<\/strong><\/p>\n<p>\u00abClassica. Ma credo sia giunto il momento di iniziare a uscire dal concetto di genere musicale. Conta solo la qualit\u00e0 della musica: perch\u00e9 non esiste musica di serie A o serie B\u00bb.<\/p>\n<p><strong>Quando suoni sei costantemente in movimento: com\u2019\u00e8 nato questo tuo stile?<\/strong><\/p>\n<p>\u00ab\u00c8 venuto naturale, niente di costruito. Non \u00e8 nulla di controllato. In base alle energie che avverto di volta in volta cos\u00ec mi muovo. Non c\u2019\u00e8 mai qualcosa che si ripete, ma \u00e8 tutto molto istintivo\u00bb.<\/p>\n<p><strong>Qual \u00e8 il tuo rapporto con Trieste? <\/strong><\/p>\n<p>\u00abA Trieste sono nato e vissuto. Adoro i luoghi della citt\u00e0 sul mare, perch\u00e9 mi fanno immaginare anche quello che potrebbe esserci oltre la visuale\u00bb.<\/p>\n<p><strong>E il rapporto con i triestini?<\/strong><\/p>\n<p>\u00abBisognerebbe chiederlo a loro\u2026 Penso buono, perch\u00e9 percepisco tanto affetto nei miei confronti\u00bb.<\/p>\n<p><strong>Tu sei anche compositore: da cosa trai ispirazione per scrivere la tua musica?<\/strong><\/p>\n<p>\u00abIn realt\u00e0 l\u2019ispirazione mi giunge in modo molto primordiale. Anche nel sonno mi vengono in mente le melodie. Oppure mentre sono al pianoforte: d\u2019improvviso escono. Anche in questo caso alla fine \u00e8 l\u2019istinto\u00bb.<\/p>\n<p><img loading=\"lazy\" decoding=\"async\" class=\"size-large wp-image-70295\" src=\"https:\/\/imagazine.it\/wp-content\/uploads\/2025\/12\/low_Foti-abito-damascato-rosso-Cleofe-785x1024.jpg\" alt=\"\" width=\"640\" height=\"835\" title=\"\" srcset=\"https:\/\/imagazine.it\/wp-content\/uploads\/2025\/12\/low_Foti-abito-damascato-rosso-Cleofe-785x1024.jpg 785w, https:\/\/imagazine.it\/wp-content\/uploads\/2025\/12\/low_Foti-abito-damascato-rosso-Cleofe-230x300.jpg 230w, https:\/\/imagazine.it\/wp-content\/uploads\/2025\/12\/low_Foti-abito-damascato-rosso-Cleofe-768x1002.jpg 768w, https:\/\/imagazine.it\/wp-content\/uploads\/2025\/12\/low_Foti-abito-damascato-rosso-Cleofe.jpg 800w\" sizes=\"auto, (max-width: 640px) 100vw, 640px\" \/><\/p>\n<p><strong>Quali sono i tuoi prossimi progetti? <\/strong><\/p>\n<p>\u00abIl grande sogno a cui sto lavorando \u00e8 quello di riuscire a riempire gli stadi. Contesti in cui aumentano i carichi di tenuta, di tensione e di responsabilit\u00e0. In concerti lunghi il cambio della temperatura, il violino che si scorda o altri fattori possono incidere sulla qualit\u00e0 della musica: per questo bisogna prepararsi e allenarsi molto. Ci sono tante dinamiche in un <em>live<\/em>. Bisogna andare a cercare senza paura le imperfezioni, perch\u00e9 a modo loro rappresentano una magia in un mondo fatto sempre pi\u00f9 di macchine\u00bb.<\/p>\n<p><strong>C\u2019\u00e8 un artista a cui ti ispiri?<\/strong><\/p>\n<p>\u00abIn realt\u00e0 no. Mi ispiro ai vecchi classici, che in realt\u00e0 erano pi\u00f9 avanguardisti di quello che si pensa. Non ho un punto di riferimento\u00bb.<\/p>\n<p><strong>Se dovessi descrivere Pierpaolo Foti attraverso una canzone, quale sarebbe?<\/strong><\/p>\n<p>\u00ab\u201c<em>La Ciaccona<\/em>\u201d di Bach\u00bb.<\/p>\n<p><strong>Perch\u00e9?<\/strong><\/p>\n<p>\u00abSolo ascoltandola si pu\u00f2 capire perch\u00e9\u00bb.<\/p>\n","protected":false},"excerpt":{"rendered":"<p>Con il suo stile inconfondibile, il violinista e compositore triestino sta conquistando il grande pubblico. Non si ispira a nessun artista: \u00abSolo ai vecchi classici, che erano pi\u00f9 avanguardisti di quanto si pensi\u00bb. E ora \u00e8 pronto per riempire gli stadi<\/p>\n","protected":false},"author":3,"featured_media":70296,"comment_status":"closed","ping_status":"closed","sticky":false,"template":"","format":"image","meta":{"dwc-title":[""],"dwc-content":[""],"footnotes":""},"categories":[37],"tags":[3661,55,65],"class_list":["post-70293","post","type-post","status-publish","format-image","has-post-thumbnail","hentry","category-cultura-e-spettacolo","tag-foti","tag-musica","tag-trieste","post_format-post-format-image"],"rttpg_featured_image_url":{"full":["https:\/\/imagazine.it\/wp-content\/uploads\/2025\/12\/apertura_presskit-Foti-01-scaled.jpg",2560,1707,false],"landscape":["https:\/\/imagazine.it\/wp-content\/uploads\/2025\/12\/apertura_presskit-Foti-01-scaled.jpg",2560,1707,false],"portraits":["https:\/\/imagazine.it\/wp-content\/uploads\/2025\/12\/apertura_presskit-Foti-01-scaled.jpg",2560,1707,false],"thumbnail":["https:\/\/imagazine.it\/wp-content\/uploads\/2025\/12\/apertura_presskit-Foti-01-150x150.jpg",150,150,true],"medium":["https:\/\/imagazine.it\/wp-content\/uploads\/2025\/12\/apertura_presskit-Foti-01-300x200.jpg",300,200,true],"large":["https:\/\/imagazine.it\/wp-content\/uploads\/2025\/12\/apertura_presskit-Foti-01-1024x683.jpg",640,427,true],"thumblist":["https:\/\/imagazine.it\/wp-content\/uploads\/2025\/12\/apertura_presskit-Foti-01-300x300.jpg",300,300,true],"thumbrelated":["https:\/\/imagazine.it\/wp-content\/uploads\/2025\/12\/apertura_presskit-Foti-01-500x500.jpg",500,500,true],"meccarouselthumb":["https:\/\/imagazine.it\/wp-content\/uploads\/2025\/12\/apertura_presskit-Foti-01-474x324.jpg",474,324,true],"gridsquare":["https:\/\/imagazine.it\/wp-content\/uploads\/2025\/12\/apertura_presskit-Foti-01-391x260.jpg",391,260,true],"tileview":["https:\/\/imagazine.it\/wp-content\/uploads\/2025\/12\/apertura_presskit-Foti-01-300x400.jpg",300,400,true],"1536x1536":["https:\/\/imagazine.it\/wp-content\/uploads\/2025\/12\/apertura_presskit-Foti-01-1536x1024.jpg",1536,1024,true],"2048x2048":["https:\/\/imagazine.it\/wp-content\/uploads\/2025\/12\/apertura_presskit-Foti-01-2048x1365.jpg",2048,1365,true],"newsup-slider-full":["https:\/\/imagazine.it\/wp-content\/uploads\/2025\/12\/apertura_presskit-Foti-01-1280x720.jpg",1280,720,true],"newsup-featured":["https:\/\/imagazine.it\/wp-content\/uploads\/2025\/12\/apertura_presskit-Foti-01-1024x683.jpg",1024,683,true],"newsup-medium":["https:\/\/imagazine.it\/wp-content\/uploads\/2025\/12\/apertura_presskit-Foti-01-720x380.jpg",720,380,true],"tptn_thumbnail":["https:\/\/imagazine.it\/wp-content\/uploads\/2025\/12\/apertura_presskit-Foti-01-250x210.jpg",250,210,true],"sow-carousel-default":["https:\/\/imagazine.it\/wp-content\/uploads\/2025\/12\/apertura_presskit-Foti-01-272x182.jpg",272,182,true]},"rttpg_author":{"display_name":"Andrea Doncovio","author_link":"https:\/\/imagazine.it\/home_desk\/author\/andrea\/"},"rttpg_comment":0,"rttpg_category":"<a href=\"https:\/\/imagazine.it\/home_desk\/category\/cultura-e-spettacolo\/\" rel=\"category tag\">CULTURA&amp;SPETTACOLO<\/a>","rttpg_excerpt":"Con il suo stile inconfondibile, il violinista e compositore triestino sta conquistando il grande pubblico. Non si ispira a nessun artista: \u00abSolo ai vecchi classici, che erano pi\u00f9 avanguardisti di quanto si pensi\u00bb. E ora \u00e8 pronto per riempire gli stadi","_links":{"self":[{"href":"https:\/\/imagazine.it\/home_desk\/wp-json\/wp\/v2\/posts\/70293","targetHints":{"allow":["GET"]}}],"collection":[{"href":"https:\/\/imagazine.it\/home_desk\/wp-json\/wp\/v2\/posts"}],"about":[{"href":"https:\/\/imagazine.it\/home_desk\/wp-json\/wp\/v2\/types\/post"}],"author":[{"embeddable":true,"href":"https:\/\/imagazine.it\/home_desk\/wp-json\/wp\/v2\/users\/3"}],"replies":[{"embeddable":true,"href":"https:\/\/imagazine.it\/home_desk\/wp-json\/wp\/v2\/comments?post=70293"}],"version-history":[{"count":3,"href":"https:\/\/imagazine.it\/home_desk\/wp-json\/wp\/v2\/posts\/70293\/revisions"}],"predecessor-version":[{"id":70394,"href":"https:\/\/imagazine.it\/home_desk\/wp-json\/wp\/v2\/posts\/70293\/revisions\/70394"}],"wp:featuredmedia":[{"embeddable":true,"href":"https:\/\/imagazine.it\/home_desk\/wp-json\/wp\/v2\/media\/70296"}],"wp:attachment":[{"href":"https:\/\/imagazine.it\/home_desk\/wp-json\/wp\/v2\/media?parent=70293"}],"wp:term":[{"taxonomy":"category","embeddable":true,"href":"https:\/\/imagazine.it\/home_desk\/wp-json\/wp\/v2\/categories?post=70293"},{"taxonomy":"post_tag","embeddable":true,"href":"https:\/\/imagazine.it\/home_desk\/wp-json\/wp\/v2\/tags?post=70293"}],"curies":[{"name":"wp","href":"https:\/\/api.w.org\/{rel}","templated":true}]}}