{"id":70288,"date":"2025-12-15T17:26:02","date_gmt":"2025-12-15T16:26:02","guid":{"rendered":"https:\/\/imagazine.it\/home_desk\/?p=70288"},"modified":"2025-12-16T16:07:23","modified_gmt":"2025-12-16T15:07:23","slug":"da-bergamo-a-palmanova-in-bicicletta","status":"publish","type":"post","link":"https:\/\/imagazine.it\/home_desk\/da-bergamo-a-palmanova-in-bicicletta\/","title":{"rendered":"Da Bergamo a Palmanova in bicicletta"},"content":{"rendered":"<p><span style=\"font-size: 10pt;\"><em>La presentazione della progettualit\u00e0<\/em><\/span><\/p>\n<p style=\"font-weight: 400;\">PALMANOVA &#8211; A otto anni dal riconoscimento Unesco delle \u201cOpere di difesa veneziane tra XVI e XVII secolo &#8211; Stato da Terra, Stato da Mar Occidentale\u201d, Palmanova celebra il suo patrimonio con la <strong>presentazione di una guida fotografica e di una mappa cicloturistica<\/strong>.<\/p>\n<p style=\"font-weight: 400;\">\u00abSiamo particolarmente orgogliosi che Palmanova abbia coordinato la realizzazione di questa guida, pensata per offrire una\u00a0<strong>panoramica completa delle citt\u00e0 fortificate e del loro straordinario valore storico, culturale e turistico<\/strong>\u00bb, ha affermato il Sindaco\u00a0<strong>Giuseppe Tellini<\/strong>.<\/p>\n<p style=\"font-weight: 400;\">Si \u00e8 svolta oggi, nel Salone d\u2019Onore del Municipio di Palmanova, la presentazione ufficiale della\u00a0<strong>guida fotografica \u201cViaggio tra le fortezze della Repubblica di Venezia. Dalla Terraferma all\u2019Adriatico<\/strong>\u201d, realizzata nell\u2019ambito del progetto \u201cTurismo innovativo in viaggio tra le opere di difesa veneziane\u201d sostenuto dal Ministero del Turismo. In video collegamento anche i rappresentanti dei Comune di Bergamo e Peschiera del Garda.<\/p>\n<p style=\"font-weight: 400;\">La pubblicazione di 131 pagine raccoglie le immagini pi\u00f9 significative delle fortificazioni di\u00a0<strong>Bergamo, Peschiera del Garda e Palmanova<\/strong>\u00a0per la componente italiana, Zara e Sebenico per quella croata e Cattaro per quella montenegrina, testimonianze architettoniche uniche riconosciute Patrimonio Mondiale dell\u2019Unesco il 9 luglio 2017.<\/p>\n<p style=\"font-weight: 400;\">Durante l\u2019incontro \u00e8 stata inoltre presentata e omaggiata ai partecipanti la nuova mappa tematica\u00a0<strong>\u201cLa Via del Leone\u201d, un itinerario cicloturistico di oltre 500 km<\/strong>\u00a0che collega le tre citt\u00e0 italiane di Bergamo, Peschiera del Garda e Palmanova, attraversando colli, acque e pianure, piazze, monumenti ed elementi architettonici e offrendo un viaggio lento e immersivo nella storia. Uno strumento cartaceo che sar\u00e0 distribuito dagli infopoint turistici della tre citt\u00e0.\u00a0<strong>Attraverso un QR code, \u00e8 possibile scaricare la traccia GPX<\/strong>\u00a0dell\u2019intero percorso, pensato per valorizzare le fortificazioni veneziane lungo l\u2019Adriatico e guidare il viaggiatore seguendo il simbolo del Leone di San Marco. Info e download su\u00a0<span style=\"text-decoration: underline;\"><a href=\"http:\/\/www.thevenetianfortresses.com\/\" data-saferedirecturl=\"https:\/\/www.google.com\/url?q=http:\/\/www.thevenetianfortresses.com&amp;source=gmail&amp;ust=1765870892076000&amp;usg=AOvVaw1ryqRF4WKtFu3YUEyh_iS2\" target=\"_blank\" rel=\"noopener\">www.thevenetianfortresses.com<\/a><\/span><\/p>\n<p style=\"font-weight: 400;\">\u00abRingraziamo il Ministero del Turismo per il sostegno e la lungimiranza nel valorizzare la rete delle fortificazioni veneziane, auspicando che\u00a0<strong>la guida e la mappa possano invitare al viaggio, alla scoperta e alla conoscenza di un patrimonio<\/strong>\u00a0condiviso di eccezionale valore.\u00a0In questi anni il nostro impegno \u00e8 stato rivolto alla valorizzazione e alla conservazione del patrimonio dell\u2019umanit\u00e0; con questi strumenti innovativi contribuiamo anche ad accrescere nei cittadini e nei visitatori la consapevolezza di appartenere a un sito seriale transnazionale che unisce fortificazioni storiche in Italia, Croazia e Montenegro, di eccezionale valore\u00bb, ha dichiarato l\u2019assessore alla Cultura e al Turismo\u00a0<strong>Silvia Savi<\/strong>.<\/p>\n<p style=\"font-weight: 400;\">Ai presenti \u00e8 stato anche distribuito\u00a0<strong>il Calendario 2026<\/strong>, realizzato dal Comune di Palmanova, che nei prossimi giorni sar\u00e0 consegnato anche alle associazioni cittadine, con fotografie inedite dei diversi siti che compongono la rete Unesco.<\/p>\n<p style=\"font-weight: 400;\">Il sito\u00a0www.<span style=\"text-decoration: underline;\"><a href=\"http:\/\/www.thevenetianfortresses.com\" data-saferedirecturl=\"https:\/\/www.google.com\/url?q=http:\/\/thevenetianfortresses.com\/&amp;source=gmail&amp;ust=1765870892076000&amp;usg=AOvVaw2vaQSeDyY6vAcfLht5aty0\" target=\"_blank\" rel=\"noopener\">thevenetianfortresses.com<\/a><\/span>\u00a0\u00e8 invece la piattaforma ufficiale dedicata alla promozione delle opere difensive veneziane del XVI-XVII secolo, con informazioni sulle fortezze, itinerari turistici e contenuti approfonditi legati alle tre citt\u00e0 italiane.<\/p>\n<p><img loading=\"lazy\" decoding=\"async\" class=\"aligncenter size-full wp-image-70289\" src=\"https:\/\/imagazine.it\/wp-content\/uploads\/2025\/12\/Presentazione-guida-1.jpg\" alt=\"\" width=\"1000\" height=\"608\" title=\"\" srcset=\"https:\/\/imagazine.it\/wp-content\/uploads\/2025\/12\/Presentazione-guida-1.jpg 1000w, https:\/\/imagazine.it\/wp-content\/uploads\/2025\/12\/Presentazione-guida-1-300x182.jpg 300w, https:\/\/imagazine.it\/wp-content\/uploads\/2025\/12\/Presentazione-guida-1-768x467.jpg 768w\" sizes=\"auto, (max-width: 1000px) 100vw, 1000px\" \/><\/p>\n<p style=\"font-weight: 400;\">Per l\u2019occasione, nell\u2019Atrio del Municipio, \u00e8 stata allestita anche una mostra fotografica dedicata alle sei citt\u00e0 che costituiscono il sito Unesco, con immagini e storie che ne raccontano la straordinaria eredit\u00e0.<\/p>\n","protected":false},"excerpt":{"rendered":"<p>Presentata \u201cLa Via del Leone\u201d, un itinerario cicloturistico di oltre 500 km che collega le due citt\u00e0 e Peschiera del Garda nell&#8217;ambito della progettualit\u00e0 UNESCO<\/p>\n","protected":false},"author":28,"featured_media":70290,"comment_status":"closed","ping_status":"closed","sticky":false,"template":"","format":"image","meta":{"dwc-title":[""],"dwc-content":[""],"footnotes":""},"categories":[8],"tags":[3660,194,154,1369],"class_list":["post-70288","post","type-post","status-publish","format-image","has-post-thumbnail","hentry","category-turismo","tag-bergamo","tag-bici","tag-palmanova","tag-unesco","post_format-post-format-image"],"rttpg_featured_image_url":{"full":["https:\/\/imagazine.it\/wp-content\/uploads\/2025\/12\/Presentazione-guida-2.jpg",1366,837,false],"landscape":["https:\/\/imagazine.it\/wp-content\/uploads\/2025\/12\/Presentazione-guida-2.jpg",1366,837,false],"portraits":["https:\/\/imagazine.it\/wp-content\/uploads\/2025\/12\/Presentazione-guida-2.jpg",1366,837,false],"thumbnail":["https:\/\/imagazine.it\/wp-content\/uploads\/2025\/12\/Presentazione-guida-2-150x150.jpg",150,150,true],"medium":["https:\/\/imagazine.it\/wp-content\/uploads\/2025\/12\/Presentazione-guida-2-300x184.jpg",300,184,true],"large":["https:\/\/imagazine.it\/wp-content\/uploads\/2025\/12\/Presentazione-guida-2-1024x627.jpg",640,392,true],"thumblist":["https:\/\/imagazine.it\/wp-content\/uploads\/2025\/12\/Presentazione-guida-2-300x300.jpg",300,300,true],"thumbrelated":["https:\/\/imagazine.it\/wp-content\/uploads\/2025\/12\/Presentazione-guida-2-500x500.jpg",500,500,true],"meccarouselthumb":["https:\/\/imagazine.it\/wp-content\/uploads\/2025\/12\/Presentazione-guida-2-474x324.jpg",474,324,true],"gridsquare":["https:\/\/imagazine.it\/wp-content\/uploads\/2025\/12\/Presentazione-guida-2-391x260.jpg",391,260,true],"tileview":["https:\/\/imagazine.it\/wp-content\/uploads\/2025\/12\/Presentazione-guida-2-300x400.jpg",300,400,true],"1536x1536":["https:\/\/imagazine.it\/wp-content\/uploads\/2025\/12\/Presentazione-guida-2.jpg",1366,837,false],"2048x2048":["https:\/\/imagazine.it\/wp-content\/uploads\/2025\/12\/Presentazione-guida-2.jpg",1366,837,false],"newsup-slider-full":["https:\/\/imagazine.it\/wp-content\/uploads\/2025\/12\/Presentazione-guida-2-1280x720.jpg",1280,720,true],"newsup-featured":["https:\/\/imagazine.it\/wp-content\/uploads\/2025\/12\/Presentazione-guida-2-1024x627.jpg",1024,627,true],"newsup-medium":["https:\/\/imagazine.it\/wp-content\/uploads\/2025\/12\/Presentazione-guida-2-720x380.jpg",720,380,true],"tptn_thumbnail":["https:\/\/imagazine.it\/wp-content\/uploads\/2025\/12\/Presentazione-guida-2-250x210.jpg",250,210,true],"sow-carousel-default":["https:\/\/imagazine.it\/wp-content\/uploads\/2025\/12\/Presentazione-guida-2-272x182.jpg",272,182,true]},"rttpg_author":{"display_name":"redazione","author_link":"https:\/\/imagazine.it\/home_desk\/author\/redazione\/"},"rttpg_comment":0,"rttpg_category":"<a href=\"https:\/\/imagazine.it\/home_desk\/category\/turismo\/\" rel=\"category tag\">TURISMO<\/a>","rttpg_excerpt":"Presentata \u201cLa Via del Leone\u201d, un itinerario cicloturistico di oltre 500 km che collega le due citt\u00e0 e Peschiera del Garda nell'ambito della progettualit\u00e0 UNESCO","_links":{"self":[{"href":"https:\/\/imagazine.it\/home_desk\/wp-json\/wp\/v2\/posts\/70288","targetHints":{"allow":["GET"]}}],"collection":[{"href":"https:\/\/imagazine.it\/home_desk\/wp-json\/wp\/v2\/posts"}],"about":[{"href":"https:\/\/imagazine.it\/home_desk\/wp-json\/wp\/v2\/types\/post"}],"author":[{"embeddable":true,"href":"https:\/\/imagazine.it\/home_desk\/wp-json\/wp\/v2\/users\/28"}],"replies":[{"embeddable":true,"href":"https:\/\/imagazine.it\/home_desk\/wp-json\/wp\/v2\/comments?post=70288"}],"version-history":[{"count":2,"href":"https:\/\/imagazine.it\/home_desk\/wp-json\/wp\/v2\/posts\/70288\/revisions"}],"predecessor-version":[{"id":70292,"href":"https:\/\/imagazine.it\/home_desk\/wp-json\/wp\/v2\/posts\/70288\/revisions\/70292"}],"wp:featuredmedia":[{"embeddable":true,"href":"https:\/\/imagazine.it\/home_desk\/wp-json\/wp\/v2\/media\/70290"}],"wp:attachment":[{"href":"https:\/\/imagazine.it\/home_desk\/wp-json\/wp\/v2\/media?parent=70288"}],"wp:term":[{"taxonomy":"category","embeddable":true,"href":"https:\/\/imagazine.it\/home_desk\/wp-json\/wp\/v2\/categories?post=70288"},{"taxonomy":"post_tag","embeddable":true,"href":"https:\/\/imagazine.it\/home_desk\/wp-json\/wp\/v2\/tags?post=70288"}],"curies":[{"name":"wp","href":"https:\/\/api.w.org\/{rel}","templated":true}]}}