{"id":70225,"date":"2025-12-12T15:31:09","date_gmt":"2025-12-12T14:31:09","guid":{"rendered":"https:\/\/imagazine.it\/home_desk\/?p=70225"},"modified":"2025-12-15T13:05:09","modified_gmt":"2025-12-15T12:05:09","slug":"aula-multisensoriale-alla-primaria-di-palmanova","status":"publish","type":"post","link":"https:\/\/imagazine.it\/home_desk\/aula-multisensoriale-alla-primaria-di-palmanova\/","title":{"rendered":"Aula multisensoriale alla primaria di Palmanova"},"content":{"rendered":"<p><span style=\"font-size: 10pt;\"><em>Rendering dell&#8217;aula multisensoriale <\/em><\/span><\/p>\n<p>PALMANOVA \u2013 Il Comune di Palmanova ha ottenuto un finanziamento dalla Regione Friuli Venezia Giulia di <strong>20.000 euro<\/strong> per la realizzazione di una\u00a0<strong>nuova aula multisensoriale alla Scuola Primaria \u201cDante\u201d<\/strong>, parte dell\u2019Istituto Comprensivo Palmanova \u2013 Destra Torre.<\/p>\n<p>L\u2019aula multisensoriale, basata su evidenze neuroscientifiche, offrir\u00e0 uno spazio innovativo progettato per stimolare i cinque sensi e favorire concentrazione, autoregolazione emotiva, benessere e apprendimento attivo, grazie a strumenti immersivi e arredi dedicati.<\/p>\n<p>Dentro troveranno spazio\u00a0<strong>un\u2019area giochi e relax<\/strong>\u00a0con una piscina di palline colorate, morbide poltrone e tappeti vicino a un\u2019area di proiezione e\u00a0<strong>un\u2019area studio<\/strong>\u00a0con un tavolo esagonale per attivit\u00e0 didattiche, cubi per il gioco e una libreria mobile.<\/p>\n<p>Le pareti saranno rivestite di pannelli morbidi contro gli urti accidentali e di fasci di luci per gli stimoli visivi, coperte e tende per favorire la tattilit\u00e0, un proiettore creer\u00e0 un\u2019atmosfera magica e rilassante, un tubo a bolle offrir\u00e0 un\u2019esperienza visiva stimolante, specchi deformanti per esplorare l\u2019immagine del proprio corpo in modo giocoso e promuovere l\u2019accettazione di s\u00e9.<\/p>\n<p>Il progetto educativo, intitolato \u201c<em>Un\u2019avventura nei sensi: creiamo l\u2019aula del futuro<\/em>\u201d, nasce per rispondere alle esigenze di un istituto che oggi\u00a0<strong>accoglie 176 alunni, di cui il 30% con Bisogni Educativi Speciali (BES)<\/strong>.<strong>\u00a0<\/strong><\/p>\n<p>\u00abLo spazio rappresenta un investimento concreto nel futuro dei nostri ragazzi, progettato per valorizzare i talenti di ciascuno con un approccio moderno, inclusivo e attento alle diversit\u00e0\u00bb, sottolinea il sindaco\u00a0<strong>Giuseppe Tellini<\/strong>.<\/p>\n<p>\u00ab\u00c8 un progetto che arricchisce l\u2019offerta formativa alla scuola Dante, offrendo un servizio innovativo ai ragazzi che pi\u00f9 necessitano di aiuto e supporto. Palmanova continua a credere in un modello di istruzione che valorizza ogni studente, senza lasciare indietro nessuno\u00bb, aggiunge l\u2019assessora all\u2019Istruzione e alle Pari Opportunit\u00e0,\u00a0<strong>Simonetta Comand<\/strong><\/p>\n<p>\u00abIn un contesto caratterizzato da un aumento di fragilit\u00e0 e disabilit\u00e0, cresce la domanda di servizi capaci di migliorare le condizioni di apprendimento nelle scuole. Servono sempre pi\u00f9 strumenti, come le aule multisensoriali gi\u00e0 finanziate, per rispondere pienamente alle esigenze del territorio regionale. Proprio per andare in questa direzione, ho gi\u00e0 presentato un emendamento per far scorrere le graduatorie e poter far diventare finalmente realt\u00e0 aule multisensoriali in altri 11 comuni del FVG\u00bb, afferma il consigliere comunale e regionale\u00a0<strong>Francesco Martines<\/strong>.<\/p>\n","protected":false},"excerpt":{"rendered":"<p>Grazie a un finanziamento regionale di 20 mila euro. Uno spazio dove stimolare i cinque sensi, dedicato a chi ha Bisogni Educativi Speciali<\/p>\n","protected":false},"author":28,"featured_media":70226,"comment_status":"closed","ping_status":"closed","sticky":false,"template":"","format":"image","meta":{"dwc-title":[""],"dwc-content":[""],"footnotes":""},"categories":[5],"tags":[885,154,129,128],"class_list":["post-70225","post","type-post","status-publish","format-image","has-post-thumbnail","hentry","category-attualita","tag-inclusione","tag-palmanova","tag-scuola","tag-studenti","post_format-post-format-image"],"rttpg_featured_image_url":{"full":["https:\/\/imagazine.it\/wp-content\/uploads\/2025\/12\/aula-multisensoriale.jpg",1366,743,false],"landscape":["https:\/\/imagazine.it\/wp-content\/uploads\/2025\/12\/aula-multisensoriale.jpg",1366,743,false],"portraits":["https:\/\/imagazine.it\/wp-content\/uploads\/2025\/12\/aula-multisensoriale.jpg",1366,743,false],"thumbnail":["https:\/\/imagazine.it\/wp-content\/uploads\/2025\/12\/aula-multisensoriale-150x150.jpg",150,150,true],"medium":["https:\/\/imagazine.it\/wp-content\/uploads\/2025\/12\/aula-multisensoriale-300x163.jpg",300,163,true],"large":["https:\/\/imagazine.it\/wp-content\/uploads\/2025\/12\/aula-multisensoriale-1024x557.jpg",640,348,true],"thumblist":["https:\/\/imagazine.it\/wp-content\/uploads\/2025\/12\/aula-multisensoriale-300x300.jpg",300,300,true],"thumbrelated":["https:\/\/imagazine.it\/wp-content\/uploads\/2025\/12\/aula-multisensoriale-500x500.jpg",500,500,true],"meccarouselthumb":["https:\/\/imagazine.it\/wp-content\/uploads\/2025\/12\/aula-multisensoriale-474x324.jpg",474,324,true],"gridsquare":["https:\/\/imagazine.it\/wp-content\/uploads\/2025\/12\/aula-multisensoriale-391x260.jpg",391,260,true],"tileview":["https:\/\/imagazine.it\/wp-content\/uploads\/2025\/12\/aula-multisensoriale-300x400.jpg",300,400,true],"1536x1536":["https:\/\/imagazine.it\/wp-content\/uploads\/2025\/12\/aula-multisensoriale.jpg",1366,743,false],"2048x2048":["https:\/\/imagazine.it\/wp-content\/uploads\/2025\/12\/aula-multisensoriale.jpg",1366,743,false],"newsup-slider-full":["https:\/\/imagazine.it\/wp-content\/uploads\/2025\/12\/aula-multisensoriale-1280x720.jpg",1280,720,true],"newsup-featured":["https:\/\/imagazine.it\/wp-content\/uploads\/2025\/12\/aula-multisensoriale-1024x557.jpg",1024,557,true],"newsup-medium":["https:\/\/imagazine.it\/wp-content\/uploads\/2025\/12\/aula-multisensoriale-720x380.jpg",720,380,true],"tptn_thumbnail":["https:\/\/imagazine.it\/wp-content\/uploads\/2025\/12\/aula-multisensoriale-250x210.jpg",250,210,true],"sow-carousel-default":["https:\/\/imagazine.it\/wp-content\/uploads\/2025\/12\/aula-multisensoriale-272x182.jpg",272,182,true]},"rttpg_author":{"display_name":"redazione","author_link":"https:\/\/imagazine.it\/home_desk\/author\/redazione\/"},"rttpg_comment":0,"rttpg_category":"<a href=\"https:\/\/imagazine.it\/home_desk\/category\/attualita\/\" rel=\"category tag\">ATTUALIT\u00c0<\/a>","rttpg_excerpt":"Grazie a un finanziamento regionale di 20 mila euro. Uno spazio dove stimolare i cinque sensi, dedicato a chi ha Bisogni Educativi Speciali","_links":{"self":[{"href":"https:\/\/imagazine.it\/home_desk\/wp-json\/wp\/v2\/posts\/70225","targetHints":{"allow":["GET"]}}],"collection":[{"href":"https:\/\/imagazine.it\/home_desk\/wp-json\/wp\/v2\/posts"}],"about":[{"href":"https:\/\/imagazine.it\/home_desk\/wp-json\/wp\/v2\/types\/post"}],"author":[{"embeddable":true,"href":"https:\/\/imagazine.it\/home_desk\/wp-json\/wp\/v2\/users\/28"}],"replies":[{"embeddable":true,"href":"https:\/\/imagazine.it\/home_desk\/wp-json\/wp\/v2\/comments?post=70225"}],"version-history":[{"count":2,"href":"https:\/\/imagazine.it\/home_desk\/wp-json\/wp\/v2\/posts\/70225\/revisions"}],"predecessor-version":[{"id":70228,"href":"https:\/\/imagazine.it\/home_desk\/wp-json\/wp\/v2\/posts\/70225\/revisions\/70228"}],"wp:featuredmedia":[{"embeddable":true,"href":"https:\/\/imagazine.it\/home_desk\/wp-json\/wp\/v2\/media\/70226"}],"wp:attachment":[{"href":"https:\/\/imagazine.it\/home_desk\/wp-json\/wp\/v2\/media?parent=70225"}],"wp:term":[{"taxonomy":"category","embeddable":true,"href":"https:\/\/imagazine.it\/home_desk\/wp-json\/wp\/v2\/categories?post=70225"},{"taxonomy":"post_tag","embeddable":true,"href":"https:\/\/imagazine.it\/home_desk\/wp-json\/wp\/v2\/tags?post=70225"}],"curies":[{"name":"wp","href":"https:\/\/api.w.org\/{rel}","templated":true}]}}