{"id":70173,"date":"2025-12-10T18:01:36","date_gmt":"2025-12-10T17:01:36","guid":{"rendered":"https:\/\/imagazine.it\/home_desk\/?p=70173"},"modified":"2025-12-10T18:01:36","modified_gmt":"2025-12-10T17:01:36","slug":"campolongo-tapogliano-scopre-la-nuova-pro-loco","status":"publish","type":"post","link":"https:\/\/imagazine.it\/home_desk\/campolongo-tapogliano-scopre-la-nuova-pro-loco\/","title":{"rendered":"Campolongo Tapogliano scopre la nuova Pro Loco"},"content":{"rendered":"<p><span style=\"font-size: 10pt;\"><em>L&#8217;intervento della presidente D&#8217;Ambrosio<\/em><\/span><\/p>\n<p>CAMPOLONGO TAPOGLIANO \u2013 Presso la Sala Civica del Comune si \u00e8 tenuta la presentazione ufficiale della <strong>nuova Pro Loco di Campolongo Tapogliano<\/strong>, recentemente costituita.<\/p>\n<p>L&#8217;incontro \u00e8 stato aperto dalla presidente, <strong>Helene D\u2019Ambrosio<\/strong>, che ha espresso un sentito ringraziamento al sindaco <strong>Gabriele Gregorat<\/strong> per il sostegno fornito dall\u2019amministrazione comunale.<\/p>\n<p>\u00c8 stata subito tracciata la linea guida dell\u2019associazione, la Pro Loco viene definita non solo con il suo Direttivo, ma come parte dell\u2019intera comunit\u00e0: l&#8217;associazione vuole infatti diventare un luogo di ascolto, partecipazione e condivisione.<\/p>\n<p>Forte di un&#8217;esperienza quarantennale nel settore turistico, D\u2019Ambrosio ha illustrato la visione programmatica: la Pro Loco si prefigge di creare occasioni di valorizzazione del territorio, di socialit\u00e0 e di crescita collettiva, puntando al coinvolgimento attivo del maggior numero possibile di cittadini.<\/p>\n<p>Il Direttivo dell\u2019associazione si presenta con un team eterogeneo, composto da figure provenienti da diversi ambiti professionali. La vicepresidenza \u00e8 affidata ad <strong>Andreina Furlan<\/strong>, mentre <strong>Martine Martin<\/strong> ricopre il ruolo di segretaria, affiancata da <strong>Monica Delpin<\/strong>. La tesoreria \u00e8 stata assegnata a <strong>Maurizio Dilena<\/strong>; la logistica sar\u00e0 seguita da <strong>Mario Plett<\/strong> e <strong>Francesco Russiani<\/strong>; <strong>Matteo Ferlizza<\/strong> si occuper\u00e0 dell\u2019area Social e Comunicazione. Completano il gruppo i membri <strong>Erica Zorba<\/strong>, <strong>Alessandra Zanolla<\/strong> e <strong>Marco Paolini<\/strong>.<\/p>\n<p>A portare il loro saluto istituzionale sono intervenuti anche i rappresentanti dell\u2019UNPLI \u2013 Unione Nazionale delle Pro Loco d\u2019Italia, il presidente regionale<strong> Pietro De Marchi<\/strong>, il consigliere regionale <strong>Manuel Di Giusto<\/strong> e <strong>Marco Specia<\/strong>, segretario generale dell\u2019ente.<\/p>\n<p>Gli ospiti hanno espresso apprezzamento per il nuovo percorso intrapreso dalla Pro Loco, accompagnando il loro intervento con suggerimenti e incoraggiamenti per le iniziative future.<\/p>\n<p>Nel corso della serata sono stati illustrati i principali ambiti nei quali l\u2019associazione concentrer\u00e0 la propria attivit\u00e0: attenzione ai giovani, supporto agli anziani, cura del verde e del territorio e servizi di prossimit\u00e0 a favore della comunit\u00e0.<\/p>\n<p>La presentazione si \u00e8 conclusa con un invito rivolto a tutti i cittadini: aderire alla Pro Loco e contribuire alla costruzione di un percorso condiviso, capace di valorizzare la comunit\u00e0, le sue esigenze e le sue potenzialit\u00e0.<\/p>\n","protected":false},"excerpt":{"rendered":"<p>Presentazione ufficiale nella sala civica del Comune. Presidenza affidata a Helene D\u2019Ambrosio. Ecco tutta la squadra<\/p>\n","protected":false},"author":22,"featured_media":70174,"comment_status":"closed","ping_status":"closed","sticky":false,"template":"","format":"image","meta":{"dwc-title":[""],"dwc-content":[""],"footnotes":""},"categories":[5],"tags":[376,1158,377,214],"class_list":["post-70173","post","type-post","status-publish","format-image","has-post-thumbnail","hentry","category-attualita","tag-campolongo","tag-pro-loco","tag-tapogliano","tag-volontariato","post_format-post-format-image"],"rttpg_featured_image_url":{"full":["https:\/\/imagazine.it\/wp-content\/uploads\/2025\/12\/pro-loco-campo-tapo-01.jpg",1366,661,false],"landscape":["https:\/\/imagazine.it\/wp-content\/uploads\/2025\/12\/pro-loco-campo-tapo-01.jpg",1366,661,false],"portraits":["https:\/\/imagazine.it\/wp-content\/uploads\/2025\/12\/pro-loco-campo-tapo-01.jpg",1366,661,false],"thumbnail":["https:\/\/imagazine.it\/wp-content\/uploads\/2025\/12\/pro-loco-campo-tapo-01-150x150.jpg",150,150,true],"medium":["https:\/\/imagazine.it\/wp-content\/uploads\/2025\/12\/pro-loco-campo-tapo-01-300x145.jpg",300,145,true],"large":["https:\/\/imagazine.it\/wp-content\/uploads\/2025\/12\/pro-loco-campo-tapo-01-1024x496.jpg",640,310,true],"thumblist":["https:\/\/imagazine.it\/wp-content\/uploads\/2025\/12\/pro-loco-campo-tapo-01-300x300.jpg",300,300,true],"thumbrelated":["https:\/\/imagazine.it\/wp-content\/uploads\/2025\/12\/pro-loco-campo-tapo-01-500x500.jpg",500,500,true],"meccarouselthumb":["https:\/\/imagazine.it\/wp-content\/uploads\/2025\/12\/pro-loco-campo-tapo-01-474x324.jpg",474,324,true],"gridsquare":["https:\/\/imagazine.it\/wp-content\/uploads\/2025\/12\/pro-loco-campo-tapo-01-391x260.jpg",391,260,true],"tileview":["https:\/\/imagazine.it\/wp-content\/uploads\/2025\/12\/pro-loco-campo-tapo-01-300x400.jpg",300,400,true],"1536x1536":["https:\/\/imagazine.it\/wp-content\/uploads\/2025\/12\/pro-loco-campo-tapo-01.jpg",1366,661,false],"2048x2048":["https:\/\/imagazine.it\/wp-content\/uploads\/2025\/12\/pro-loco-campo-tapo-01.jpg",1366,661,false],"newsup-slider-full":["https:\/\/imagazine.it\/wp-content\/uploads\/2025\/12\/pro-loco-campo-tapo-01-1280x661.jpg",1280,661,true],"newsup-featured":["https:\/\/imagazine.it\/wp-content\/uploads\/2025\/12\/pro-loco-campo-tapo-01-1024x496.jpg",1024,496,true],"newsup-medium":["https:\/\/imagazine.it\/wp-content\/uploads\/2025\/12\/pro-loco-campo-tapo-01-720x380.jpg",720,380,true],"tptn_thumbnail":["https:\/\/imagazine.it\/wp-content\/uploads\/2025\/12\/pro-loco-campo-tapo-01-250x210.jpg",250,210,true],"sow-carousel-default":["https:\/\/imagazine.it\/wp-content\/uploads\/2025\/12\/pro-loco-campo-tapo-01-272x182.jpg",272,182,true]},"rttpg_author":{"display_name":"Livio Nonis","author_link":"https:\/\/imagazine.it\/home_desk\/author\/nonis\/"},"rttpg_comment":0,"rttpg_category":"<a href=\"https:\/\/imagazine.it\/home_desk\/category\/attualita\/\" rel=\"category tag\">ATTUALIT\u00c0<\/a>","rttpg_excerpt":"Presentazione ufficiale nella sala civica del Comune. Presidenza affidata a Helene D\u2019Ambrosio. Ecco tutta la squadra","_links":{"self":[{"href":"https:\/\/imagazine.it\/home_desk\/wp-json\/wp\/v2\/posts\/70173","targetHints":{"allow":["GET"]}}],"collection":[{"href":"https:\/\/imagazine.it\/home_desk\/wp-json\/wp\/v2\/posts"}],"about":[{"href":"https:\/\/imagazine.it\/home_desk\/wp-json\/wp\/v2\/types\/post"}],"author":[{"embeddable":true,"href":"https:\/\/imagazine.it\/home_desk\/wp-json\/wp\/v2\/users\/22"}],"replies":[{"embeddable":true,"href":"https:\/\/imagazine.it\/home_desk\/wp-json\/wp\/v2\/comments?post=70173"}],"version-history":[{"count":1,"href":"https:\/\/imagazine.it\/home_desk\/wp-json\/wp\/v2\/posts\/70173\/revisions"}],"predecessor-version":[{"id":70175,"href":"https:\/\/imagazine.it\/home_desk\/wp-json\/wp\/v2\/posts\/70173\/revisions\/70175"}],"wp:featuredmedia":[{"embeddable":true,"href":"https:\/\/imagazine.it\/home_desk\/wp-json\/wp\/v2\/media\/70174"}],"wp:attachment":[{"href":"https:\/\/imagazine.it\/home_desk\/wp-json\/wp\/v2\/media?parent=70173"}],"wp:term":[{"taxonomy":"category","embeddable":true,"href":"https:\/\/imagazine.it\/home_desk\/wp-json\/wp\/v2\/categories?post=70173"},{"taxonomy":"post_tag","embeddable":true,"href":"https:\/\/imagazine.it\/home_desk\/wp-json\/wp\/v2\/tags?post=70173"}],"curies":[{"name":"wp","href":"https:\/\/api.w.org\/{rel}","templated":true}]}}