{"id":70167,"date":"2025-12-10T17:39:15","date_gmt":"2025-12-10T16:39:15","guid":{"rendered":"https:\/\/imagazine.it\/home_desk\/?p=70167"},"modified":"2025-12-12T11:24:35","modified_gmt":"2025-12-12T10:24:35","slug":"udine-eccellenza-nei-media-audiovisivi-digitali-e-artificiali","status":"publish","type":"post","link":"https:\/\/imagazine.it\/home_desk\/udine-eccellenza-nei-media-audiovisivi-digitali-e-artificiali\/","title":{"rendered":"Udine eccellenza nei media audiovisivi, digitali e artificiali"},"content":{"rendered":"<p><span style=\"font-size: 10pt;\"><em>Alcune delle strumentazioni del MediaLab<\/em><\/span><\/p>\n<p>UDINE \u2013 Un <strong>laboratorio di eccellenza nel campo dei media audiovisivi, digitali e artificiali <\/strong>dedicato alla ricerca, alla progettazione e alla formazione di figure professionali innovative.<\/p>\n<p>\u00c8 il <span style=\"text-decoration: underline;\"><a href=\"https:\/\/www.medialabudine.it\/\" target=\"_blank\" rel=\"noopener\"><strong>MediaLab<\/strong> <strong>dell\u2019Universit\u00e0 di Udine<\/strong><\/a><\/span>, il 33esimo laboratorio, inaugurato oggi, del <strong>Lab Village<\/strong>, l\u2019hub della ricerca integrata e mista con le imprese dell\u2019Ateneo friulano.<\/p>\n<p>Si tratta del primo laboratorio a orientamento umanistico, ma ad alto coefficiente tecnologico, che ha sede nel Village.<\/p>\n<p>Il MediaLab \u00e8 una struttura multifunzionale di 600 metri quadrati, articolata in nove ambienti di lavoro attrezzati, in particolare di un teatro di posa dotato di tecnologie digitali, fra i pochi presenti negli atenei italiani. L\u2019Ateneo lo ha realizzato grazie anche al sostegno del Ministero dell\u2019universit\u00e0 e della ricerca, della Regione Friuli Venezia Giulia, della Fondazione Friuli e del consorzio Inest.<\/p>\n<h3><strong>Che cos\u2019\u00e8 <\/strong><\/h3>\n<p>Il laboratorio riunisce in unico spazio produzione e post-produzione virtuale e multimediale, arti performative e preservazione, restauro e curatela del patrimonio audiovisivo.<\/p>\n<p>Una filiera virtuosa frutto di un expertise maturata in 25 anni di attivit\u00e0 di ricerca, progettuale e di didattica applicata. In questi ambiti gli studiosi dell\u2019Ateneo vantano, infatti, una lunga e consolidata collaborazione con l\u2019Archivio Storico Luce \u2013 Cinecitt\u00e0 e la Consulta universitaria del cinema.<\/p>\n<p>Il MediaLab \u00e8 guidato dalla responsabile scientifica <strong>Mariapia Comand<\/strong>, professoressa di Cinema del Dipartimento di Studi umanistici e del patrimonio culturale e coordinatrice del Gruppo di ricerca Cinema e Media.<\/p>\n<h3><strong>Ricerca e didattica laboratoriale<\/strong><\/h3>\n<p>Il MediaLab potenzia le attivit\u00e0 di preservazione, restauro e valorizzazione dell\u2019audiovisivo avviata nel 2000 dal laboratorio \u201cLa Camera ottica \u2013 Media preservation and restoration\u201d.<\/p>\n<p>Per la didattica laboratoriale \u00e8 il naturale punto di riferimento degli studenti dei corsi di laurea triennale in Discipline dell\u2019audiovisivo, dei media e dello spettacolo \u2013 Dams, magistrale in Scienze del patrimonio audiovisivo e dell\u2019educazione ai media a del corso di dottorato in Storia dell\u2019arte, cinema, media audiovisivi e musica.<\/p>\n<p>Centrale la sua funzione anche per i partecipanti a master, scuole internazionali intensive, corsi di perfezionamento, workshop e seminari.<\/p>\n<h3><strong>Dal restauro alla sperimentazione con l\u2019intelligenza artificiale<\/strong><\/h3>\n<p>Il MediaLab rafforza pi\u00f9 asset di ricerca nel campo degli studi di cinema e media dell\u2019Universit\u00e0 di Udine. Con progetti, sperimentazioni, brevetti e trasferimento tecnologico consente lo sviluppo di opportunit\u00e0 di cooperazione accademica interdisciplinare e con le realt\u00e0 professionali dell\u2019industria mediatica e dell\u2019audiovisivo.<\/p>\n<p>In particolare, grazie alla sperimentazione delle nuove frontiere tecnologiche per la produzione e la post-produzione audiovisiva applicando l\u2019intelligenza artificiale e la <em>virtual production<\/em>. E applicando i metodi e le tecnologie digitali per preservare, restaurare e valorizzare il patrimonio audiovisivo e mediale in collaborazione con le maggiori istituzioni archivistiche italiane ed europee.<\/p>\n<h3><strong>Il taglio del nastro<\/strong><\/h3>\n<p>All\u2019inaugurazione sono intervenuti: per l\u2019Universit\u00e0 di Udine, il rettore <strong>Angelo Montantari<\/strong>, la direttrice del Dipartimento di Studi umanistici e del patrimonio culturale, <strong>Linda Borean<\/strong>, la responsabile scientifica del Medialab, <strong>Mariapia Comand<\/strong>, e l\u2019ex rettore <strong>Roberto Pinton<\/strong>; l\u2019assessore ai rapporti con l\u2019universit\u00e0, cultura e istruzione del Comune di Udine, <strong>Federico Pirone<\/strong>; il vicepresidente della Fondazione Friuli, <strong>Guido Nassimbeni<\/strong>, e la responsabile dell\u2019Ufficio studi, ricerche, didattica e biblioteca dell\u2019Archivio Storico Luce \u2013 Cinecitt\u00e0, <strong>Patrizia Cacciani<\/strong>. Alla cerimonia \u00e8 seguita una visita guidata.<\/p>\n<figure id=\"attachment_70168\" aria-describedby=\"caption-attachment-70168\" style=\"width: 800px\" class=\"wp-caption aligncenter\"><img loading=\"lazy\" decoding=\"async\" class=\"size-full wp-image-70168\" src=\"https:\/\/imagazine.it\/wp-content\/uploads\/2025\/12\/Foto-di-gruppo-con-autorita-ospiti-docenti-e-studenti-1.jpg\" alt=\"\" width=\"800\" height=\"481\" title=\"\" srcset=\"https:\/\/imagazine.it\/wp-content\/uploads\/2025\/12\/Foto-di-gruppo-con-autorita-ospiti-docenti-e-studenti-1.jpg 800w, https:\/\/imagazine.it\/wp-content\/uploads\/2025\/12\/Foto-di-gruppo-con-autorita-ospiti-docenti-e-studenti-1-300x180.jpg 300w, https:\/\/imagazine.it\/wp-content\/uploads\/2025\/12\/Foto-di-gruppo-con-autorita-ospiti-docenti-e-studenti-1-768x462.jpg 768w\" sizes=\"auto, (max-width: 800px) 100vw, 800px\" \/><figcaption id=\"caption-attachment-70168\" class=\"wp-caption-text\">Foto di gruppo con autorit\u00e0, ospiti, docenti e studenti<\/figcaption><\/figure>\n<h3><strong>Il tour del laboratorio<\/strong><\/h3>\n<p>Il tour del MediaLab \u00e8 partito dal virtual set progettato da <strong>Giacomo Vidoni<\/strong>, con installazioni realizzate dagli studenti di <strong>Letizia Monda<\/strong> del Dams. <strong>Simone Dotto<\/strong> ha poi illustrato le iniziative di ricerca e formazione su <em>Virtual production<\/em> e intelligenza artificiale.<\/p>\n<p>La Sala cinema \u00e8 stata presentata da <strong>Andrea Mariani<\/strong> e <strong>Gianandrea Sasso<\/strong>, ciceroni degli interventi di \u201crestauro del colore\u201d. <strong>Cosetta Saba<\/strong> e <strong>Simone Venturini<\/strong> hanno condotto gli ospiti negli spazi della \u201cCamera ottica\u201d, lo storico laboratorio sul patrimonio audiovisivo del gruppo Cinema, leader nel restauro dei piccoli formati.<\/p>\n","protected":false},"excerpt":{"rendered":"<p>Nasce Medialab: in 600 metri quadrati nove ambiti laboratoriali, dal restauro alla sperimentazione con l\u2019intelligenza artificiale, un teatro di posa digitale fra i pochi in Italia e una regia mobile<\/p>\n","protected":false},"author":28,"featured_media":70169,"comment_status":"closed","ping_status":"closed","sticky":false,"template":"","format":"image","meta":{"dwc-title":[""],"dwc-content":[""],"footnotes":""},"categories":[5],"tags":[3656,976,101,206],"class_list":["post-70167","post","type-post","status-publish","format-image","has-post-thumbnail","hentry","category-attualita","tag-audiovisivo","tag-tecnologia","tag-udine","tag-uniud","post_format-post-format-image"],"rttpg_featured_image_url":{"full":["https:\/\/imagazine.it\/wp-content\/uploads\/2025\/12\/MediaLab.jpg",1366,776,false],"landscape":["https:\/\/imagazine.it\/wp-content\/uploads\/2025\/12\/MediaLab.jpg",1366,776,false],"portraits":["https:\/\/imagazine.it\/wp-content\/uploads\/2025\/12\/MediaLab.jpg",1366,776,false],"thumbnail":["https:\/\/imagazine.it\/wp-content\/uploads\/2025\/12\/MediaLab-150x150.jpg",150,150,true],"medium":["https:\/\/imagazine.it\/wp-content\/uploads\/2025\/12\/MediaLab-300x170.jpg",300,170,true],"large":["https:\/\/imagazine.it\/wp-content\/uploads\/2025\/12\/MediaLab-1024x582.jpg",640,364,true],"thumblist":["https:\/\/imagazine.it\/wp-content\/uploads\/2025\/12\/MediaLab-300x300.jpg",300,300,true],"thumbrelated":["https:\/\/imagazine.it\/wp-content\/uploads\/2025\/12\/MediaLab-500x500.jpg",500,500,true],"meccarouselthumb":["https:\/\/imagazine.it\/wp-content\/uploads\/2025\/12\/MediaLab-474x324.jpg",474,324,true],"gridsquare":["https:\/\/imagazine.it\/wp-content\/uploads\/2025\/12\/MediaLab-391x260.jpg",391,260,true],"tileview":["https:\/\/imagazine.it\/wp-content\/uploads\/2025\/12\/MediaLab-300x400.jpg",300,400,true],"1536x1536":["https:\/\/imagazine.it\/wp-content\/uploads\/2025\/12\/MediaLab.jpg",1366,776,false],"2048x2048":["https:\/\/imagazine.it\/wp-content\/uploads\/2025\/12\/MediaLab.jpg",1366,776,false],"newsup-slider-full":["https:\/\/imagazine.it\/wp-content\/uploads\/2025\/12\/MediaLab-1280x720.jpg",1280,720,true],"newsup-featured":["https:\/\/imagazine.it\/wp-content\/uploads\/2025\/12\/MediaLab-1024x582.jpg",1024,582,true],"newsup-medium":["https:\/\/imagazine.it\/wp-content\/uploads\/2025\/12\/MediaLab-720x380.jpg",720,380,true],"tptn_thumbnail":["https:\/\/imagazine.it\/wp-content\/uploads\/2025\/12\/MediaLab-250x210.jpg",250,210,true],"sow-carousel-default":["https:\/\/imagazine.it\/wp-content\/uploads\/2025\/12\/MediaLab-272x182.jpg",272,182,true]},"rttpg_author":{"display_name":"redazione","author_link":"https:\/\/imagazine.it\/home_desk\/author\/redazione\/"},"rttpg_comment":0,"rttpg_category":"<a href=\"https:\/\/imagazine.it\/home_desk\/category\/attualita\/\" rel=\"category tag\">ATTUALIT\u00c0<\/a>","rttpg_excerpt":"Nasce Medialab: in 600 metri quadrati nove ambiti laboratoriali, dal restauro alla sperimentazione con l\u2019intelligenza artificiale, un teatro di posa digitale fra i pochi in Italia e una regia mobile","_links":{"self":[{"href":"https:\/\/imagazine.it\/home_desk\/wp-json\/wp\/v2\/posts\/70167","targetHints":{"allow":["GET"]}}],"collection":[{"href":"https:\/\/imagazine.it\/home_desk\/wp-json\/wp\/v2\/posts"}],"about":[{"href":"https:\/\/imagazine.it\/home_desk\/wp-json\/wp\/v2\/types\/post"}],"author":[{"embeddable":true,"href":"https:\/\/imagazine.it\/home_desk\/wp-json\/wp\/v2\/users\/28"}],"replies":[{"embeddable":true,"href":"https:\/\/imagazine.it\/home_desk\/wp-json\/wp\/v2\/comments?post=70167"}],"version-history":[{"count":3,"href":"https:\/\/imagazine.it\/home_desk\/wp-json\/wp\/v2\/posts\/70167\/revisions"}],"predecessor-version":[{"id":70172,"href":"https:\/\/imagazine.it\/home_desk\/wp-json\/wp\/v2\/posts\/70167\/revisions\/70172"}],"wp:featuredmedia":[{"embeddable":true,"href":"https:\/\/imagazine.it\/home_desk\/wp-json\/wp\/v2\/media\/70169"}],"wp:attachment":[{"href":"https:\/\/imagazine.it\/home_desk\/wp-json\/wp\/v2\/media?parent=70167"}],"wp:term":[{"taxonomy":"category","embeddable":true,"href":"https:\/\/imagazine.it\/home_desk\/wp-json\/wp\/v2\/categories?post=70167"},{"taxonomy":"post_tag","embeddable":true,"href":"https:\/\/imagazine.it\/home_desk\/wp-json\/wp\/v2\/tags?post=70167"}],"curies":[{"name":"wp","href":"https:\/\/api.w.org\/{rel}","templated":true}]}}