{"id":70162,"date":"2025-12-10T17:09:10","date_gmt":"2025-12-10T16:09:10","guid":{"rendered":"https:\/\/imagazine.it\/home_desk\/?p=70162"},"modified":"2025-12-11T18:00:35","modified_gmt":"2025-12-11T17:00:35","slug":"spilimbergo-celebra-linventore-dei-giochi-paralimpici","status":"publish","type":"post","link":"https:\/\/imagazine.it\/home_desk\/spilimbergo-celebra-linventore-dei-giochi-paralimpici\/","title":{"rendered":"Spilimbergo celebra l&#8217;inventore dei Giochi Paralimpici"},"content":{"rendered":"<p><span style=\"font-size: 10pt;\"><em>(ph. Alice Durigatto)<\/em><\/span><\/p>\n<p>SPILIMBERGO \u2013 <strong>Intitolato di un gelseto ad Antonio Maglio<\/strong>, il\u00a0<strong>fondatore dei Giochi Paralimpici<\/strong>, nell\u2019ambito dell\u2019iniziativa \u201cLa memoria del legno\u201d di cui \u00e8 appunto capofila il Comune di Spilimbergo, promossa con la\u00a0<strong>Regione autonoma Friuli Venezia Giulia \u2013<\/strong>\u00a0Assessorato alla Cultura e Sport a cura di\u00a0<strong>Damatr\u00e0 onlus<\/strong>.<\/p>\n<p>\u00abUn progetto che esprime i principi del nuovo umanesimo: attraverso \u201c<strong><em>La memoria del legno<\/em><\/strong>\u201d,\u00a0intitolando gli alberi a grandi figure che hanno testimoniato la loro solidariet\u00e0 ai valori umani, componiamo a poco a poco\u00a0un mosaico prezioso che guarda al futuro, coinvolgendo attivamente le nuove generazioni\u00bb: ha affermato\u00a0il sindaco di Spilimbergo,<strong> Enrico Sarcinelli<\/strong>, introducendo la<strong>\u00a0<\/strong>cerimonia.<\/p>\n<p>L\u2019evento si \u00e8 svolto negli spazi esterni del\u00a0<strong>Centro Progetto Spilimbergo<\/strong>, che \u00e8\u00a0punto di riferimento a livello regionale per la riabilitazione estensiva, il conseguimento della massima autonomia e\u00a0l\u2019avviamento allo sport delle persone con disabilit\u00e0 da mielolesione.<\/p>\n<p>\u00abNon poteva esserci sede migliore per rendere omaggio ad Antonio Maglio, il medico neuropsichiatra che aveva intuito l\u2019\u00ecmportanza di estendere la partecipazione attiva ai Giochi Olimpici anche alle persone con disabilit\u00e0. In questo modo, attraverso\u00a0un incrocio virtuoso fra tematiche ambientali, sviluppo sociale e celebrazioni di grandi figure del nostro tempo,\u00a0possiamo contribuire ad accrescere la\u00a0<strong>Foresta dei Giusti del Friuli Venezia Giulia<\/strong>\u00bb, ha sottolineato ancora il sindaco Sarcinelli.<\/p>\n<p>Alla cerimonia di intitolazione hanno preso parte anche\u00a0l\u2019assessore comunale alla Cultura,<strong> Ester Filipuzzi<\/strong>,\u00a0e\u00a0un centinaio di studentesse e studenti dell\u2019<strong>IIS \u201cIl Tagliamento\u201d<\/strong>,\u00a0insieme al\u00a0docente<strong> Marco Pelosi<\/strong>, responsabile della Biblioteca IIS, coordinatore del lavoro dei giovani a scuola nell\u2019ambito del progetto.<\/p>\n<p>Nel corso della mattinata gli studenti e le studentesse hanno preso parte alla intitolazione \u201cmultimediale\u201d\u00a0<strong>dal vivo ai piedi del gelseto,<\/strong>\u00a0ascoltando i podcast realizzati da Damatr\u00e0 e poi prendendo parte alla decorazione degli alberi con\u00a0<strong>le campane in terracotta realizzate in classe<\/strong>: il gelseto\u00a0<strong>\u00e8 diventato cos\u00ec \u201ccustode\u201d della memoria del bene<\/strong>, e il suono delle campanelle ricorder\u00e0 a tutti che la memoria va coltivata con cura.<\/p>\n<p>Il neurologo<strong>\u00a0Antonio Maglio <\/strong>ha lasciato un segno indelebile nella storia del movimento paralimpico,\u00a0promuovendo una societ\u00e0 pi\u00f9 giusta e rispettosa nei confronti della disabilit\u00e0. Grazie a lui sono state appoggiate le fondamenta dei Giochi Paralimpici nella forma attuale, un evento che oggi mobilita milioni di spettatori e ha conquistato rispetto e popolarit\u00e0 in tutto il mondo.<\/p>\n<figure id=\"attachment_70164\" aria-describedby=\"caption-attachment-70164\" style=\"width: 800px\" class=\"wp-caption aligncenter\"><img loading=\"lazy\" decoding=\"async\" class=\"size-full wp-image-70164\" src=\"https:\/\/imagazine.it\/wp-content\/uploads\/2025\/12\/MdL25_Gelso_AntonioMaglio_Spilimbergo_085_Ph_AliceDurigatto.jpeg\" alt=\"\" width=\"800\" height=\"533\" title=\"\" srcset=\"https:\/\/imagazine.it\/wp-content\/uploads\/2025\/12\/MdL25_Gelso_AntonioMaglio_Spilimbergo_085_Ph_AliceDurigatto.jpeg 800w, https:\/\/imagazine.it\/wp-content\/uploads\/2025\/12\/MdL25_Gelso_AntonioMaglio_Spilimbergo_085_Ph_AliceDurigatto-300x200.jpeg 300w, https:\/\/imagazine.it\/wp-content\/uploads\/2025\/12\/MdL25_Gelso_AntonioMaglio_Spilimbergo_085_Ph_AliceDurigatto-768x512.jpeg 768w, https:\/\/imagazine.it\/wp-content\/uploads\/2025\/12\/MdL25_Gelso_AntonioMaglio_Spilimbergo_085_Ph_AliceDurigatto-391x260.jpeg 391w, https:\/\/imagazine.it\/wp-content\/uploads\/2025\/12\/MdL25_Gelso_AntonioMaglio_Spilimbergo_085_Ph_AliceDurigatto-272x182.jpeg 272w\" sizes=\"auto, (max-width: 800px) 100vw, 800px\" \/><figcaption id=\"caption-attachment-70164\" class=\"wp-caption-text\">Da sinistra Sarcinelli, Filipuzzi e Pelosi (ph. Alice Durigatto)<\/figcaption><\/figure>\n<p>Nell\u2019Italia degli anni \u201850, in cui le terapie e le cure riabilitative per le lesioni midollari erano ancora un campo in gran parte ignoto,\u00a0il neurologo pugliese sfid\u00f2 a lungo l\u2019inerzia e lo scetticismo di colleghi, di politici e di imprenditori. Con le sue intuizioni anticip\u00f2 il corso della storia e riusc\u00ec a ridare una vita normale ai paraplegici,\u00a0trasformando molti di loro in campioni dello sport.<\/p>\n<p>La sua utopia divenne realt\u00e0 nel settembre del 1960, quando all\u2019aeroporto romano di Ciampino iniziarono ad atterrare aerei carichi di uomini e donne che si appoggiavano alle stampelle e si muovevano su sedie a rotelle. Erano le delegazioni sportive che avrebbero preso parte alle prime Paralimpiadi della storia. Per due settimane, subito dopo la chiusura dei Giochi della XVII Olimpiade, circa 400 atleti in carrozzina provenienti da una ventina di Paesi in rappresentanza di cinque continenti si sfidarono negli impianti romani dell\u2019Acqua Acetosa in varie discipline, dalla scherma alla pallacanestro, dal nuoto all\u2019atletica, dal lancio del peso al tiro con l\u2019arco e tante altre ancora.<\/p>\n<p>Antonio Maglio \u00e8 mancato nel 1988 per un malore improvviso.<\/p>\n","protected":false},"excerpt":{"rendered":"<p>Intitolato ad Antonio Maglio un Gelseto al Centro progetto, riferimento FVG per l&#8217;avvio allo sport delle persone con disabilit\u00e0<\/p>\n","protected":false},"author":28,"featured_media":70163,"comment_status":"closed","ping_status":"closed","sticky":false,"template":"","format":"image","meta":{"dwc-title":[""],"dwc-content":[""],"footnotes":""},"categories":[5],"tags":[256,2152,302],"class_list":["post-70162","post","type-post","status-publish","format-image","has-post-thumbnail","hentry","category-attualita","tag-disabilita","tag-paralimpiadi","tag-spilimbergo","post_format-post-format-image"],"rttpg_featured_image_url":{"full":["https:\/\/imagazine.it\/wp-content\/uploads\/2025\/12\/MdL25_Gelso_AntonioMaglio_Spilimbergo_024_Ph_AliceDurigatto.jpeg",1366,763,false],"landscape":["https:\/\/imagazine.it\/wp-content\/uploads\/2025\/12\/MdL25_Gelso_AntonioMaglio_Spilimbergo_024_Ph_AliceDurigatto.jpeg",1366,763,false],"portraits":["https:\/\/imagazine.it\/wp-content\/uploads\/2025\/12\/MdL25_Gelso_AntonioMaglio_Spilimbergo_024_Ph_AliceDurigatto.jpeg",1366,763,false],"thumbnail":["https:\/\/imagazine.it\/wp-content\/uploads\/2025\/12\/MdL25_Gelso_AntonioMaglio_Spilimbergo_024_Ph_AliceDurigatto-150x150.jpeg",150,150,true],"medium":["https:\/\/imagazine.it\/wp-content\/uploads\/2025\/12\/MdL25_Gelso_AntonioMaglio_Spilimbergo_024_Ph_AliceDurigatto-300x168.jpeg",300,168,true],"large":["https:\/\/imagazine.it\/wp-content\/uploads\/2025\/12\/MdL25_Gelso_AntonioMaglio_Spilimbergo_024_Ph_AliceDurigatto-1024x572.jpeg",640,358,true],"thumblist":["https:\/\/imagazine.it\/wp-content\/uploads\/2025\/12\/MdL25_Gelso_AntonioMaglio_Spilimbergo_024_Ph_AliceDurigatto-300x300.jpeg",300,300,true],"thumbrelated":["https:\/\/imagazine.it\/wp-content\/uploads\/2025\/12\/MdL25_Gelso_AntonioMaglio_Spilimbergo_024_Ph_AliceDurigatto-500x500.jpeg",500,500,true],"meccarouselthumb":["https:\/\/imagazine.it\/wp-content\/uploads\/2025\/12\/MdL25_Gelso_AntonioMaglio_Spilimbergo_024_Ph_AliceDurigatto-474x324.jpeg",474,324,true],"gridsquare":["https:\/\/imagazine.it\/wp-content\/uploads\/2025\/12\/MdL25_Gelso_AntonioMaglio_Spilimbergo_024_Ph_AliceDurigatto-391x260.jpeg",391,260,true],"tileview":["https:\/\/imagazine.it\/wp-content\/uploads\/2025\/12\/MdL25_Gelso_AntonioMaglio_Spilimbergo_024_Ph_AliceDurigatto-300x400.jpeg",300,400,true],"1536x1536":["https:\/\/imagazine.it\/wp-content\/uploads\/2025\/12\/MdL25_Gelso_AntonioMaglio_Spilimbergo_024_Ph_AliceDurigatto.jpeg",1366,763,false],"2048x2048":["https:\/\/imagazine.it\/wp-content\/uploads\/2025\/12\/MdL25_Gelso_AntonioMaglio_Spilimbergo_024_Ph_AliceDurigatto.jpeg",1366,763,false],"newsup-slider-full":["https:\/\/imagazine.it\/wp-content\/uploads\/2025\/12\/MdL25_Gelso_AntonioMaglio_Spilimbergo_024_Ph_AliceDurigatto-1280x720.jpeg",1280,720,true],"newsup-featured":["https:\/\/imagazine.it\/wp-content\/uploads\/2025\/12\/MdL25_Gelso_AntonioMaglio_Spilimbergo_024_Ph_AliceDurigatto-1024x572.jpeg",1024,572,true],"newsup-medium":["https:\/\/imagazine.it\/wp-content\/uploads\/2025\/12\/MdL25_Gelso_AntonioMaglio_Spilimbergo_024_Ph_AliceDurigatto-720x380.jpeg",720,380,true],"tptn_thumbnail":["https:\/\/imagazine.it\/wp-content\/uploads\/2025\/12\/MdL25_Gelso_AntonioMaglio_Spilimbergo_024_Ph_AliceDurigatto-250x210.jpeg",250,210,true],"sow-carousel-default":["https:\/\/imagazine.it\/wp-content\/uploads\/2025\/12\/MdL25_Gelso_AntonioMaglio_Spilimbergo_024_Ph_AliceDurigatto-272x182.jpeg",272,182,true]},"rttpg_author":{"display_name":"redazione","author_link":"https:\/\/imagazine.it\/home_desk\/author\/redazione\/"},"rttpg_comment":0,"rttpg_category":"<a href=\"https:\/\/imagazine.it\/home_desk\/category\/attualita\/\" rel=\"category tag\">ATTUALIT\u00c0<\/a>","rttpg_excerpt":"Intitolato ad Antonio Maglio un Gelseto al Centro progetto, riferimento FVG per l'avvio allo sport delle persone con disabilit\u00e0","_links":{"self":[{"href":"https:\/\/imagazine.it\/home_desk\/wp-json\/wp\/v2\/posts\/70162","targetHints":{"allow":["GET"]}}],"collection":[{"href":"https:\/\/imagazine.it\/home_desk\/wp-json\/wp\/v2\/posts"}],"about":[{"href":"https:\/\/imagazine.it\/home_desk\/wp-json\/wp\/v2\/types\/post"}],"author":[{"embeddable":true,"href":"https:\/\/imagazine.it\/home_desk\/wp-json\/wp\/v2\/users\/28"}],"replies":[{"embeddable":true,"href":"https:\/\/imagazine.it\/home_desk\/wp-json\/wp\/v2\/comments?post=70162"}],"version-history":[{"count":2,"href":"https:\/\/imagazine.it\/home_desk\/wp-json\/wp\/v2\/posts\/70162\/revisions"}],"predecessor-version":[{"id":70166,"href":"https:\/\/imagazine.it\/home_desk\/wp-json\/wp\/v2\/posts\/70162\/revisions\/70166"}],"wp:featuredmedia":[{"embeddable":true,"href":"https:\/\/imagazine.it\/home_desk\/wp-json\/wp\/v2\/media\/70163"}],"wp:attachment":[{"href":"https:\/\/imagazine.it\/home_desk\/wp-json\/wp\/v2\/media?parent=70162"}],"wp:term":[{"taxonomy":"category","embeddable":true,"href":"https:\/\/imagazine.it\/home_desk\/wp-json\/wp\/v2\/categories?post=70162"},{"taxonomy":"post_tag","embeddable":true,"href":"https:\/\/imagazine.it\/home_desk\/wp-json\/wp\/v2\/tags?post=70162"}],"curies":[{"name":"wp","href":"https:\/\/api.w.org\/{rel}","templated":true}]}}