{"id":70129,"date":"2025-12-09T17:43:32","date_gmt":"2025-12-09T16:43:32","guid":{"rendered":"https:\/\/imagazine.it\/home_desk\/?p=70129"},"modified":"2025-12-11T10:36:06","modified_gmt":"2025-12-11T09:36:06","slug":"monfalcone-rinnova-la-stazione-di-posta","status":"publish","type":"post","link":"https:\/\/imagazine.it\/home_desk\/monfalcone-rinnova-la-stazione-di-posta\/","title":{"rendered":"Monfalcone rinnova la Stazione di Posta"},"content":{"rendered":"<p><span style=\"font-size: 10pt;\"><em>L&#8217;inaugurazione odierna<\/em><\/span><\/p>\n<p>MONFALCONE \u2013 \u00c8 stato inaugurato questa mattina a Monfalcone il nuovo <strong>Centro Servizi <\/strong>dei dieci Comuni che costituiscono l\u2019Ambito \u201cCarso Isonzo Adriatico\u201d, istituito all\u2019interno della <strong>rinnovata Stazione di Posta<\/strong> di via Natisone 1, che ha l\u2019obiettivo di contrastare la marginalit\u00e0 sociale delle persone pi\u00f9 fragili.<\/p>\n<p>Una rete di servizi dedicati a adulti e nuclei familiari senza fissa dimora o con difficolt\u00e0 abitative, disagio socio-economico o situazioni di multiproblematicit\u00e0, progettati per facilitare l\u2019accesso ai servizi territoriali, favorire la presa in carico da parte del Servizio Sociale e dei servizi sociosanitari, offrire sostegno amministrativo, orientamento verso percorsi formativi e lavorativi e accompagnamento personalizzato, con anche servizi a bassa soglia per l\u2019igiene personale, come lavanderia e docce.<\/p>\n<p>All\u2019interno della struttura saranno attivi inoltre il servizio per l\u2019accesso alla residenza anagrafica fittizia e un ambulatorio sanitario.<\/p>\n<p>Presenti per il taglio del nastro il sindaco di Monfalcone &#8211; Comune capofila dell\u2019Ambito &#8211; <strong>Luca Fasan<\/strong>, i sindaci di Staranzano, <strong>Marco Fragiacomo<\/strong>, di San Canzian d\u2019Isonzo, <strong>Claudio Fratta<\/strong>, e Sagrado, <strong>Marco Vittori<\/strong>, diversi rappresentanti degli altri Comuni dell\u2019Ambito e dell\u2019Amministrazione monfalconese.<\/p>\n<p>La nuova Stazione di Posta, che sar\u00e0 <strong>operativa da luned\u00ec 15 dicembre<\/strong>, offrir\u00e0 servizi di accoglienza e percorsi di accompagnamento attraverso interventi educativi, supporto, orientamento ai servizi, attivit\u00e0 formative e laboratori che aiuteranno le persone a sviluppare competenze, costruire un curriculum, cercare opportunit\u00e0 lavorative e ritrovare fiducia nelle proprie capacit\u00e0, con l\u2019obiettivo di favorire autonomia e integrazione nel tessuto sociale e lavorativo del territorio.<\/p>\n<p>Sar\u00e0 anche un luogo dove poter vivere momenti di socialit\u00e0 e attivit\u00e0 ludico-ricreative, fondamentali per contrastare l\u2019isolamento e ritessere legami.<\/p>\n<p>Parallelamente, il Servizio Sociale dei Comuni attiver\u00e0 il <strong>Tavolo Inclusione Sociale<\/strong>, che riunir\u00e0 soggetti pubblici, realt\u00e0 del volontariato e organizzazioni del privato sociale gi\u00e0 impegnate sul fronte del sostegno alla marginalit\u00e0, finalizzato a rafforzare la rete territoriale e costituire un osservatorio permanente sui fenomeni di disagio.<\/p>\n<p>La ristrutturazione completa della Stazione di Posta \u00e8 stata possibile grazie al finanziamento dell\u2019Unione Europea \u2013 Next Generation EU nell\u2019ambito del PNRR, Missione 5 \u201cInclusione e coesione\u201d &#8211; ottenuto dal progetto, presentato dal Servizio Sociale dei Comuni \u2013 Ambito come Soggetto Attuatore insieme al Servizio Opere Pubbliche e Mobilit\u00e0 del Comune di Monfalcone &#8211; del valore complessivo di <strong>1.090.000 euro<\/strong>.<\/p>\n<p>L\u2019investimento ha consentito sia la completa riqualificazione dell\u2019immobile, per un importo di 910.000 euro per i lavori, sia l\u2019avvio della gestione del nuovo Centro Servizi, sostenuta da un finanziamento dedicato di 180.000 euro.<\/p>\n<p>Durante la fase dei lavori il Servizio Sociale ha garantito la continuit\u00e0 delle attivit\u00e0 grazie a convenzioni con la Parrocchia di Sant\u2019Ambrogio, che ha ospitato i servizi essenziali presso l\u2019Oratorio San Michele. Nell\u2019agosto 2025 \u00e8 stata inoltre rinnovata la collaborazione per la gestione condivisa della mensa sociale.<\/p>\n<p>L\u2019intervento edilizio ha interessato l\u2019intero complesso di via Natisone, composto da un corpo originario dei primi del Novecento e da un ampliamento degli anni Sessanta.<\/p>\n<p>La parte storica dell\u2019edificio \u00e8 stata conservata, mentre il corpo pi\u00f9 recente \u00e8 stato demolito e ricostruito integralmente. L\u2019immobile, ora sviluppato su due piani, \u00e8 dotato di impianti completamente rinnovati, isolamento a cappotto, nuovi infissi ad alta efficienza, e un impianto fotovoltaico che consente di alimentare l\u2019intera struttura con energia elettrica da fonte rinnovabile, senza ricorrere al gas metano.<\/p>\n<p>Al piano terra trovano spazio un ingresso ampio, i servizi igienici attrezzati, una lavanderia, un ampio locale per varie attivit\u00e0 e un ambulatorio medico con accesso indipendente.<\/p>\n<p>Al primo piano si sviluppano gli ambienti destinati alle attivit\u00e0 di supporto e accompagnamento sociale, tra cui un laboratorio informatico, uffici, sale polifunzionali e ulteriori servizi igienici.<\/p>\n<p>Nel complesso sono stati riorganizzati gli ambienti per garantire massima fruibilit\u00e0, sicurezza, autonomia e completa accessibilit\u00e0 anche alle persone con disabilit\u00e0. L\u2019area esterna \u00e8 stata riqualificata con nuovi marciapiedi accessibili, stalli di parcheggio, percorsi tattili per ipovedenti e una nuova recinzione perimetrale.<\/p>\n<p>Nei prossimi giorni la sede verr\u00e0 formalmente consegnata agli Enti del Terzo Settore incaricati della gestione &#8211; le cooperative Lybra e Murice e il consorzio Il Mosaico &#8211; per l\u2019avvio progressivo delle attivit\u00e0.<\/p>\n","protected":false},"excerpt":{"rendered":"<p>Al suo interno il Centro Servizi dell&#8217;Ambito, per contrastare la marginalit\u00e0 sociale delle persone pi\u00f9 fragili<\/p>\n","protected":false},"author":28,"featured_media":70130,"comment_status":"closed","ping_status":"closed","sticky":false,"template":"","format":"image","meta":{"dwc-title":[""],"dwc-content":[""],"footnotes":""},"categories":[5],"tags":[51,1723,820],"class_list":["post-70129","post","type-post","status-publish","format-image","has-post-thumbnail","hentry","category-attualita","tag-monfalcone","tag-servizi","tag-sociale","post_format-post-format-image"],"rttpg_featured_image_url":{"full":["https:\/\/imagazine.it\/wp-content\/uploads\/2025\/12\/centro-servizi-stazione-posta.jpg",1366,832,false],"landscape":["https:\/\/imagazine.it\/wp-content\/uploads\/2025\/12\/centro-servizi-stazione-posta.jpg",1366,832,false],"portraits":["https:\/\/imagazine.it\/wp-content\/uploads\/2025\/12\/centro-servizi-stazione-posta.jpg",1366,832,false],"thumbnail":["https:\/\/imagazine.it\/wp-content\/uploads\/2025\/12\/centro-servizi-stazione-posta-150x150.jpg",150,150,true],"medium":["https:\/\/imagazine.it\/wp-content\/uploads\/2025\/12\/centro-servizi-stazione-posta-300x183.jpg",300,183,true],"large":["https:\/\/imagazine.it\/wp-content\/uploads\/2025\/12\/centro-servizi-stazione-posta-1024x624.jpg",640,390,true],"thumblist":["https:\/\/imagazine.it\/wp-content\/uploads\/2025\/12\/centro-servizi-stazione-posta-300x300.jpg",300,300,true],"thumbrelated":["https:\/\/imagazine.it\/wp-content\/uploads\/2025\/12\/centro-servizi-stazione-posta-500x500.jpg",500,500,true],"meccarouselthumb":["https:\/\/imagazine.it\/wp-content\/uploads\/2025\/12\/centro-servizi-stazione-posta-474x324.jpg",474,324,true],"gridsquare":["https:\/\/imagazine.it\/wp-content\/uploads\/2025\/12\/centro-servizi-stazione-posta-391x260.jpg",391,260,true],"tileview":["https:\/\/imagazine.it\/wp-content\/uploads\/2025\/12\/centro-servizi-stazione-posta-300x400.jpg",300,400,true],"1536x1536":["https:\/\/imagazine.it\/wp-content\/uploads\/2025\/12\/centro-servizi-stazione-posta.jpg",1366,832,false],"2048x2048":["https:\/\/imagazine.it\/wp-content\/uploads\/2025\/12\/centro-servizi-stazione-posta.jpg",1366,832,false],"newsup-slider-full":["https:\/\/imagazine.it\/wp-content\/uploads\/2025\/12\/centro-servizi-stazione-posta-1280x720.jpg",1280,720,true],"newsup-featured":["https:\/\/imagazine.it\/wp-content\/uploads\/2025\/12\/centro-servizi-stazione-posta-1024x624.jpg",1024,624,true],"newsup-medium":["https:\/\/imagazine.it\/wp-content\/uploads\/2025\/12\/centro-servizi-stazione-posta-720x380.jpg",720,380,true],"tptn_thumbnail":["https:\/\/imagazine.it\/wp-content\/uploads\/2025\/12\/centro-servizi-stazione-posta-250x210.jpg",250,210,true],"sow-carousel-default":["https:\/\/imagazine.it\/wp-content\/uploads\/2025\/12\/centro-servizi-stazione-posta-272x182.jpg",272,182,true]},"rttpg_author":{"display_name":"redazione","author_link":"https:\/\/imagazine.it\/home_desk\/author\/redazione\/"},"rttpg_comment":0,"rttpg_category":"<a href=\"https:\/\/imagazine.it\/home_desk\/category\/attualita\/\" rel=\"category tag\">ATTUALIT\u00c0<\/a>","rttpg_excerpt":"Al suo interno il Centro Servizi dell'Ambito, per contrastare la marginalit\u00e0 sociale delle persone pi\u00f9 fragili","_links":{"self":[{"href":"https:\/\/imagazine.it\/home_desk\/wp-json\/wp\/v2\/posts\/70129","targetHints":{"allow":["GET"]}}],"collection":[{"href":"https:\/\/imagazine.it\/home_desk\/wp-json\/wp\/v2\/posts"}],"about":[{"href":"https:\/\/imagazine.it\/home_desk\/wp-json\/wp\/v2\/types\/post"}],"author":[{"embeddable":true,"href":"https:\/\/imagazine.it\/home_desk\/wp-json\/wp\/v2\/users\/28"}],"replies":[{"embeddable":true,"href":"https:\/\/imagazine.it\/home_desk\/wp-json\/wp\/v2\/comments?post=70129"}],"version-history":[{"count":1,"href":"https:\/\/imagazine.it\/home_desk\/wp-json\/wp\/v2\/posts\/70129\/revisions"}],"predecessor-version":[{"id":70131,"href":"https:\/\/imagazine.it\/home_desk\/wp-json\/wp\/v2\/posts\/70129\/revisions\/70131"}],"wp:featuredmedia":[{"embeddable":true,"href":"https:\/\/imagazine.it\/home_desk\/wp-json\/wp\/v2\/media\/70130"}],"wp:attachment":[{"href":"https:\/\/imagazine.it\/home_desk\/wp-json\/wp\/v2\/media?parent=70129"}],"wp:term":[{"taxonomy":"category","embeddable":true,"href":"https:\/\/imagazine.it\/home_desk\/wp-json\/wp\/v2\/categories?post=70129"},{"taxonomy":"post_tag","embeddable":true,"href":"https:\/\/imagazine.it\/home_desk\/wp-json\/wp\/v2\/tags?post=70129"}],"curies":[{"name":"wp","href":"https:\/\/api.w.org\/{rel}","templated":true}]}}