{"id":70114,"date":"2025-12-09T17:25:14","date_gmt":"2025-12-09T16:25:14","guid":{"rendered":"https:\/\/imagazine.it\/home_desk\/?p=70114"},"modified":"2025-12-09T18:27:40","modified_gmt":"2025-12-09T17:27:40","slug":"fiumcello-14-benemerenze-per-i-donatori-di-sangue","status":"publish","type":"post","link":"https:\/\/imagazine.it\/home_desk\/fiumcello-14-benemerenze-per-i-donatori-di-sangue\/","title":{"rendered":"Fiumicello: 14 benemerenze per i donatori di sangue"},"content":{"rendered":"<p><span style=\"font-size: 10pt;\"><em>Da sinistra Valentina Pizzin, Davide Pizzin, Alessandro Dijust e Moreno Foschiatti (ph. Lorenzo Tomasella)<\/em><\/span><\/p>\n<p>FIUMICELLO VILLA VICENTINA \u2013 Si \u00e8 rinnovato anche quest&#8217;anno il\u00a0tradizionale appuntamento con la \u201cCena degli auguri\u201d organizzata dalla sezione dell&#8217;<strong>Afds<\/strong> <strong>di Fiumicello<\/strong>.<\/p>\n<p>La presidente <strong>Valentina Pizzin<\/strong> nel suo intervento ha ricordato che Fiumicello ha ospitato per due volte l&#8217;autoemoteca nel corso dell\u2019annata, raccogliendo oltre 50 sacche tra plasma e sangue.<\/p>\n<p>In\u00a0occasione della Festa del Borgo San Antonio, come oramai da tradizione, i donatori hanno presenziato alla consegna della Costituzione ai neo diciottenni da parte dell\u2019Amministrazione Comunale, per trasmettere la cultura del dono del sangue alle nuove generazioni.<\/p>\n<p>Gi\u00e0 a febbraio, probabilmente, torner\u00e0 la possibilit\u00e0 di effettuare le donazioni in autoemoteca, in occasione della Festa di San Valentino.<\/p>\n<p>Sempre il prossimo anno, a maggio, la sezione festegger\u00e0 i 55 anni dalla fondazione.<\/p>\n<p>Quest\u2019anno sono state traguardate 14 benemerenze:\u00a06 Diplomi di Benemerenza, 3 Distintivi di Bronzo, 3 Distintivi d&#8217;Argento e, in occasione del Congresso Provinciale AFDS svoltosi a Gonars, sono stati premiati 2 Distintivi d\u2019Oro.<\/p>\n<p>Nel corso della serata sono stati premiati con distintivo d&#8217;argento<strong> Tiziano Snidero <\/strong>e<strong> Zeno Fedrigo<\/strong>,<strong>\u00a0<\/strong>con distintivo\u00a0d&#8217;oro <strong>Moreno Foschiatti <\/strong>e<strong> Davide Pizzin<\/strong>, ai quali in segno di gratitudine da parte della comunit\u00e0 di Fiumicello l&#8217;Amministrazione come da consuetudine ha donato una medaglia d&#8217;oro consegnata dal sindaco <strong>Alessandro Dijust<\/strong>.<\/p>\n<div id=\"metaslider-id-70115\" style=\"max-width: 700px;\" class=\"ml-slider-3-108-0 metaslider metaslider-flex metaslider-70115 ml-slider has-dots-nav ms-theme-default-base\" role=\"region\" aria-label=\"AFDS Fiumicello Natale 2025\" data-height=\"500\" data-width=\"700\">\n    <div id=\"metaslider_container_70115\">\n        <div id=\"metaslider_70115\">\n            <ul aria-live='off' class='slides'>\n                <li style=\"display: block; width: 100%;\" class=\"slide-70119 ms-image \" aria-roledescription=\"slide\" data-date=\"2025-12-09 17:21:26\" data-filename=\"direttivo.jpg\" data-slide-type=\"image\"><img loading=\"lazy\" decoding=\"async\" width=\"1000\" height=\"746\" src=\"https:\/\/imagazine.it\/wp-content\/uploads\/2025\/12\/direttivo.jpg\" class=\"slider-70115 slide-70119 msDefaultImage\" alt=\"\" rel=\"\" title=\"direttivo\" srcset=\"https:\/\/imagazine.it\/wp-content\/uploads\/2025\/12\/direttivo.jpg 1000w, https:\/\/imagazine.it\/wp-content\/uploads\/2025\/12\/direttivo-300x224.jpg 300w, https:\/\/imagazine.it\/wp-content\/uploads\/2025\/12\/direttivo-768x573.jpg 768w\" sizes=\"auto, (max-width: 1000px) 100vw, 1000px\"><div class=\"caption-wrap\"><div class=\"caption\"><div>Il direttivo dell'AFDS di Fiumicello (ph. Lorenzo Tomasella)<\/div><\/div><\/div><\/li>\n                <li style=\"display: none; width: 100%;\" class=\"slide-70120 ms-image \" aria-roledescription=\"slide\" data-date=\"2025-12-09 17:21:27\" data-filename=\"Tiziano-Snidero.jpg\" data-slide-type=\"image\"><img loading=\"lazy\" decoding=\"async\" width=\"800\" height=\"870\" src=\"https:\/\/imagazine.it\/wp-content\/uploads\/2025\/12\/Tiziano-Snidero.jpg\" class=\"slider-70115 slide-70120 msDefaultImage\" alt=\"\" rel=\"\" title=\"Tiziano Snidero\" srcset=\"https:\/\/imagazine.it\/wp-content\/uploads\/2025\/12\/Tiziano-Snidero.jpg 800w, https:\/\/imagazine.it\/wp-content\/uploads\/2025\/12\/Tiziano-Snidero-276x300.jpg 276w, https:\/\/imagazine.it\/wp-content\/uploads\/2025\/12\/Tiziano-Snidero-768x835.jpg 768w\" sizes=\"auto, (max-width: 800px) 100vw, 800px\"><div class=\"caption-wrap\"><div class=\"caption\"><div>La premiazione di Tiziano Snidero (ph. Lorenzo Tomasella)<\/div><\/div><\/div><\/li>\n                <li style=\"display: none; width: 100%;\" class=\"slide-70121 ms-image \" aria-roledescription=\"slide\" data-date=\"2025-12-09 17:21:27\" data-filename=\"Zeno-Fedrigo.jpg\" data-slide-type=\"image\"><img loading=\"lazy\" decoding=\"async\" width=\"800\" height=\"726\" src=\"https:\/\/imagazine.it\/wp-content\/uploads\/2025\/12\/Zeno-Fedrigo.jpg\" class=\"slider-70115 slide-70121 msDefaultImage\" alt=\"\" rel=\"\" title=\"Zeno Fedrigo\" srcset=\"https:\/\/imagazine.it\/wp-content\/uploads\/2025\/12\/Zeno-Fedrigo.jpg 800w, https:\/\/imagazine.it\/wp-content\/uploads\/2025\/12\/Zeno-Fedrigo-300x272.jpg 300w, https:\/\/imagazine.it\/wp-content\/uploads\/2025\/12\/Zeno-Fedrigo-768x697.jpg 768w\" sizes=\"auto, (max-width: 800px) 100vw, 800px\"><div class=\"caption-wrap\"><div class=\"caption\"><div>Zeno Fedrigo con il diploma in mano (ph. Lorenzo Tomasella)<\/div><\/div><\/div><\/li>\n            <\/ul>\n        <\/div>\n        \n    <\/div>\n<\/div>\n<p>Nel suo discorso il primo cittadino ha fatto un plauso a tutti i donatori per l&#8217;importante ruolo sociale e di volontariato che svolgono nella comunit\u00e0.<\/p>\n<p>La presidente Pizzin ha infine ricordato che i donatori saranno presenti sul piazzale dei Tigli a Fiumicello il 24 dicembre con il loro gazebo promozionale.<\/p>\n","protected":false},"excerpt":{"rendered":"<p>Consegnate nella tradizionale serata di fine anno. A Moreno Foschiatti e Davide Pizzin il &#8220;Distintivo d&#8217;oro&#8221;<\/p>\n","protected":false},"author":12,"featured_media":70122,"comment_status":"closed","ping_status":"closed","sticky":false,"template":"","format":"image","meta":{"dwc-title":[""],"dwc-content":[""],"footnotes":""},"categories":[5],"tags":[378,379,393,214],"class_list":["post-70114","post","type-post","status-publish","format-image","has-post-thumbnail","hentry","category-attualita","tag-afds","tag-donatori-di-sangue","tag-fiumicello","tag-volontariato","post_format-post-format-image"],"rttpg_featured_image_url":{"full":["https:\/\/imagazine.it\/wp-content\/uploads\/2025\/12\/Davide-Pizzin-Moreni-Foschiatti.jpg",1366,912,false],"landscape":["https:\/\/imagazine.it\/wp-content\/uploads\/2025\/12\/Davide-Pizzin-Moreni-Foschiatti.jpg",1366,912,false],"portraits":["https:\/\/imagazine.it\/wp-content\/uploads\/2025\/12\/Davide-Pizzin-Moreni-Foschiatti.jpg",1366,912,false],"thumbnail":["https:\/\/imagazine.it\/wp-content\/uploads\/2025\/12\/Davide-Pizzin-Moreni-Foschiatti-150x150.jpg",150,150,true],"medium":["https:\/\/imagazine.it\/wp-content\/uploads\/2025\/12\/Davide-Pizzin-Moreni-Foschiatti-300x200.jpg",300,200,true],"large":["https:\/\/imagazine.it\/wp-content\/uploads\/2025\/12\/Davide-Pizzin-Moreni-Foschiatti-1024x684.jpg",640,428,true],"thumblist":["https:\/\/imagazine.it\/wp-content\/uploads\/2025\/12\/Davide-Pizzin-Moreni-Foschiatti-300x300.jpg",300,300,true],"thumbrelated":["https:\/\/imagazine.it\/wp-content\/uploads\/2025\/12\/Davide-Pizzin-Moreni-Foschiatti-500x500.jpg",500,500,true],"meccarouselthumb":["https:\/\/imagazine.it\/wp-content\/uploads\/2025\/12\/Davide-Pizzin-Moreni-Foschiatti-474x324.jpg",474,324,true],"gridsquare":["https:\/\/imagazine.it\/wp-content\/uploads\/2025\/12\/Davide-Pizzin-Moreni-Foschiatti-391x260.jpg",391,260,true],"tileview":["https:\/\/imagazine.it\/wp-content\/uploads\/2025\/12\/Davide-Pizzin-Moreni-Foschiatti-300x400.jpg",300,400,true],"1536x1536":["https:\/\/imagazine.it\/wp-content\/uploads\/2025\/12\/Davide-Pizzin-Moreni-Foschiatti.jpg",1366,912,false],"2048x2048":["https:\/\/imagazine.it\/wp-content\/uploads\/2025\/12\/Davide-Pizzin-Moreni-Foschiatti.jpg",1366,912,false],"newsup-slider-full":["https:\/\/imagazine.it\/wp-content\/uploads\/2025\/12\/Davide-Pizzin-Moreni-Foschiatti-1280x720.jpg",1280,720,true],"newsup-featured":["https:\/\/imagazine.it\/wp-content\/uploads\/2025\/12\/Davide-Pizzin-Moreni-Foschiatti-1024x684.jpg",1024,684,true],"newsup-medium":["https:\/\/imagazine.it\/wp-content\/uploads\/2025\/12\/Davide-Pizzin-Moreni-Foschiatti-720x380.jpg",720,380,true],"tptn_thumbnail":["https:\/\/imagazine.it\/wp-content\/uploads\/2025\/12\/Davide-Pizzin-Moreni-Foschiatti-250x210.jpg",250,210,true],"sow-carousel-default":["https:\/\/imagazine.it\/wp-content\/uploads\/2025\/12\/Davide-Pizzin-Moreni-Foschiatti-272x182.jpg",272,182,true]},"rttpg_author":{"display_name":"Claudio Pizzin","author_link":"https:\/\/imagazine.it\/home_desk\/author\/pizzin\/"},"rttpg_comment":0,"rttpg_category":"<a href=\"https:\/\/imagazine.it\/home_desk\/category\/attualita\/\" rel=\"category tag\">ATTUALIT\u00c0<\/a>","rttpg_excerpt":"Consegnate nella tradizionale serata di fine anno. A Moreno Foschiatti e Davide Pizzin il \"Distintivo d'oro\"","_links":{"self":[{"href":"https:\/\/imagazine.it\/home_desk\/wp-json\/wp\/v2\/posts\/70114","targetHints":{"allow":["GET"]}}],"collection":[{"href":"https:\/\/imagazine.it\/home_desk\/wp-json\/wp\/v2\/posts"}],"about":[{"href":"https:\/\/imagazine.it\/home_desk\/wp-json\/wp\/v2\/types\/post"}],"author":[{"embeddable":true,"href":"https:\/\/imagazine.it\/home_desk\/wp-json\/wp\/v2\/users\/12"}],"replies":[{"embeddable":true,"href":"https:\/\/imagazine.it\/home_desk\/wp-json\/wp\/v2\/comments?post=70114"}],"version-history":[{"count":8,"href":"https:\/\/imagazine.it\/home_desk\/wp-json\/wp\/v2\/posts\/70114\/revisions"}],"predecessor-version":[{"id":70141,"href":"https:\/\/imagazine.it\/home_desk\/wp-json\/wp\/v2\/posts\/70114\/revisions\/70141"}],"wp:featuredmedia":[{"embeddable":true,"href":"https:\/\/imagazine.it\/home_desk\/wp-json\/wp\/v2\/media\/70122"}],"wp:attachment":[{"href":"https:\/\/imagazine.it\/home_desk\/wp-json\/wp\/v2\/media?parent=70114"}],"wp:term":[{"taxonomy":"category","embeddable":true,"href":"https:\/\/imagazine.it\/home_desk\/wp-json\/wp\/v2\/categories?post=70114"},{"taxonomy":"post_tag","embeddable":true,"href":"https:\/\/imagazine.it\/home_desk\/wp-json\/wp\/v2\/tags?post=70114"}],"curies":[{"name":"wp","href":"https:\/\/api.w.org\/{rel}","templated":true}]}}