{"id":70102,"date":"2025-12-09T16:18:09","date_gmt":"2025-12-09T15:18:09","guid":{"rendered":"https:\/\/imagazine.it\/home_desk\/?p=70102"},"modified":"2025-12-10T17:41:49","modified_gmt":"2025-12-10T16:41:49","slug":"kafka-e-langelo-della-morte-aprono-il-trieste-film-festival","status":"publish","type":"post","link":"https:\/\/imagazine.it\/home_desk\/kafka-e-langelo-della-morte-aprono-il-trieste-film-festival\/","title":{"rendered":"Kafka e l&#8217;angelo della morte aprono il Trieste Film Festival"},"content":{"rendered":"<p><span style=\"font-size: 10pt;\"><em>Una scena di &#8220;Franz&#8221;<\/em><\/span><\/p>\n<p>TRIESTE &#8211; Le anteprime italiane del ritratto di Franz Kafka di <strong>Agnieszka Holland <\/strong>e la storia nascosta del medico nazista Josef Mengele di <strong>Kirill Serebrennikov<\/strong> apriranno il <strong>37. Trieste Film Festival<\/strong>, il pi\u00f9 importante appuntamento italiano con il cinema dell&#8217;Europa centro orientale.<\/p>\n<p><strong>\u201c<em>Franz<\/em>\u201d<\/strong> inaugurer\u00e0 il festival venerd\u00ec 16 gennaio al Teatro Miela, mentre ad aprire le porte del Politeama Rossetti il 20 gennaio ci penser\u00e0 <strong>&#8220;<em>The Disappearance of Josef Mengele<\/em>&#8220;<\/strong>.<\/p>\n<p>A chiudere il festival, sar\u00e0 la regista ungherese <strong>Ildik\u00f3 Enyedi <\/strong>con il suo<strong> \u201c<em>Silent Friend<\/em>\u201d<\/strong>, ancora al Rossetti, sabato 24 gennaio.<\/p>\n<p><strong>Il festival si svolger\u00e0 a Trieste dal 16 al 24 gennaio <\/strong>con film, documentari, corti, masterclass e incontri con i protagonisti, dai grandi maestri agli esordienti, registi e attori, e con le loro storie, capaci di creare ponti tra Est e Ovest.<\/p>\n<p>Inaugura il festival <strong>&#8220;<em>Franz<\/em>&#8221; della regista polacca Agnieszka Holland <\/strong>(distribuito in Italia da <em>Movies Inspired<\/em>), che torna dopo il successo di \u201cGreen Border\u201d del 2023 (Premio speciale della giuria alla Mostra del cinema di Venezia). Dopo le anteprime a Toronto e San Sebastian, e le selezioni per la Polonia agli Oscar 2026 e nella shortlist EFA, arriva anche in Italia in prima nazionale il progetto pi\u00f9 ambizioso della carriera della regista: un biopic dedicato all\u2019iconico scrittore boemo del XX secolo, Franz Kafka. Concepito come un mosaico caleidoscopico, il film seguir\u00e0 l\u2019impronta che Kafka ha lasciato nel mondo, dalla sua nascita nella Praga del XIX secolo fino alla morte nella Vienna del primo dopoguerra.<\/p>\n<p>Nella consueta doppia apertura di rassegna, quando il festival entra nello splendido Politeama Rossetti, ci sar\u00e0 anche<strong> &#8220;<em>The Disappearance of Josef Mengele<\/em>&#8221; di Kirill Serebrennikov <\/strong>(nelle sale italiane dal 29 gennaio con il titolo<em> La scomparsa di Josef Mengele, <\/em>distribuito in Italia da <em>Europictures<\/em>), esordio nazionale dopo l\u2019anteprima mondiale alla sezione Cannes Premiere: al centro, proprio la vita e la storia dell\u2019uomo noto come \u00abL\u2019Angelo della Morte\u00bb.<\/p>\n<figure id=\"attachment_70104\" aria-describedby=\"caption-attachment-70104\" style=\"width: 1000px\" class=\"wp-caption aligncenter\"><img loading=\"lazy\" decoding=\"async\" class=\"size-full wp-image-70104\" src=\"https:\/\/imagazine.it\/wp-content\/uploads\/2025\/12\/The-Disappearance-of-Josef-Mengele.jpg\" alt=\"\" width=\"1000\" height=\"667\" title=\"\" srcset=\"https:\/\/imagazine.it\/wp-content\/uploads\/2025\/12\/The-Disappearance-of-Josef-Mengele.jpg 1000w, https:\/\/imagazine.it\/wp-content\/uploads\/2025\/12\/The-Disappearance-of-Josef-Mengele-300x200.jpg 300w, https:\/\/imagazine.it\/wp-content\/uploads\/2025\/12\/The-Disappearance-of-Josef-Mengele-768x512.jpg 768w, https:\/\/imagazine.it\/wp-content\/uploads\/2025\/12\/The-Disappearance-of-Josef-Mengele-391x260.jpg 391w, https:\/\/imagazine.it\/wp-content\/uploads\/2025\/12\/The-Disappearance-of-Josef-Mengele-272x182.jpg 272w\" sizes=\"auto, (max-width: 1000px) 100vw, 1000px\" \/><figcaption id=\"caption-attachment-70104\" class=\"wp-caption-text\">The Disappearance of Josef Mengele<\/figcaption><\/figure>\n<p>Nel periodo successivo alla Seconda Guerra Mondiale, Josef Mengele, il medico nazista di Auschwitz, fugge in Sud America per ricostruirsi una vita nascosta: attraverso gli occhi di suo figlio che lo ritrova, Mengele \u00e8 costretto a confrontarsi con un passato che non pu\u00f2 pi\u00f9 ignorare. Da Buenos Aires al Paraguay passando per il Brasile, organizzer\u00e0 la sua scomparsa metodica per evitare qualsiasi forma di processo. Il regista <strong>Kirill Serebrennikov terr\u00e0 una<\/strong> <strong>masterclass la mattina dopo (21 gennaio), moderata da Jo\u00ebl Chapron, <\/strong>storico collaboratore del Festival di Cannes ed esperto di cinema russo e sovietico.<\/p>\n<p>La chiusura del festival sar\u00e0 invece dedicata a <strong>&#8220;<em>Silent Friend<\/em>&#8221; di Ildik\u00f3 Enyedi<\/strong> (distribuzione italiana <em>Movies Inspired<\/em>), gi\u00e0 in concorso a Venezia &#8211; dove all\u2019attrice Luna Wedler \u00e8 andato il Premio Marcello Mastroianni &#8211; e in shortlist per gli EFA, nella serata di sabato 24 gennaio al Politeama Rossetti. Nel cuore di un giardino botanico in una citt\u00e0 universitaria medievale della Germania si erge un maestoso albero di ginkgo: questo testimone silenzioso ha osservato per oltre un secolo i quieti ritmi di trasformazione attraverso tre vite umane.<\/p>\n<figure id=\"attachment_70105\" aria-describedby=\"caption-attachment-70105\" style=\"width: 1000px\" class=\"wp-caption aligncenter\"><img loading=\"lazy\" decoding=\"async\" class=\"size-full wp-image-70105\" src=\"https:\/\/imagazine.it\/wp-content\/uploads\/2025\/12\/Silent-Friend.jpg\" alt=\"\" width=\"1000\" height=\"615\" title=\"\" srcset=\"https:\/\/imagazine.it\/wp-content\/uploads\/2025\/12\/Silent-Friend.jpg 1000w, https:\/\/imagazine.it\/wp-content\/uploads\/2025\/12\/Silent-Friend-300x185.jpg 300w, https:\/\/imagazine.it\/wp-content\/uploads\/2025\/12\/Silent-Friend-768x472.jpg 768w\" sizes=\"auto, (max-width: 1000px) 100vw, 1000px\" \/><figcaption id=\"caption-attachment-70105\" class=\"wp-caption-text\">Silent Friend<\/figcaption><\/figure>\n<p>3Nel 2020 un neuroscienziato di Hong Kong inizia un inaspettato esperimento, nel 1972 un giovane studente viene profondamente cambiato dal semplice atto di osservare e connettersi con un geranio, nel 1908 la prima donna ammessa all&#8217;universit\u00e0 scopre, attraverso l\u2019obiettivo della fotografia, i disegni sacri dell\u2019universo nascosti nelle piante pi\u00f9 umili. Seguiamo i loro incerti tentativi di entrare in contatto mentre vengono trasformate dal potere silenzioso, duraturo e misterioso della natura. <strong>La regista ungherese incontrer\u00e0 il pubblico in una masterclass nel pomeriggio dell\u2019ultima giornata.<\/strong><\/p>\n","protected":false},"excerpt":{"rendered":"<p>Le prime italiane di \u201cFranz\u201d e &#8220;The Disappearance of Josef Mengele&#8221; inaugurano la rassegna dedicata al cinema dell\u2019Europa centro orientale<\/p>\n","protected":false},"author":28,"featured_media":70103,"comment_status":"closed","ping_status":"closed","sticky":false,"template":"","format":"image","meta":{"dwc-title":[""],"dwc-content":[""],"footnotes":""},"categories":[37],"tags":[403,58,1410,821,65],"class_list":["post-70102","post","type-post","status-publish","format-image","has-post-thumbnail","hentry","category-cultura-e-spettacolo","tag-cinema","tag-festival","tag-film","tag-spettacoli","tag-trieste","post_format-post-format-image"],"rttpg_featured_image_url":{"full":["https:\/\/imagazine.it\/wp-content\/uploads\/2025\/12\/Franz.jpg",1366,837,false],"landscape":["https:\/\/imagazine.it\/wp-content\/uploads\/2025\/12\/Franz.jpg",1366,837,false],"portraits":["https:\/\/imagazine.it\/wp-content\/uploads\/2025\/12\/Franz.jpg",1366,837,false],"thumbnail":["https:\/\/imagazine.it\/wp-content\/uploads\/2025\/12\/Franz-150x150.jpg",150,150,true],"medium":["https:\/\/imagazine.it\/wp-content\/uploads\/2025\/12\/Franz-300x184.jpg",300,184,true],"large":["https:\/\/imagazine.it\/wp-content\/uploads\/2025\/12\/Franz-1024x627.jpg",640,392,true],"thumblist":["https:\/\/imagazine.it\/wp-content\/uploads\/2025\/12\/Franz-300x300.jpg",300,300,true],"thumbrelated":["https:\/\/imagazine.it\/wp-content\/uploads\/2025\/12\/Franz-500x500.jpg",500,500,true],"meccarouselthumb":["https:\/\/imagazine.it\/wp-content\/uploads\/2025\/12\/Franz-474x324.jpg",474,324,true],"gridsquare":["https:\/\/imagazine.it\/wp-content\/uploads\/2025\/12\/Franz-391x260.jpg",391,260,true],"tileview":["https:\/\/imagazine.it\/wp-content\/uploads\/2025\/12\/Franz-300x400.jpg",300,400,true],"1536x1536":["https:\/\/imagazine.it\/wp-content\/uploads\/2025\/12\/Franz.jpg",1366,837,false],"2048x2048":["https:\/\/imagazine.it\/wp-content\/uploads\/2025\/12\/Franz.jpg",1366,837,false],"newsup-slider-full":["https:\/\/imagazine.it\/wp-content\/uploads\/2025\/12\/Franz-1280x720.jpg",1280,720,true],"newsup-featured":["https:\/\/imagazine.it\/wp-content\/uploads\/2025\/12\/Franz-1024x627.jpg",1024,627,true],"newsup-medium":["https:\/\/imagazine.it\/wp-content\/uploads\/2025\/12\/Franz-720x380.jpg",720,380,true],"tptn_thumbnail":["https:\/\/imagazine.it\/wp-content\/uploads\/2025\/12\/Franz-250x210.jpg",250,210,true],"sow-carousel-default":["https:\/\/imagazine.it\/wp-content\/uploads\/2025\/12\/Franz-272x182.jpg",272,182,true]},"rttpg_author":{"display_name":"redazione","author_link":"https:\/\/imagazine.it\/home_desk\/author\/redazione\/"},"rttpg_comment":0,"rttpg_category":"<a href=\"https:\/\/imagazine.it\/home_desk\/category\/cultura-e-spettacolo\/\" rel=\"category tag\">CULTURA&amp;SPETTACOLO<\/a>","rttpg_excerpt":"Le prime italiane di \u201cFranz\u201d e \"The Disappearance of Josef Mengele\" inaugurano la rassegna dedicata al cinema dell\u2019Europa centro orientale","_links":{"self":[{"href":"https:\/\/imagazine.it\/home_desk\/wp-json\/wp\/v2\/posts\/70102","targetHints":{"allow":["GET"]}}],"collection":[{"href":"https:\/\/imagazine.it\/home_desk\/wp-json\/wp\/v2\/posts"}],"about":[{"href":"https:\/\/imagazine.it\/home_desk\/wp-json\/wp\/v2\/types\/post"}],"author":[{"embeddable":true,"href":"https:\/\/imagazine.it\/home_desk\/wp-json\/wp\/v2\/users\/28"}],"replies":[{"embeddable":true,"href":"https:\/\/imagazine.it\/home_desk\/wp-json\/wp\/v2\/comments?post=70102"}],"version-history":[{"count":3,"href":"https:\/\/imagazine.it\/home_desk\/wp-json\/wp\/v2\/posts\/70102\/revisions"}],"predecessor-version":[{"id":70108,"href":"https:\/\/imagazine.it\/home_desk\/wp-json\/wp\/v2\/posts\/70102\/revisions\/70108"}],"wp:featuredmedia":[{"embeddable":true,"href":"https:\/\/imagazine.it\/home_desk\/wp-json\/wp\/v2\/media\/70103"}],"wp:attachment":[{"href":"https:\/\/imagazine.it\/home_desk\/wp-json\/wp\/v2\/media?parent=70102"}],"wp:term":[{"taxonomy":"category","embeddable":true,"href":"https:\/\/imagazine.it\/home_desk\/wp-json\/wp\/v2\/categories?post=70102"},{"taxonomy":"post_tag","embeddable":true,"href":"https:\/\/imagazine.it\/home_desk\/wp-json\/wp\/v2\/tags?post=70102"}],"curies":[{"name":"wp","href":"https:\/\/api.w.org\/{rel}","templated":true}]}}