{"id":70092,"date":"2025-12-09T15:45:42","date_gmt":"2025-12-09T14:45:42","guid":{"rendered":"https:\/\/imagazine.it\/home_desk\/?p=70092"},"modified":"2025-12-10T17:09:54","modified_gmt":"2025-12-10T16:09:54","slug":"larte-di-celiberti-nelle-dimore-storiche","status":"publish","type":"post","link":"https:\/\/imagazine.it\/home_desk\/larte-di-celiberti-nelle-dimore-storiche\/","title":{"rendered":"L&#8217;arte di Celiberti nelle dimore storiche"},"content":{"rendered":"<p><span style=\"font-size: 10pt;\"><em>Celiberti a Villa Pace (ph. Karina Patcyna)<\/em><\/span><\/p>\n<p>UDINE<strong> \u2013 <\/strong>Tre dimore storiche del Friuli Venezia Giulia e le opere di uno dei pi\u00f9 importanti artisti del Novecento diventano protagoniste di un viaggio nei luoghi dell\u2019arte.<\/p>\n<p>Nasce cos\u00ec <strong>\u201c<em>Celiberti per l\u2019Unesco. La Storia, la Natura e l\u2019Arte<\/em>\u201d<\/strong>, iniziativa promossa dal <strong>Club per l\u2019Unesco di Udine<\/strong>, capofila del progetto, con l\u2019adesione dell\u2019<strong>Associazione Dimore Storiche Italiane (ADSI) \u2013 sezione Friuli Venezia Giulia<\/strong>.<\/p>\n<p><strong>Venerd\u00ec 12 e sabato 13 dicembre<\/strong> sar\u00e0 possibile intraprendere questo percorso immersivo attraverso i giardini e gli interni di tre dimore storiche della regione, impreziosite dalle opere del pittore e scultore <strong>Giorgio Celiberti<\/strong>.<\/p>\n<p>Il progetto, gi\u00e0 avviato, vedr\u00e0 l&#8217;apertura al pubblico di Villa Pace di Tapogliano, Palazzo Orgnani di Udine e Villa Attems di Lucinico venerd\u00ec 12 e sabato 13 dicembre 2025, il 23 e il 24 gennaio, il 6 e 7 febbraio 2026, il 13 e 14 marzo. Nei giardini saranno esposte alcune opere di Celiberti, mentre gli ambienti interni delle ville saranno visitabili con <strong>apposite visite guidate dai proprietari<\/strong>, riservate ai partecipanti alla raccolta fondi.<\/p>\n<p>La donazione minima \u00e8 di <strong>10 euro a persona<\/strong>, e l\u2019ingresso \u00e8 <strong>gratuito per i minori accompagnati<\/strong>. I proventi sosterranno il progetto \u201cCeliberti per l\u2019Unesco\u201d e le attivit\u00e0 di valorizzazione delle dimore storiche.<\/p>\n<p>La <strong>prenotazione \u00e8 obbligatoria<\/strong> e pu\u00f2 essere effettuata sul sito <span style=\"text-decoration: underline;\"><a href=\"http:\/\/arteinvilla.org\" target=\"_blank\" rel=\"noopener\"><strong>arteinvilla.org<\/strong><\/a><\/span>.<\/p>\n<figure id=\"attachment_70094\" aria-describedby=\"caption-attachment-70094\" style=\"width: 800px\" class=\"wp-caption aligncenter\"><img loading=\"lazy\" decoding=\"async\" class=\"size-full wp-image-70094\" src=\"https:\/\/imagazine.it\/wp-content\/uploads\/2025\/12\/cavallo-e-cavaliere-rampante-Villa-Attems-1.jpg\" alt=\"\" width=\"800\" height=\"600\" title=\"\" srcset=\"https:\/\/imagazine.it\/wp-content\/uploads\/2025\/12\/cavallo-e-cavaliere-rampante-Villa-Attems-1.jpg 800w, https:\/\/imagazine.it\/wp-content\/uploads\/2025\/12\/cavallo-e-cavaliere-rampante-Villa-Attems-1-300x225.jpg 300w, https:\/\/imagazine.it\/wp-content\/uploads\/2025\/12\/cavallo-e-cavaliere-rampante-Villa-Attems-1-768x576.jpg 768w\" sizes=\"auto, (max-width: 800px) 100vw, 800px\" \/><figcaption id=\"caption-attachment-70094\" class=\"wp-caption-text\">L&#8217;opera &#8220;Cavallo e cavaliere rampante&#8221; a Villa Attems<\/figcaption><\/figure>\n<p>Grazie all\u2019adesione del Club per l\u2019Unesco di Udine alla <strong>Federazione Italiana dei Centri e Club per l\u2019Unesco<\/strong>, Ente di Formazione Nazionale riconosciuto dal MIUR, la partecipazione alle visite e alle esposizioni dedicate alle opere di Celiberti consentir\u00e0 inoltre l\u2019ottenimento di <strong>crediti formativi<\/strong> per le attivit\u00e0 extracurricolari.<\/p>\n","protected":false},"excerpt":{"rendered":"<p>Un fine settimana al mese, fino a marzo, i giardini di Villa Pace di Tapogliano, Palazzo Orgnani di Udine e Villa Attems di Lucinico accoglieranno le opere del maestro friulano<\/p>\n","protected":false},"author":28,"featured_media":70093,"comment_status":"closed","ping_status":"closed","sticky":false,"template":"","format":"image","meta":{"dwc-title":[""],"dwc-content":[""],"footnotes":""},"categories":[37],"tags":[165,1840,2583],"class_list":["post-70092","post","type-post","status-publish","format-image","has-post-thumbnail","hentry","category-cultura-e-spettacolo","tag-arte","tag-celiberti","tag-dimore","post_format-post-format-image"],"rttpg_featured_image_url":{"full":["https:\/\/imagazine.it\/wp-content\/uploads\/2025\/12\/celiberti_perusini-pace_ph.karina-patcyna.jpg",1366,991,false],"landscape":["https:\/\/imagazine.it\/wp-content\/uploads\/2025\/12\/celiberti_perusini-pace_ph.karina-patcyna.jpg",1366,991,false],"portraits":["https:\/\/imagazine.it\/wp-content\/uploads\/2025\/12\/celiberti_perusini-pace_ph.karina-patcyna.jpg",1366,991,false],"thumbnail":["https:\/\/imagazine.it\/wp-content\/uploads\/2025\/12\/celiberti_perusini-pace_ph.karina-patcyna-150x150.jpg",150,150,true],"medium":["https:\/\/imagazine.it\/wp-content\/uploads\/2025\/12\/celiberti_perusini-pace_ph.karina-patcyna-300x218.jpg",300,218,true],"large":["https:\/\/imagazine.it\/wp-content\/uploads\/2025\/12\/celiberti_perusini-pace_ph.karina-patcyna-1024x743.jpg",640,464,true],"thumblist":["https:\/\/imagazine.it\/wp-content\/uploads\/2025\/12\/celiberti_perusini-pace_ph.karina-patcyna-300x300.jpg",300,300,true],"thumbrelated":["https:\/\/imagazine.it\/wp-content\/uploads\/2025\/12\/celiberti_perusini-pace_ph.karina-patcyna-500x500.jpg",500,500,true],"meccarouselthumb":["https:\/\/imagazine.it\/wp-content\/uploads\/2025\/12\/celiberti_perusini-pace_ph.karina-patcyna-474x324.jpg",474,324,true],"gridsquare":["https:\/\/imagazine.it\/wp-content\/uploads\/2025\/12\/celiberti_perusini-pace_ph.karina-patcyna-391x260.jpg",391,260,true],"tileview":["https:\/\/imagazine.it\/wp-content\/uploads\/2025\/12\/celiberti_perusini-pace_ph.karina-patcyna-300x400.jpg",300,400,true],"1536x1536":["https:\/\/imagazine.it\/wp-content\/uploads\/2025\/12\/celiberti_perusini-pace_ph.karina-patcyna.jpg",1366,991,false],"2048x2048":["https:\/\/imagazine.it\/wp-content\/uploads\/2025\/12\/celiberti_perusini-pace_ph.karina-patcyna.jpg",1366,991,false],"newsup-slider-full":["https:\/\/imagazine.it\/wp-content\/uploads\/2025\/12\/celiberti_perusini-pace_ph.karina-patcyna-1280x720.jpg",1280,720,true],"newsup-featured":["https:\/\/imagazine.it\/wp-content\/uploads\/2025\/12\/celiberti_perusini-pace_ph.karina-patcyna-1024x743.jpg",1024,743,true],"newsup-medium":["https:\/\/imagazine.it\/wp-content\/uploads\/2025\/12\/celiberti_perusini-pace_ph.karina-patcyna-720x380.jpg",720,380,true],"tptn_thumbnail":["https:\/\/imagazine.it\/wp-content\/uploads\/2025\/12\/celiberti_perusini-pace_ph.karina-patcyna-250x210.jpg",250,210,true],"sow-carousel-default":["https:\/\/imagazine.it\/wp-content\/uploads\/2025\/12\/celiberti_perusini-pace_ph.karina-patcyna-272x182.jpg",272,182,true]},"rttpg_author":{"display_name":"redazione","author_link":"https:\/\/imagazine.it\/home_desk\/author\/redazione\/"},"rttpg_comment":0,"rttpg_category":"<a href=\"https:\/\/imagazine.it\/home_desk\/category\/cultura-e-spettacolo\/\" rel=\"category tag\">CULTURA&amp;SPETTACOLO<\/a>","rttpg_excerpt":"Un fine settimana al mese, fino a marzo, i giardini di Villa Pace di Tapogliano, Palazzo Orgnani di Udine e Villa Attems di Lucinico accoglieranno le opere del maestro friulano","_links":{"self":[{"href":"https:\/\/imagazine.it\/home_desk\/wp-json\/wp\/v2\/posts\/70092","targetHints":{"allow":["GET"]}}],"collection":[{"href":"https:\/\/imagazine.it\/home_desk\/wp-json\/wp\/v2\/posts"}],"about":[{"href":"https:\/\/imagazine.it\/home_desk\/wp-json\/wp\/v2\/types\/post"}],"author":[{"embeddable":true,"href":"https:\/\/imagazine.it\/home_desk\/wp-json\/wp\/v2\/users\/28"}],"replies":[{"embeddable":true,"href":"https:\/\/imagazine.it\/home_desk\/wp-json\/wp\/v2\/comments?post=70092"}],"version-history":[{"count":2,"href":"https:\/\/imagazine.it\/home_desk\/wp-json\/wp\/v2\/posts\/70092\/revisions"}],"predecessor-version":[{"id":70096,"href":"https:\/\/imagazine.it\/home_desk\/wp-json\/wp\/v2\/posts\/70092\/revisions\/70096"}],"wp:featuredmedia":[{"embeddable":true,"href":"https:\/\/imagazine.it\/home_desk\/wp-json\/wp\/v2\/media\/70093"}],"wp:attachment":[{"href":"https:\/\/imagazine.it\/home_desk\/wp-json\/wp\/v2\/media?parent=70092"}],"wp:term":[{"taxonomy":"category","embeddable":true,"href":"https:\/\/imagazine.it\/home_desk\/wp-json\/wp\/v2\/categories?post=70092"},{"taxonomy":"post_tag","embeddable":true,"href":"https:\/\/imagazine.it\/home_desk\/wp-json\/wp\/v2\/tags?post=70092"}],"curies":[{"name":"wp","href":"https:\/\/api.w.org\/{rel}","templated":true}]}}