{"id":70039,"date":"2025-12-05T17:05:53","date_gmt":"2025-12-05T16:05:53","guid":{"rendered":"https:\/\/imagazine.it\/home_desk\/?p=70039"},"modified":"2025-12-11T16:43:34","modified_gmt":"2025-12-11T15:43:34","slug":"cividale-nella-rete-delle-learning-cities-unesco","status":"publish","type":"post","link":"https:\/\/imagazine.it\/home_desk\/cividale-nella-rete-delle-learning-cities-unesco\/","title":{"rendered":"Cividale nella rete delle Learning Cities UNESCO"},"content":{"rendered":"<p><span style=\"font-size: 10pt;\"><em>Ponte del Diavolo a Cividale (ph. Claudio Pizzin)<\/em><\/span><\/p>\n<p>CIVIDALE DEL FRIULI \u2013 Cividale del Friuli \u00e8 stata <strong>ufficialmente riconosciuta come <em>Learning City<\/em> dall\u2019UNESCO<\/strong>, entrando a far parte del <em>Global Network of Learning Cities<\/em> (GNLC).<\/p>\n<p>In Italia nel 2025 solo Cividale e Brescia hanno ottenuto questo riconoscimento, che evidenzia l\u2019impegno della citt\u00e0 nell\u2019offrire opportunit\u00e0 educative inclusive e di qualit\u00e0, facilitando lo sviluppo e lo scambio di buone pratiche.<\/p>\n<p>Cividale del Friuli entra cos\u00ec a far parte di una rete mondiale composta da 425 citt\u00e0 diffuse in 91 Paesi.<\/p>\n<p>Si tratta di un doppio riconoscimento per la citt\u00e0, che gi\u00e0 nel 2011 aveva ricevuto il titolo UNESCO per il sito <em>Longobardi in Italia. I luoghi del potere (568-774 d.C.)<\/em>.<\/p>\n<p>Questo nuovo traguardo premia il lavoro costante del Comune e della comunit\u00e0 cividalese nelle attivit\u00e0 culturali ed educative.<\/p>\n<p>\u201cQuesto traguardo<em> \u2013 <\/em>afferma la vicesindaca e assessora alle Politiche e Programmazione europea, <strong>Giorgia Carlig <\/strong><em>\u2013 <\/em>rappresenta non solo il doppio riconoscimento UNESCO per la nostra citt\u00e0, ma \u00e8 anche la chiara dimostrazione che il lavoro svolto negli anni, in particolare sulle attivit\u00e0 legate alla cultura e all\u2019apprendimento, meritava pienamente questo risultato. Una Learning City \u00e8 un contesto urbano che pone l&#8217;apprendimento al centro per migliorare la qualit\u00e0 della vita, promuovere la crescita economica sostenibile e favorire l&#8217;inclusione sociale. Questo modello, promosso dall&#8217;UNESCO, si fonda sull&#8217;idea che l&#8217;apprendimento debba abbracciare ogni fase della vita e ogni ambito della societ\u00e0, andando oltre l&#8217;istruzione formale\u201d<em>.<\/em><\/p>\n","protected":false},"excerpt":{"rendered":"<p>Per l&#8217;impegno nell\u2019offrire opportunit\u00e0 educative inclusive e di qualit\u00e0. Unico sito in Italia assieme a Brescia a entrare quest\u2019anno nel network<\/p>\n","protected":false},"author":28,"featured_media":63507,"comment_status":"closed","ping_status":"closed","sticky":false,"template":"","format":"image","meta":{"dwc-title":[""],"dwc-content":[""],"footnotes":""},"categories":[8],"tags":[170,1369],"class_list":["post-70039","post","type-post","status-publish","format-image","has-post-thumbnail","hentry","category-turismo","tag-cividale","tag-unesco","post_format-post-format-image"],"rttpg_featured_image_url":{"full":["https:\/\/imagazine.it\/wp-content\/uploads\/2025\/03\/ponte-da-sotto-pizzin.jpg",1366,781,false],"landscape":["https:\/\/imagazine.it\/wp-content\/uploads\/2025\/03\/ponte-da-sotto-pizzin.jpg",1366,781,false],"portraits":["https:\/\/imagazine.it\/wp-content\/uploads\/2025\/03\/ponte-da-sotto-pizzin.jpg",1366,781,false],"thumbnail":["https:\/\/imagazine.it\/wp-content\/uploads\/2025\/03\/ponte-da-sotto-pizzin-150x150.jpg",150,150,true],"medium":["https:\/\/imagazine.it\/wp-content\/uploads\/2025\/03\/ponte-da-sotto-pizzin-300x172.jpg",300,172,true],"large":["https:\/\/imagazine.it\/wp-content\/uploads\/2025\/03\/ponte-da-sotto-pizzin-1024x585.jpg",640,366,true],"thumblist":["https:\/\/imagazine.it\/wp-content\/uploads\/2025\/03\/ponte-da-sotto-pizzin-300x300.jpg",300,300,true],"thumbrelated":["https:\/\/imagazine.it\/wp-content\/uploads\/2025\/03\/ponte-da-sotto-pizzin-500x500.jpg",500,500,true],"meccarouselthumb":["https:\/\/imagazine.it\/wp-content\/uploads\/2025\/03\/ponte-da-sotto-pizzin-474x324.jpg",474,324,true],"gridsquare":["https:\/\/imagazine.it\/wp-content\/uploads\/2025\/03\/ponte-da-sotto-pizzin-391x260.jpg",391,260,true],"tileview":["https:\/\/imagazine.it\/wp-content\/uploads\/2025\/03\/ponte-da-sotto-pizzin-300x400.jpg",300,400,true],"1536x1536":["https:\/\/imagazine.it\/wp-content\/uploads\/2025\/03\/ponte-da-sotto-pizzin.jpg",1366,781,false],"2048x2048":["https:\/\/imagazine.it\/wp-content\/uploads\/2025\/03\/ponte-da-sotto-pizzin.jpg",1366,781,false],"newsup-slider-full":["https:\/\/imagazine.it\/wp-content\/uploads\/2025\/03\/ponte-da-sotto-pizzin-1280x720.jpg",1280,720,true],"newsup-featured":["https:\/\/imagazine.it\/wp-content\/uploads\/2025\/03\/ponte-da-sotto-pizzin-1024x585.jpg",1024,585,true],"newsup-medium":["https:\/\/imagazine.it\/wp-content\/uploads\/2025\/03\/ponte-da-sotto-pizzin-720x380.jpg",720,380,true],"tptn_thumbnail":["https:\/\/imagazine.it\/wp-content\/uploads\/2025\/03\/ponte-da-sotto-pizzin-250x210.jpg",250,210,true],"sow-carousel-default":["https:\/\/imagazine.it\/wp-content\/uploads\/2025\/03\/ponte-da-sotto-pizzin-272x182.jpg",272,182,true]},"rttpg_author":{"display_name":"redazione","author_link":"https:\/\/imagazine.it\/home_desk\/author\/redazione\/"},"rttpg_comment":0,"rttpg_category":"<a href=\"https:\/\/imagazine.it\/home_desk\/category\/turismo\/\" rel=\"category tag\">TURISMO<\/a>","rttpg_excerpt":"Per l'impegno nell\u2019offrire opportunit\u00e0 educative inclusive e di qualit\u00e0. Unico sito in Italia assieme a Brescia a entrare quest\u2019anno nel network","_links":{"self":[{"href":"https:\/\/imagazine.it\/home_desk\/wp-json\/wp\/v2\/posts\/70039","targetHints":{"allow":["GET"]}}],"collection":[{"href":"https:\/\/imagazine.it\/home_desk\/wp-json\/wp\/v2\/posts"}],"about":[{"href":"https:\/\/imagazine.it\/home_desk\/wp-json\/wp\/v2\/types\/post"}],"author":[{"embeddable":true,"href":"https:\/\/imagazine.it\/home_desk\/wp-json\/wp\/v2\/users\/28"}],"replies":[{"embeddable":true,"href":"https:\/\/imagazine.it\/home_desk\/wp-json\/wp\/v2\/comments?post=70039"}],"version-history":[{"count":2,"href":"https:\/\/imagazine.it\/home_desk\/wp-json\/wp\/v2\/posts\/70039\/revisions"}],"predecessor-version":[{"id":70041,"href":"https:\/\/imagazine.it\/home_desk\/wp-json\/wp\/v2\/posts\/70039\/revisions\/70041"}],"wp:featuredmedia":[{"embeddable":true,"href":"https:\/\/imagazine.it\/home_desk\/wp-json\/wp\/v2\/media\/63507"}],"wp:attachment":[{"href":"https:\/\/imagazine.it\/home_desk\/wp-json\/wp\/v2\/media?parent=70039"}],"wp:term":[{"taxonomy":"category","embeddable":true,"href":"https:\/\/imagazine.it\/home_desk\/wp-json\/wp\/v2\/categories?post=70039"},{"taxonomy":"post_tag","embeddable":true,"href":"https:\/\/imagazine.it\/home_desk\/wp-json\/wp\/v2\/tags?post=70039"}],"curies":[{"name":"wp","href":"https:\/\/api.w.org\/{rel}","templated":true}]}}