{"id":69988,"date":"2025-12-04T12:55:32","date_gmt":"2025-12-04T11:55:32","guid":{"rendered":"https:\/\/imagazine.it\/home_desk\/?p=69988"},"modified":"2025-12-05T16:20:56","modified_gmt":"2025-12-05T15:20:56","slug":"da-aquileia-il-nuovo-futuro-della-romea-strata","status":"publish","type":"post","link":"https:\/\/imagazine.it\/home_desk\/da-aquileia-il-nuovo-futuro-della-romea-strata\/","title":{"rendered":"Da Aquileia il nuovo futuro della Romea Strata"},"content":{"rendered":"<p><span style=\"font-size: 10pt;\"><em>Rui Gomes e don Raimondo Sinibaldi<\/em><\/span><\/p>\n<p>AQUILEIA \u2013 Il Friuli Venezia Giulia, con Aquileia come citt\u00e0 simbolo della sua storia millenaria, ha accolto la celebrazione per la recente certificazione della <strong><em>Romea Strata<\/em><\/strong> come <strong>Itinerario Culturale del Consiglio d\u2019Europa<\/strong>, riconoscimento confermato dal <em>Governing Board<\/em> dell\u2019EPA durante il 14\u00b0 <em>Advisory Forum<\/em> in Cappadocia (Turchia).<\/p>\n<p>L\u2019appuntamento ha riunito rappresentanti del Consiglio d\u2019Europa, figure di rilievo internazionale, studiosi, amministratori e la rete dei soci <em>Romea Strata<\/em>.<\/p>\n<p>Dopo i saluti istituzionali del presidente del Consiglio regionale, <strong>Mauro Bordin<\/strong>, del sindaco di Aquileia, <strong>Emanuele Zorino<\/strong>, del direttore dell\u2019Istituto Europeo degli Itinerari Culturali e Segretario Esecutivo dell\u2019EPA, <strong>Rui Gomes<\/strong>, di <strong>Angela Ferretti<\/strong> del Ministero Italiano della Cultura e di <strong>don<\/strong> <strong>Raimondo Sinibaldi<\/strong>, presidente dell\u2019Associazione Europea Romea Strata, la giornata \u00e8 proseguita con una serie di dialoghi e confronti che hanno dato spazio a esempi pratici dello sviluppo culturale e turistico generato dalla <em>Romea Strata<\/em>.<\/p>\n<p>Si \u00e8 parlato di rigenerazione dei territori attraverso il turismo culturale \u2013 a cura di <strong>Sabrina Meneghello<\/strong> (Universit\u00e0 Ca\u2019 Foscari Venezia) \u2013 seguito da una tavola rotonda sulle buone pratiche europee, con contributi da Italia, Polonia, Lituania e Austria: esperienze educative con i giovani pellegrini, il coinvolgimento dei comuni lungo il tracciato, progetti dedicati all\u2019accessibilit\u00e0 e modelli collaborativi di <em>governance<\/em> locale.<\/p>\n<p>Presentati inoltre i <em>Romea Strata Awards<\/em>, introdotti da <strong>Linda Straume<\/strong> (Camino Latvia), che valorizzano i protagonisti distintisi nel corso dell\u2019anno.<\/p>\n<p>La mattinata \u00e8 proseguita con una tavola rotonda internazionale con rappresentanti della Via di Cirillo e Metodio, delle Vie di Sant\u2019Olav e della Rotta dei Fenici, in un confronto tra itinerari culturali europei considerati veri laboratori di innovazione.<\/p>\n<p>La vicepresidente <strong>Christa Engliger<\/strong> ha concluso l\u2019evento presentando poi le strategie 2025\u20132030, delineando obiettivi, traiettorie di sviluppo e nuove sfide.<\/p>\n<p><em>\u201cLa Romea Strata \u2013 <\/em>ha dichiarato <strong>don Raimondo Sinibaldi<\/strong><em> \u2013 non \u00e8 solo un susseguirsi di chilometri, ma una rete di persone, territori e opportunit\u00e0. La certificazione ottenuta \u00e8 la dimostrazione che il nostro network, composto da una grande variet\u00e0 di soggetti pubblici e privati, \u00e8 solido, efficace e unito. Dobbiamo continuare a camminare insieme, in modo sempre pi\u00f9 concreto e sinergico trasformando la certificazione in azioni: migliorare l&#8217;ospitalit\u00e0, garantire la sicurezza e la manutenzione dei percorsi, valorizzare le gemme nascoste del patrimonio lungo i 4.700 km dell&#8217;itinerario, promuovere dunque la Romea Strata sui mercati europei. Solo attraverso una collaborazione continua, unita e fattiva potremo assicurare la crescita sostenibile della Romea Strata, facendone un punto di riferimento tra i cammini d&#8217;Europa\u201d.<\/em><\/p>\n","protected":false},"excerpt":{"rendered":"<p>Autorit\u00e0 nazionali ed europee hanno celebrato la certificazione a &#8220;Itinerario Culturale del Consiglio d\u2019Europa&#8221;. Con prospettive ambiziose<\/p>\n","protected":false},"author":28,"featured_media":69989,"comment_status":"closed","ping_status":"closed","sticky":false,"template":"","format":"image","meta":{"dwc-title":[""],"dwc-content":[""],"footnotes":""},"categories":[8],"tags":[349,2889],"class_list":["post-69988","post","type-post","status-publish","format-image","has-post-thumbnail","hentry","category-turismo","tag-aquileia","tag-cammini","post_format-post-format-image"],"rttpg_featured_image_url":{"full":["https:\/\/imagazine.it\/wp-content\/uploads\/2025\/12\/Rui-Gomes-e-Raimondo-Sinibaldi.jpeg",1366,888,false],"landscape":["https:\/\/imagazine.it\/wp-content\/uploads\/2025\/12\/Rui-Gomes-e-Raimondo-Sinibaldi.jpeg",1366,888,false],"portraits":["https:\/\/imagazine.it\/wp-content\/uploads\/2025\/12\/Rui-Gomes-e-Raimondo-Sinibaldi.jpeg",1366,888,false],"thumbnail":["https:\/\/imagazine.it\/wp-content\/uploads\/2025\/12\/Rui-Gomes-e-Raimondo-Sinibaldi-150x150.jpeg",150,150,true],"medium":["https:\/\/imagazine.it\/wp-content\/uploads\/2025\/12\/Rui-Gomes-e-Raimondo-Sinibaldi-300x195.jpeg",300,195,true],"large":["https:\/\/imagazine.it\/wp-content\/uploads\/2025\/12\/Rui-Gomes-e-Raimondo-Sinibaldi-1024x666.jpeg",640,416,true],"thumblist":["https:\/\/imagazine.it\/wp-content\/uploads\/2025\/12\/Rui-Gomes-e-Raimondo-Sinibaldi-300x300.jpeg",300,300,true],"thumbrelated":["https:\/\/imagazine.it\/wp-content\/uploads\/2025\/12\/Rui-Gomes-e-Raimondo-Sinibaldi-500x500.jpeg",500,500,true],"meccarouselthumb":["https:\/\/imagazine.it\/wp-content\/uploads\/2025\/12\/Rui-Gomes-e-Raimondo-Sinibaldi-474x324.jpeg",474,324,true],"gridsquare":["https:\/\/imagazine.it\/wp-content\/uploads\/2025\/12\/Rui-Gomes-e-Raimondo-Sinibaldi-391x260.jpeg",391,260,true],"tileview":["https:\/\/imagazine.it\/wp-content\/uploads\/2025\/12\/Rui-Gomes-e-Raimondo-Sinibaldi-300x400.jpeg",300,400,true],"1536x1536":["https:\/\/imagazine.it\/wp-content\/uploads\/2025\/12\/Rui-Gomes-e-Raimondo-Sinibaldi.jpeg",1366,888,false],"2048x2048":["https:\/\/imagazine.it\/wp-content\/uploads\/2025\/12\/Rui-Gomes-e-Raimondo-Sinibaldi.jpeg",1366,888,false],"newsup-slider-full":["https:\/\/imagazine.it\/wp-content\/uploads\/2025\/12\/Rui-Gomes-e-Raimondo-Sinibaldi-1280x720.jpeg",1280,720,true],"newsup-featured":["https:\/\/imagazine.it\/wp-content\/uploads\/2025\/12\/Rui-Gomes-e-Raimondo-Sinibaldi-1024x666.jpeg",1024,666,true],"newsup-medium":["https:\/\/imagazine.it\/wp-content\/uploads\/2025\/12\/Rui-Gomes-e-Raimondo-Sinibaldi-720x380.jpeg",720,380,true],"tptn_thumbnail":["https:\/\/imagazine.it\/wp-content\/uploads\/2025\/12\/Rui-Gomes-e-Raimondo-Sinibaldi-250x210.jpeg",250,210,true],"sow-carousel-default":["https:\/\/imagazine.it\/wp-content\/uploads\/2025\/12\/Rui-Gomes-e-Raimondo-Sinibaldi-272x182.jpeg",272,182,true]},"rttpg_author":{"display_name":"redazione","author_link":"https:\/\/imagazine.it\/home_desk\/author\/redazione\/"},"rttpg_comment":0,"rttpg_category":"<a href=\"https:\/\/imagazine.it\/home_desk\/category\/turismo\/\" rel=\"category tag\">TURISMO<\/a>","rttpg_excerpt":"Autorit\u00e0 nazionali ed europee hanno celebrato la certificazione a \"Itinerario Culturale del Consiglio d\u2019Europa\". Con prospettive ambiziose","_links":{"self":[{"href":"https:\/\/imagazine.it\/home_desk\/wp-json\/wp\/v2\/posts\/69988","targetHints":{"allow":["GET"]}}],"collection":[{"href":"https:\/\/imagazine.it\/home_desk\/wp-json\/wp\/v2\/posts"}],"about":[{"href":"https:\/\/imagazine.it\/home_desk\/wp-json\/wp\/v2\/types\/post"}],"author":[{"embeddable":true,"href":"https:\/\/imagazine.it\/home_desk\/wp-json\/wp\/v2\/users\/28"}],"replies":[{"embeddable":true,"href":"https:\/\/imagazine.it\/home_desk\/wp-json\/wp\/v2\/comments?post=69988"}],"version-history":[{"count":2,"href":"https:\/\/imagazine.it\/home_desk\/wp-json\/wp\/v2\/posts\/69988\/revisions"}],"predecessor-version":[{"id":69991,"href":"https:\/\/imagazine.it\/home_desk\/wp-json\/wp\/v2\/posts\/69988\/revisions\/69991"}],"wp:featuredmedia":[{"embeddable":true,"href":"https:\/\/imagazine.it\/home_desk\/wp-json\/wp\/v2\/media\/69989"}],"wp:attachment":[{"href":"https:\/\/imagazine.it\/home_desk\/wp-json\/wp\/v2\/media?parent=69988"}],"wp:term":[{"taxonomy":"category","embeddable":true,"href":"https:\/\/imagazine.it\/home_desk\/wp-json\/wp\/v2\/categories?post=69988"},{"taxonomy":"post_tag","embeddable":true,"href":"https:\/\/imagazine.it\/home_desk\/wp-json\/wp\/v2\/tags?post=69988"}],"curies":[{"name":"wp","href":"https:\/\/api.w.org\/{rel}","templated":true}]}}