{"id":69968,"date":"2025-12-04T09:53:48","date_gmt":"2025-12-04T08:53:48","guid":{"rendered":"https:\/\/imagazine.it\/home_desk\/?p=69968"},"modified":"2025-12-05T10:41:02","modified_gmt":"2025-12-05T09:41:02","slug":"inaugura-il-presepe-animato-di-perteole","status":"publish","type":"post","link":"https:\/\/imagazine.it\/home_desk\/inaugura-il-presepe-animato-di-perteole\/","title":{"rendered":"Inaugura il Presepe Animato di Perteole"},"content":{"rendered":"<p><span style=\"font-size: 10pt;\"><em>Il Presepe Animato di Perteole con l&#8217;alternanza del giorno e della notte<\/em><\/span><\/p>\n<p>RUDA \u2013 L&#8217;attesa \u00e8 finita per l&#8217;appuntamento natalizio con la storia e la tecnica. Il celebre <strong>Presepe Animato di Perteole<\/strong> sar\u00e0 inaugurato l&#8217;8 dicembre dopo la messa delle ore 11. Tuttavia, il pubblico potr\u00e0 accedere alle <strong>sale espositive a partire da domenica 21 dicembre<\/strong> e le visite proseguiranno fino a domenica 18 gennaio 2026.<\/p>\n<p>Per consentire a tutti di ammirare l&#8217;opera in un clima di tranquillit\u00e0, gli orari di apertura sono stati cos\u00ec definiti: domeniche e festivi (dal 21 dicembre al 18 gennaio) 10.30-12 e 14-19; giorni feriali (dal 22 dicembre al 5 gennaio) 14-19.<\/p>\n<p>A Perteole si rinnova ogni Natale un &#8220;miracolo&#8221; che fonde fede, artigianato e tecnologia: il celebre Presepe Animato. Una tradizione che affonda le radici nei primi anni del Novecento e che, attraversando guerre e generazioni, \u00e8 diventata un vero e proprio simbolo della comunit\u00e0.<\/p>\n<p>L&#8217;installazione, gestita oggi dall&#8217;attiva <strong>Associazione Amici del Presepe Animato di Perteole<\/strong>, non \u00e8 solo una rappresentazione della Nativit\u00e0, ma la testimonianza di un&#8217;ingegneria popolare che si evolve con il tempo.<\/p>\n<p>La storia si divide in tre grandi ere tecniche, le cosiddette &#8220;macchine&#8221;. Fu un&#8217;idea rivoluzionaria per l&#8217;epoca: abbandonare le statiche statuine in favore del movimento.<\/p>\n<p>La &#8220;Prima Macchina&#8221; nacque grazie all&#8217;ingegno del sagrestano e di alcuni amici, che impiegarono un rudimentale motore elettrico, pulegge di legno e cordini per animare le statuine intagliate. Un successo immediato che gi\u00e0 negli anni Venti richiamava folle di visitatori in comitiva. Purtroppo, l&#8217;opera si ferm\u00f2 bruscamente con gli anni bui del secondo conflitto mondiale. La rinascita del dopoguerra port\u00f2 con s\u00e9 una forte spinta a ricostruire e onorare le tradizioni.<\/p>\n<p>Un gruppo di paesani, raccogliendo l&#8217;eredit\u00e0 dei padri, diede vita alla &#8220;Seconda Macchina&#8221;, riprendendo lo stile del presepe originale ma arricchendolo con nuove figure animate. Il vero salto di qualit\u00e0 avvenne nel 1968. Una nuova generazione di giovani, armati di passione e delle nuove competenze acquisite nei rispettivi ambienti professionali, decise di &#8220;ripartire da zero&#8221;.<\/p>\n<p>Nacquero cos\u00ec le fondamenta della &#8220;Terza Macchina&#8221;, il presepe che conosciamo oggi. La novit\u00e0 non fu solo meccanica, ma anche scenografica: si abbandon\u00f2 lo scenario tradizionale locale per adottare un&#8217;ambientazione fedele al paesaggio palestinese, con l&#8217;intento di rappresentare minuziosamente la vita e i mestieri ai tempi della nascita di Ges\u00f9.<\/p>\n<p>Oggi, il Presepe Animato di Perteole \u00e8 un capolavoro di miniatura e meccatronica, la continua evoluzione lo ha portato a integrare pienamente le moderne tecnologie. Il vasto e complesso sistema elettro-meccanico, che muove centinaia di personaggi in scene di vita quotidiana e mestieri, \u00e8 interamente sincronizzato e gestito da un computer. Questo garantisce una precisione millimetrica nell&#8217;alternanza del ciclo giorno\/notte, negli effetti luminosi e sonori, rendendo l&#8217;esperienza per il visitatore non solo devozionale, ma profondamente immersiva.<\/p>\n<div id=\"metaslider-id-69969\" style=\"max-width: 700px;\" class=\"ml-slider-3-108-0 metaslider metaslider-flex metaslider-69969 ml-slider has-dots-nav ms-theme-default-base\" role=\"region\" aria-label=\"Presepe Animato di Perteole 2025\" data-height=\"500\" data-width=\"700\">\n    <div id=\"metaslider_container_69969\">\n        <div id=\"metaslider_69969\">\n            <ul aria-live='off' class='slides'>\n                <li style=\"display: block; width: 100%;\" class=\"slide-69974 ms-image \" aria-roledescription=\"slide\" data-date=\"2025-12-04 09:50:15\" data-filename=\"presepe-perteole-2025-01.jpg\" data-slide-type=\"image\"><img loading=\"lazy\" decoding=\"async\" width=\"1000\" height=\"750\" src=\"https:\/\/imagazine.it\/wp-content\/uploads\/2025\/12\/presepe-perteole-2025-01.jpg\" class=\"slider-69969 slide-69974 msDefaultImage\" alt=\"\" rel=\"\" title=\"presepe perteole 2025 01\" srcset=\"https:\/\/imagazine.it\/wp-content\/uploads\/2025\/12\/presepe-perteole-2025-01.jpg 1000w, https:\/\/imagazine.it\/wp-content\/uploads\/2025\/12\/presepe-perteole-2025-01-300x225.jpg 300w, https:\/\/imagazine.it\/wp-content\/uploads\/2025\/12\/presepe-perteole-2025-01-768x576.jpg 768w\" sizes=\"auto, (max-width: 1000px) 100vw, 1000px\"><\/li>\n                <li style=\"display: none; width: 100%;\" class=\"slide-69975 ms-image \" aria-roledescription=\"slide\" data-date=\"2025-12-04 09:50:15\" data-filename=\"presepe-perteole-2025-02.jpg\" data-slide-type=\"image\"><img loading=\"lazy\" decoding=\"async\" width=\"1000\" height=\"750\" src=\"https:\/\/imagazine.it\/wp-content\/uploads\/2025\/12\/presepe-perteole-2025-02.jpg\" class=\"slider-69969 slide-69975 msDefaultImage\" alt=\"\" rel=\"\" title=\"presepe perteole 2025 02\" srcset=\"https:\/\/imagazine.it\/wp-content\/uploads\/2025\/12\/presepe-perteole-2025-02.jpg 1000w, https:\/\/imagazine.it\/wp-content\/uploads\/2025\/12\/presepe-perteole-2025-02-300x225.jpg 300w, https:\/\/imagazine.it\/wp-content\/uploads\/2025\/12\/presepe-perteole-2025-02-768x576.jpg 768w\" sizes=\"auto, (max-width: 1000px) 100vw, 1000px\"><\/li>\n                <li style=\"display: none; width: 100%;\" class=\"slide-69976 ms-image \" aria-roledescription=\"slide\" data-date=\"2025-12-04 09:50:16\" data-filename=\"presepe-perteole-2025-04.jpg\" data-slide-type=\"image\"><img loading=\"lazy\" decoding=\"async\" width=\"1000\" height=\"672\" src=\"https:\/\/imagazine.it\/wp-content\/uploads\/2025\/12\/presepe-perteole-2025-04.jpg\" class=\"slider-69969 slide-69976 msDefaultImage\" alt=\"\" rel=\"\" title=\"presepe perteole 2025 04\" srcset=\"https:\/\/imagazine.it\/wp-content\/uploads\/2025\/12\/presepe-perteole-2025-04.jpg 1000w, https:\/\/imagazine.it\/wp-content\/uploads\/2025\/12\/presepe-perteole-2025-04-300x202.jpg 300w, https:\/\/imagazine.it\/wp-content\/uploads\/2025\/12\/presepe-perteole-2025-04-768x516.jpg 768w, https:\/\/imagazine.it\/wp-content\/uploads\/2025\/12\/presepe-perteole-2025-04-272x182.jpg 272w\" sizes=\"auto, (max-width: 1000px) 100vw, 1000px\"><\/li>\n                <li style=\"display: none; width: 100%;\" class=\"slide-69977 ms-image \" aria-roledescription=\"slide\" data-date=\"2025-12-04 09:50:16\" data-filename=\"presepe-perteole-2025-05-nativita.jpg\" data-slide-type=\"image\"><img loading=\"lazy\" decoding=\"async\" width=\"1000\" height=\"610\" src=\"https:\/\/imagazine.it\/wp-content\/uploads\/2025\/12\/presepe-perteole-2025-05-nativita.jpg\" class=\"slider-69969 slide-69977 msDefaultImage\" alt=\"\" rel=\"\" title=\"presepe perteole 2025 05 nativit\u00e0\" srcset=\"https:\/\/imagazine.it\/wp-content\/uploads\/2025\/12\/presepe-perteole-2025-05-nativita.jpg 1000w, https:\/\/imagazine.it\/wp-content\/uploads\/2025\/12\/presepe-perteole-2025-05-nativita-300x183.jpg 300w, https:\/\/imagazine.it\/wp-content\/uploads\/2025\/12\/presepe-perteole-2025-05-nativita-768x468.jpg 768w\" sizes=\"auto, (max-width: 1000px) 100vw, 1000px\"><\/li>\n            <\/ul>\n        <\/div>\n        \n    <\/div>\n<\/div>\n<p>Questa opera, che celebra il secolo di storia e di devozione comunitaria, \u00e8 un chiaro esempio di come la tenacia e la creativit\u00e0 friulana abbiano saputo mantenere viva una delle pi\u00f9 sentite tradizioni natalizie, trasformandola in un&#8217;attrazione di rilievo regionale. Gli organizzatori sono lieti di offrire la possibilit\u00e0 di visite guidate riservate a comitive e gruppi numerosi (di almeno 15-20 persone).<\/p>\n<p>Queste visite possono essere effettuate anche in giorni e orari diversi da quelli prestabiliti per l&#8217;apertura al pubblico, previo concordo dell&#8217;appuntamento con qualche giorno di preavviso. Durante la visita, avrete l&#8217;opportunit\u00e0 di ricevere un&#8217;illustrazione dettagliata del presepe e della sua storia.<\/p>\n<p>Per prenotazioni e per concordare un appuntamento, si prega di telefonare ai numeri: 349 0569736 o 377 2827525, inoltre, presso la sala espositiva, \u00e8 disponibile la pubblicazione che ripercorre &#8220;un secolo di storia del presepe&#8221;.<\/p>\n","protected":false},"excerpt":{"rendered":"<p>Una realt\u00e0 che fonde fede, artigianato e tecnologia: testimonianza di un&#8217;ingegneria popolare che si evolve con il tempo<\/p>\n","protected":false},"author":22,"featured_media":69978,"comment_status":"closed","ping_status":"closed","sticky":false,"template":"","format":"image","meta":{"dwc-title":[""],"dwc-content":[""],"footnotes":""},"categories":[37],"tags":[1204,2322,212,976],"class_list":["post-69968","post","type-post","status-publish","format-image","has-post-thumbnail","hentry","category-cultura-e-spettacolo","tag-perteole","tag-presepe","tag-ruda","tag-tecnologia","post_format-post-format-image"],"rttpg_featured_image_url":{"full":["https:\/\/imagazine.it\/wp-content\/uploads\/2025\/12\/presepe-perteole-2025-03.jpg",1366,843,false],"landscape":["https:\/\/imagazine.it\/wp-content\/uploads\/2025\/12\/presepe-perteole-2025-03.jpg",1366,843,false],"portraits":["https:\/\/imagazine.it\/wp-content\/uploads\/2025\/12\/presepe-perteole-2025-03.jpg",1366,843,false],"thumbnail":["https:\/\/imagazine.it\/wp-content\/uploads\/2025\/12\/presepe-perteole-2025-03-150x150.jpg",150,150,true],"medium":["https:\/\/imagazine.it\/wp-content\/uploads\/2025\/12\/presepe-perteole-2025-03-300x185.jpg",300,185,true],"large":["https:\/\/imagazine.it\/wp-content\/uploads\/2025\/12\/presepe-perteole-2025-03-1024x632.jpg",640,395,true],"thumblist":["https:\/\/imagazine.it\/wp-content\/uploads\/2025\/12\/presepe-perteole-2025-03-300x300.jpg",300,300,true],"thumbrelated":["https:\/\/imagazine.it\/wp-content\/uploads\/2025\/12\/presepe-perteole-2025-03-500x500.jpg",500,500,true],"meccarouselthumb":["https:\/\/imagazine.it\/wp-content\/uploads\/2025\/12\/presepe-perteole-2025-03-474x324.jpg",474,324,true],"gridsquare":["https:\/\/imagazine.it\/wp-content\/uploads\/2025\/12\/presepe-perteole-2025-03-391x260.jpg",391,260,true],"tileview":["https:\/\/imagazine.it\/wp-content\/uploads\/2025\/12\/presepe-perteole-2025-03-300x400.jpg",300,400,true],"1536x1536":["https:\/\/imagazine.it\/wp-content\/uploads\/2025\/12\/presepe-perteole-2025-03.jpg",1366,843,false],"2048x2048":["https:\/\/imagazine.it\/wp-content\/uploads\/2025\/12\/presepe-perteole-2025-03.jpg",1366,843,false],"newsup-slider-full":["https:\/\/imagazine.it\/wp-content\/uploads\/2025\/12\/presepe-perteole-2025-03-1280x720.jpg",1280,720,true],"newsup-featured":["https:\/\/imagazine.it\/wp-content\/uploads\/2025\/12\/presepe-perteole-2025-03-1024x632.jpg",1024,632,true],"newsup-medium":["https:\/\/imagazine.it\/wp-content\/uploads\/2025\/12\/presepe-perteole-2025-03-720x380.jpg",720,380,true],"tptn_thumbnail":["https:\/\/imagazine.it\/wp-content\/uploads\/2025\/12\/presepe-perteole-2025-03-250x210.jpg",250,210,true],"sow-carousel-default":["https:\/\/imagazine.it\/wp-content\/uploads\/2025\/12\/presepe-perteole-2025-03-272x182.jpg",272,182,true]},"rttpg_author":{"display_name":"Livio Nonis","author_link":"https:\/\/imagazine.it\/home_desk\/author\/nonis\/"},"rttpg_comment":0,"rttpg_category":"<a href=\"https:\/\/imagazine.it\/home_desk\/category\/cultura-e-spettacolo\/\" rel=\"category tag\">CULTURA&amp;SPETTACOLO<\/a>","rttpg_excerpt":"Una realt\u00e0 che fonde fede, artigianato e tecnologia: testimonianza di un'ingegneria popolare che si evolve con il tempo","_links":{"self":[{"href":"https:\/\/imagazine.it\/home_desk\/wp-json\/wp\/v2\/posts\/69968","targetHints":{"allow":["GET"]}}],"collection":[{"href":"https:\/\/imagazine.it\/home_desk\/wp-json\/wp\/v2\/posts"}],"about":[{"href":"https:\/\/imagazine.it\/home_desk\/wp-json\/wp\/v2\/types\/post"}],"author":[{"embeddable":true,"href":"https:\/\/imagazine.it\/home_desk\/wp-json\/wp\/v2\/users\/22"}],"replies":[{"embeddable":true,"href":"https:\/\/imagazine.it\/home_desk\/wp-json\/wp\/v2\/comments?post=69968"}],"version-history":[{"count":2,"href":"https:\/\/imagazine.it\/home_desk\/wp-json\/wp\/v2\/posts\/69968\/revisions"}],"predecessor-version":[{"id":69980,"href":"https:\/\/imagazine.it\/home_desk\/wp-json\/wp\/v2\/posts\/69968\/revisions\/69980"}],"wp:featuredmedia":[{"embeddable":true,"href":"https:\/\/imagazine.it\/home_desk\/wp-json\/wp\/v2\/media\/69978"}],"wp:attachment":[{"href":"https:\/\/imagazine.it\/home_desk\/wp-json\/wp\/v2\/media?parent=69968"}],"wp:term":[{"taxonomy":"category","embeddable":true,"href":"https:\/\/imagazine.it\/home_desk\/wp-json\/wp\/v2\/categories?post=69968"},{"taxonomy":"post_tag","embeddable":true,"href":"https:\/\/imagazine.it\/home_desk\/wp-json\/wp\/v2\/tags?post=69968"}],"curies":[{"name":"wp","href":"https:\/\/api.w.org\/{rel}","templated":true}]}}