{"id":69951,"date":"2025-12-03T14:59:08","date_gmt":"2025-12-03T13:59:08","guid":{"rendered":"https:\/\/imagazine.it\/home_desk\/?p=69951"},"modified":"2025-12-03T14:59:08","modified_gmt":"2025-12-03T13:59:08","slug":"numeri-record-per-lute-bassa-friulana","status":"publish","type":"post","link":"https:\/\/imagazine.it\/home_desk\/numeri-record-per-lute-bassa-friulana\/","title":{"rendered":"Numeri record per l&#8217;UTE Bassa friulana"},"content":{"rendered":"<p><span style=\"font-size: 10pt;\"><em>Da sinistra Coretti, don Marotta, Luongo e Balducci<\/em><\/span><\/p>\n<p>CERVIGNANO DEL FRIULI \u2013 Anche se le lezioni all\u2019Universit\u00e0 della Terza Et\u00e0 sono iniziate da una quarantina di giorni, luned\u00ec primo dicembre si \u00e8 tenuta la classica cerimonia di inaugurazione dell\u2019anno accademico.<\/p>\n<p>L&#8217;evento, svoltosi al \u201cPasolini\u201d, ha riunito molti tra \u201cstudenti\u201d e insegnanti per l&#8217;apertura ufficiale.<\/p>\n<p>A fare gli onori di casa \u00e8 stata la presidente <strong>Irina Coretti<\/strong> che ha invitato sul palco le istituzioni che collaborano con l\u2019UTE di Cervignano &#8211; Bassa Friulana. Hanno portato i loro saluti: il sindaco di Cervignano, <strong>Andrea Balducci<\/strong>, il vicesindaco di Fiumicello Villa Vicentina, <strong>Fabio Luongo<\/strong>, e il parroco <strong>don Sinuhe Marotta<\/strong>.<\/p>\n<p>La relazione della presidente Coretti ha dipinto un quadro di successo. L\u2019UTE apre l&#8217;anno con numeri da record: <strong>932 iscritti<\/strong>, di cui 204 sono nuovi soci.<\/p>\n<p>Un dato che non sorprende, dimostrando quanto sia forte il desiderio di ritrovarsi, imparare e, soprattutto, condividere tempo di qualit\u00e0.<\/p>\n<p>Dietro questo successo c&#8217;\u00e8 un&#8217;imponente macchina organizzativa: 120 docenti, 30 collaboratori, 10 membri del Direttivo e 14 sedi operative, tutte in funzione grazie anche al sostegno degli enti locali.<\/p>\n<p>Ma l&#8217;UTE non si siede sugli allori. L&#8217;offerta didattica si rinnova con 140 corsi curriculari che spaziano dai classici (lingue, filosofia, storia) fino alle frontiere pi\u00f9 attuali, inclusi i laboratori di informatica e l&#8217;introduzione dell\u2019Intelligenza Artificiale. Particolare attenzione viene riservata anche a benessere, sport e arti.<\/p>\n<p>La vera sorpresa, e novit\u00e0 assoluta, \u00e8 l&#8217;apertura all&#8217;Europa: per la prima volta, l\u2019UTE partecipa al programma Erasmus+. Quattro corsisti e collaboratori hanno gi\u00e0 concluso un&#8217;esperienza formativa all\u2019estero, vivendo una piena immersione linguistica e culturale che presto sar\u00e0 ricambiata con l&#8217;accoglienza di studenti europei. Infine, l&#8217;anno accademico \u00e8 dedicato a una figura amatissima dell\u2019associazione, <strong>Nella Zanella Perazzoni<\/strong>, ricordata per la sua generosit\u00e0, competenza e il suo inconfondibile sorriso.<\/p>\n<p>L\u2019UTE riparte cos\u00ec, forte di un &#8220;grande NOI&#8221;: una comunit\u00e0 viva che studia, si emoziona e che continua a cercare insieme il piacere del sapere, dimostrando che la Terza Et\u00e0 \u00e8, oggi pi\u00f9 che mai, l\u2019et\u00e0 della ripartenza.<\/p>\n<figure id=\"attachment_69953\" aria-describedby=\"caption-attachment-69953\" style=\"width: 1000px\" class=\"wp-caption aligncenter\"><img loading=\"lazy\" decoding=\"async\" class=\"size-full wp-image-69953\" src=\"https:\/\/imagazine.it\/wp-content\/uploads\/2025\/12\/inizio-ute-2025-04.jpg\" alt=\"\" width=\"1000\" height=\"680\" title=\"\" srcset=\"https:\/\/imagazine.it\/wp-content\/uploads\/2025\/12\/inizio-ute-2025-04.jpg 1000w, https:\/\/imagazine.it\/wp-content\/uploads\/2025\/12\/inizio-ute-2025-04-300x204.jpg 300w, https:\/\/imagazine.it\/wp-content\/uploads\/2025\/12\/inizio-ute-2025-04-768x522.jpg 768w\" sizes=\"auto, (max-width: 1000px) 100vw, 1000px\" \/><figcaption id=\"caption-attachment-69953\" class=\"wp-caption-text\">Lo spettacolo &#8220;Alle donne costituenti&#8221;<\/figcaption><\/figure>\n<p>La serata \u00e8 stata allietata dallo spettacolo musicale \u201c<em>Alle donne Costituenti<\/em>\u201d del <strong>gruppo Talea della Scuola di musica di Ruda<\/strong>, diretto da <strong>Delia Stabile<\/strong>, al pianoforte il maestro <strong>Alberto Olivo<\/strong> che ha saputo emozionare e coinvolgere i presenti con un\u2019esibizione di alta qualit\u00e0.<\/p>\n","protected":false},"excerpt":{"rendered":"<p>Inaugurato ufficialmente a Cervignano l&#8217;anno accademico dell&#8217;Universit\u00e0 della Terza Et\u00e0. Sono 932 gli iscritti, 120 i docenti<\/p>\n","protected":false},"author":22,"featured_media":69952,"comment_status":"closed","ping_status":"closed","sticky":false,"template":"","format":"image","meta":{"dwc-title":[""],"dwc-content":[""],"footnotes":""},"categories":[5],"tags":[189,119,3652,2471],"class_list":["post-69951","post","type-post","status-publish","format-image","has-post-thumbnail","hentry","category-attualita","tag-anziani","tag-cervignano","tag-fornazione","tag-tempo-libero","post_format-post-format-image"],"rttpg_featured_image_url":{"full":["https:\/\/imagazine.it\/wp-content\/uploads\/2025\/12\/inizio-ute-2025-01.jpg",1366,796,false],"landscape":["https:\/\/imagazine.it\/wp-content\/uploads\/2025\/12\/inizio-ute-2025-01.jpg",1366,796,false],"portraits":["https:\/\/imagazine.it\/wp-content\/uploads\/2025\/12\/inizio-ute-2025-01.jpg",1366,796,false],"thumbnail":["https:\/\/imagazine.it\/wp-content\/uploads\/2025\/12\/inizio-ute-2025-01-150x150.jpg",150,150,true],"medium":["https:\/\/imagazine.it\/wp-content\/uploads\/2025\/12\/inizio-ute-2025-01-300x175.jpg",300,175,true],"large":["https:\/\/imagazine.it\/wp-content\/uploads\/2025\/12\/inizio-ute-2025-01-1024x597.jpg",640,373,true],"thumblist":["https:\/\/imagazine.it\/wp-content\/uploads\/2025\/12\/inizio-ute-2025-01-300x300.jpg",300,300,true],"thumbrelated":["https:\/\/imagazine.it\/wp-content\/uploads\/2025\/12\/inizio-ute-2025-01-500x500.jpg",500,500,true],"meccarouselthumb":["https:\/\/imagazine.it\/wp-content\/uploads\/2025\/12\/inizio-ute-2025-01-474x324.jpg",474,324,true],"gridsquare":["https:\/\/imagazine.it\/wp-content\/uploads\/2025\/12\/inizio-ute-2025-01-391x260.jpg",391,260,true],"tileview":["https:\/\/imagazine.it\/wp-content\/uploads\/2025\/12\/inizio-ute-2025-01-300x400.jpg",300,400,true],"1536x1536":["https:\/\/imagazine.it\/wp-content\/uploads\/2025\/12\/inizio-ute-2025-01.jpg",1366,796,false],"2048x2048":["https:\/\/imagazine.it\/wp-content\/uploads\/2025\/12\/inizio-ute-2025-01.jpg",1366,796,false],"newsup-slider-full":["https:\/\/imagazine.it\/wp-content\/uploads\/2025\/12\/inizio-ute-2025-01-1280x720.jpg",1280,720,true],"newsup-featured":["https:\/\/imagazine.it\/wp-content\/uploads\/2025\/12\/inizio-ute-2025-01-1024x597.jpg",1024,597,true],"newsup-medium":["https:\/\/imagazine.it\/wp-content\/uploads\/2025\/12\/inizio-ute-2025-01-720x380.jpg",720,380,true],"tptn_thumbnail":["https:\/\/imagazine.it\/wp-content\/uploads\/2025\/12\/inizio-ute-2025-01-250x210.jpg",250,210,true],"sow-carousel-default":["https:\/\/imagazine.it\/wp-content\/uploads\/2025\/12\/inizio-ute-2025-01-272x182.jpg",272,182,true]},"rttpg_author":{"display_name":"Livio Nonis","author_link":"https:\/\/imagazine.it\/home_desk\/author\/nonis\/"},"rttpg_comment":0,"rttpg_category":"<a href=\"https:\/\/imagazine.it\/home_desk\/category\/attualita\/\" rel=\"category tag\">ATTUALIT\u00c0<\/a>","rttpg_excerpt":"Inaugurato ufficialmente a Cervignano l'anno accademico dell'Universit\u00e0 della Terza Et\u00e0. Sono 932 gli iscritti, 120 i docenti","_links":{"self":[{"href":"https:\/\/imagazine.it\/home_desk\/wp-json\/wp\/v2\/posts\/69951","targetHints":{"allow":["GET"]}}],"collection":[{"href":"https:\/\/imagazine.it\/home_desk\/wp-json\/wp\/v2\/posts"}],"about":[{"href":"https:\/\/imagazine.it\/home_desk\/wp-json\/wp\/v2\/types\/post"}],"author":[{"embeddable":true,"href":"https:\/\/imagazine.it\/home_desk\/wp-json\/wp\/v2\/users\/22"}],"replies":[{"embeddable":true,"href":"https:\/\/imagazine.it\/home_desk\/wp-json\/wp\/v2\/comments?post=69951"}],"version-history":[{"count":1,"href":"https:\/\/imagazine.it\/home_desk\/wp-json\/wp\/v2\/posts\/69951\/revisions"}],"predecessor-version":[{"id":69954,"href":"https:\/\/imagazine.it\/home_desk\/wp-json\/wp\/v2\/posts\/69951\/revisions\/69954"}],"wp:featuredmedia":[{"embeddable":true,"href":"https:\/\/imagazine.it\/home_desk\/wp-json\/wp\/v2\/media\/69952"}],"wp:attachment":[{"href":"https:\/\/imagazine.it\/home_desk\/wp-json\/wp\/v2\/media?parent=69951"}],"wp:term":[{"taxonomy":"category","embeddable":true,"href":"https:\/\/imagazine.it\/home_desk\/wp-json\/wp\/v2\/categories?post=69951"},{"taxonomy":"post_tag","embeddable":true,"href":"https:\/\/imagazine.it\/home_desk\/wp-json\/wp\/v2\/tags?post=69951"}],"curies":[{"name":"wp","href":"https:\/\/api.w.org\/{rel}","templated":true}]}}