{"id":69905,"date":"2025-11-28T17:17:59","date_gmt":"2025-11-28T16:17:59","guid":{"rendered":"https:\/\/imagazine.it\/home_desk\/?p=69905"},"modified":"2025-12-02T12:45:54","modified_gmt":"2025-12-02T11:45:54","slug":"trieste-premia-alberto-maiolo","status":"publish","type":"post","link":"https:\/\/imagazine.it\/home_desk\/trieste-premia-alberto-maiolo\/","title":{"rendered":"Trieste premia Alberto Maiolo"},"content":{"rendered":"<p><span style=\"font-size: 10pt;\"><em>Da sinistra di Paola Panteca, Maiolo e Dipiazza <\/em><\/span><\/p>\n<p>TRIESTE \u2013 Il sindaco\u00a0<strong>Roberto Dipiazza<\/strong>\u00a0ha conferito oggi nel Salotto Azzurro municipale alla presenza del presidente del Consiglio comunale,\u00a0<strong>Francesco di Paola Panteca<\/strong>, il <strong>Sigillo Trecentesco della Citt\u00e0 di Trieste<\/strong> al comandante dei Vigili del Fuoco di Trieste,\u00a0<strong>Alberto Maiolo<\/strong>, che lascer\u00e0 la citt\u00e0 per Venezia il 9 dicembre prossimo.<\/p>\n<p>Ha ricoperto l&#8217;incarico dal 21 agosto 2023 sostituendo Girolamo Bentivoglio Fiandra, nominato Comandante provinciale di Palermo.<\/p>\n<p>Queste le parole scritte\u00a0dal comandante Maiolo sul Libro d&#8217;Oro del\u00a0<strong>Comune di Trieste<\/strong>: \u201c<em>Caro sindaco, questa giornata per me rappresenta un momento di forte emozione e le tue parole lo sono ancora di pi\u00f9. Lavorare per questa meravigliosa Citt\u00e0 \u00e8 stato un onore<\/em>\u201d.<\/p>\n<p>Nato a Udine, l&#8217;ingegner\u00a0<strong>Maiolo<\/strong>\u00a0entra nel Corpo dei Vigili del fuoco nel 1989 per il servizio di leva, capendo che quello sar\u00e0 il suo futuro. Partecipa &#8211; e vince &#8211; un concorso pubblico rivolto alla selezione di funzionari tecnici, bandito nello stesso anno dal Ministero dell&#8217;Interno.<\/p>\n<p>Inizia cos\u00ec l&#8217;avventura professionale che lo porter\u00e0 a prestare servizio dapprima al Comando dei Vigili del fuoco di Trieste e poi alla Direzione regionale del Friuli Venezia Giulia.<\/p>\n<p>Ricopre incarichi prestigiosi sia a livello territoriale che nazionale, entrando a far parte dello Staff del Capo del Corpo nazionale, dirigente addetto della Direzione regionale dei Vigili del fuoco del Friuli Venezia Giulia, Comandante provinciale di Udine, di Treviso e, nominato dirigente superiore, comandante provinciale di Taranto.<\/p>\n<h3>Curriculum<\/h3>\n<p>Laurea in Ingegneria Edile a pieni voti assoluti e lode, conseguita all&#8217;Universit\u00e0 degli Studi di Trieste, Master di II livello in Ingegneria dell&#8217;Emergenza all&#8217;Universit\u00e0 &#8220;La Sapienza&#8221; di Roma e Master di II livello in &#8220;Homeland Security&#8221; all&#8217;Universit\u00e0 Campus Bio-Medico di Roma, relatore in seno al Comitato Centrale Tecnico Scientifico Nazionale, componente del Comitato Tecnico regionale per la Prevenzione Incendi e di quello per il Rischio Industriale delle Regioni Veneto &#8211; Trentino Alto Adige, Friuli Venezia Giulia e Puglia, Componente del Comitato Regionale di coordinamento in materia di salute e sicurezza sul lavoro della Regione Friuli Venezia Giulia, Analista di Rischio, Coordinatore di numerosi Gruppi di Lavoro nazionali e regionali e di Commissioni di Verifica Ispettiva in materia di Rischio di Incidente Rilevante, nonch\u00e9 Componente di vari Gruppi di lavoro in tema di sicurezza e ambiente costituiti in seno ad ISPRA.<\/p>\n<p>\u00c8\u00a0autore e coautore di numerose pubblicazioni in tema di Sicurezza, di Prevenzione Incendi e di Rischio Industriale. Ha partecipato a quasi tutte le calamit\u00e0 nazionali degli ultimi trent&#8217;anni, dal terremoto delle Marche-Umbria del 1997, al Terremoto dell&#8217;Aquila del 2009, all&#8217;alluvione di Messina del 2009, al terremoto dell&#8217;Emilia Romagna del 2012, a quello dell&#8217;Italia Centrale del 2016-2017, fino ai soccorsi per la tragedia di Rigopiano del 2017.<\/p>\n","protected":false},"excerpt":{"rendered":"<p>Conferito il Sigillo trecentesco della Citt\u00e0 al comandante dei vigili del fuoco. Dal 9 dicembre operativo il trasferimento a Venezia <\/p>\n","protected":false},"author":28,"featured_media":69906,"comment_status":"closed","ping_status":"closed","sticky":false,"template":"","format":"image","meta":{"dwc-title":[""],"dwc-content":[""],"footnotes":""},"categories":[5],"tags":[540,65,1002],"class_list":["post-69905","post","type-post","status-publish","format-image","has-post-thumbnail","hentry","category-attualita","tag-premi","tag-trieste","tag-vigili-del-fuoco","post_format-post-format-image"],"rttpg_featured_image_url":{"full":["https:\/\/imagazine.it\/wp-content\/uploads\/2025\/11\/maioli.jpg",1366,819,false],"landscape":["https:\/\/imagazine.it\/wp-content\/uploads\/2025\/11\/maioli.jpg",1366,819,false],"portraits":["https:\/\/imagazine.it\/wp-content\/uploads\/2025\/11\/maioli.jpg",1366,819,false],"thumbnail":["https:\/\/imagazine.it\/wp-content\/uploads\/2025\/11\/maioli-150x150.jpg",150,150,true],"medium":["https:\/\/imagazine.it\/wp-content\/uploads\/2025\/11\/maioli-300x180.jpg",300,180,true],"large":["https:\/\/imagazine.it\/wp-content\/uploads\/2025\/11\/maioli-1024x614.jpg",640,384,true],"thumblist":["https:\/\/imagazine.it\/wp-content\/uploads\/2025\/11\/maioli-300x300.jpg",300,300,true],"thumbrelated":["https:\/\/imagazine.it\/wp-content\/uploads\/2025\/11\/maioli-500x500.jpg",500,500,true],"meccarouselthumb":["https:\/\/imagazine.it\/wp-content\/uploads\/2025\/11\/maioli-474x324.jpg",474,324,true],"gridsquare":["https:\/\/imagazine.it\/wp-content\/uploads\/2025\/11\/maioli-391x260.jpg",391,260,true],"tileview":["https:\/\/imagazine.it\/wp-content\/uploads\/2025\/11\/maioli-300x400.jpg",300,400,true],"1536x1536":["https:\/\/imagazine.it\/wp-content\/uploads\/2025\/11\/maioli.jpg",1366,819,false],"2048x2048":["https:\/\/imagazine.it\/wp-content\/uploads\/2025\/11\/maioli.jpg",1366,819,false],"newsup-slider-full":["https:\/\/imagazine.it\/wp-content\/uploads\/2025\/11\/maioli-1280x720.jpg",1280,720,true],"newsup-featured":["https:\/\/imagazine.it\/wp-content\/uploads\/2025\/11\/maioli-1024x614.jpg",1024,614,true],"newsup-medium":["https:\/\/imagazine.it\/wp-content\/uploads\/2025\/11\/maioli-720x380.jpg",720,380,true],"tptn_thumbnail":["https:\/\/imagazine.it\/wp-content\/uploads\/2025\/11\/maioli-250x210.jpg",250,210,true],"sow-carousel-default":["https:\/\/imagazine.it\/wp-content\/uploads\/2025\/11\/maioli-272x182.jpg",272,182,true]},"rttpg_author":{"display_name":"redazione","author_link":"https:\/\/imagazine.it\/home_desk\/author\/redazione\/"},"rttpg_comment":0,"rttpg_category":"<a href=\"https:\/\/imagazine.it\/home_desk\/category\/attualita\/\" rel=\"category tag\">ATTUALIT\u00c0<\/a>","rttpg_excerpt":"Conferito il Sigillo trecentesco della Citt\u00e0 al comandante dei vigili del fuoco. Dal 9 dicembre operativo il trasferimento a Venezia","_links":{"self":[{"href":"https:\/\/imagazine.it\/home_desk\/wp-json\/wp\/v2\/posts\/69905","targetHints":{"allow":["GET"]}}],"collection":[{"href":"https:\/\/imagazine.it\/home_desk\/wp-json\/wp\/v2\/posts"}],"about":[{"href":"https:\/\/imagazine.it\/home_desk\/wp-json\/wp\/v2\/types\/post"}],"author":[{"embeddable":true,"href":"https:\/\/imagazine.it\/home_desk\/wp-json\/wp\/v2\/users\/28"}],"replies":[{"embeddable":true,"href":"https:\/\/imagazine.it\/home_desk\/wp-json\/wp\/v2\/comments?post=69905"}],"version-history":[{"count":2,"href":"https:\/\/imagazine.it\/home_desk\/wp-json\/wp\/v2\/posts\/69905\/revisions"}],"predecessor-version":[{"id":69908,"href":"https:\/\/imagazine.it\/home_desk\/wp-json\/wp\/v2\/posts\/69905\/revisions\/69908"}],"wp:featuredmedia":[{"embeddable":true,"href":"https:\/\/imagazine.it\/home_desk\/wp-json\/wp\/v2\/media\/69906"}],"wp:attachment":[{"href":"https:\/\/imagazine.it\/home_desk\/wp-json\/wp\/v2\/media?parent=69905"}],"wp:term":[{"taxonomy":"category","embeddable":true,"href":"https:\/\/imagazine.it\/home_desk\/wp-json\/wp\/v2\/categories?post=69905"},{"taxonomy":"post_tag","embeddable":true,"href":"https:\/\/imagazine.it\/home_desk\/wp-json\/wp\/v2\/tags?post=69905"}],"curies":[{"name":"wp","href":"https:\/\/api.w.org\/{rel}","templated":true}]}}