{"id":69816,"date":"2025-11-25T17:31:27","date_gmt":"2025-11-25T16:31:27","guid":{"rendered":"https:\/\/imagazine.it\/home_desk\/?p=69816"},"modified":"2025-11-26T18:01:02","modified_gmt":"2025-11-26T17:01:02","slug":"condividere-i-giochi-gorizia-punta-sul-dono-consapevole","status":"publish","type":"post","link":"https:\/\/imagazine.it\/home_desk\/condividere-i-giochi-gorizia-punta-sul-dono-consapevole\/","title":{"rendered":"Condividere i giochi: Gorizia punta sul dono consapevole"},"content":{"rendered":"<p><em><span style=\"font-size: 10pt;\">Da sinistra Tavella e Polverino<\/span><\/em><\/p>\n<p>GORIZIA \u2013 Si \u00e8 tenuta oggi a Palazzo Coronini la conferenza stampa del progetto\u00a0<strong>\u201c<em>ISA RePlay \u2013 Lunga vita ai giocattoli!<\/em>\u201d<\/strong>, promosso da\u00a0<strong>ISA Isontina Ambiente<\/strong>\u00a0in collaborazione con la\u00a0<strong>Fondazione Palazzo Coronini Cronberg<\/strong>.<\/p>\n<p>Come hanno evidenziato il direttore della Fondazione\u00a0<strong>Claudio Polverino<\/strong>\u00a0e il presidente di Isa Ambiente\u00a0<strong>Giulio Tavella<\/strong>, l\u2019iniziativa mira a sensibilizzare i pi\u00f9 piccoli sull\u2019importanza del riuso e del dono consapevole: donare un giocattolo che non usano pi\u00f9, per rendere felice un altro bambino che lo ricever\u00e0.<\/p>\n<p>La raccolta dei giocattoli avverr\u00e0 dal <strong>9 al 14 dicembre presso le Scuderie di Palazzo Coronini<\/strong>\u00a0(ingressi da viale XX Settembre 14 o via Coronini 1), negli orari di marted\u00ec dalle 10 alle 13, mercoled\u00ec, gioved\u00ec, venerd\u00ec, sabato e domenica dalle 15 alle 18.<\/p>\n<p>Saranno accettati solo giochi in buone condizioni, tra cui videogiochi, libri per ragazzi, fumetti, puzzle, giochi da tavolo, biciclette, tricicli e giochi interattivi. Non saranno invece accettati <em>peluche<\/em>, giochi in stoffa, abbigliamento, calzature o giocattoli rotti.<\/p>\n<p>L\u2019apertura dello\u00a0<strong>Spazio Replay<\/strong>\u00a0avverr\u00e0\u00a0<strong>mercoled\u00ec 17 dicembre alle ore 18<\/strong>\u00a0con un evento speciale: l\u2019esibizione del\u00a0<strong>coro della scuola primaria \u201cSant\u2019Angela Merici\u201d<\/strong>, diretto da<strong> Laura Belviso<\/strong>, e la partecipazione di\u00a0<strong>Babbo Natale<\/strong>, che inaugurer\u00e0 ufficialmente la distribuzione gratuita dei giochi.<\/p>\n<p>Fino al 24 dicembre, i bambini potranno recarsi a Palazzo Coronini e scegliere liberamente un nuovo giocattolo tra quelli disponibili, riscoprendo cos\u00ec la gioia della sorpresa e del dono.<\/p>\n<p>Lo spazio RePlay sar\u00e0 aperto: gioved\u00ec, venerd\u00ec, sabato e domenica dalle 10 alle 13 e dalle 15 alle 17.30, luned\u00ec e marted\u00ec dalle 10 alle 13 e mercoled\u00ec 24 dicembre dalle 10 alle 15.30.<\/p>\n<p>Le iniziative natalizie di Palazzo Coronini non finiscono qui. Per stimolare l\u2019immaginazione dei pi\u00f9 piccoli e avvicinare i bambini ai luoghi della cultura\u00a0<strong>venerd\u00ec 13 dicembre<\/strong>\u00a0\u00e8 in programma\u00a0<strong>\u201cLa notte dei pupazzi\u201d<\/strong>.<\/p>\n<p>Alle ore 18 i\u00a0<strong>bambini dai 3 agli 8 anni\u00a0<\/strong>potranno portare il loro pupazzo del cuore nel palazzo: i pupazzi resteranno per una notte tra le sale della dimora storica, circondati da arredi e oggetti antichi. Il giorno successivo,\u00a0<strong>sabato 13 dicembre alle ore 11<\/strong>, i piccoli proprietari torneranno per \u201critrovare\u201d il loro pupazzo e scoprire, attraverso un breve percorso, la storia della notte magica appena trascorsa.<\/p>\n<p>L\u2019attivit\u00e0 \u00e8 a numero chiuso,\u00a0<strong>con un massimo di 30 pupazzi ammessi<\/strong>, ed \u00e8 possibile partecipare solo su prenotazione, inviando un\u2019e-mail all\u2019indirizzo\u00a0<a href=\"mailto:info@coronini.it\">info@coronini.it<\/a>, indicando il nome del pupazzo e quello del bambino.<\/p>\n","protected":false},"excerpt":{"rendered":"<p>Iniziativa di Isontina Ambiente e Fondazione Palazzo Coronini Cronberg per sensibilizzare i pi\u00f9 piccoli sull\u2019importanza del riuso <\/p>\n","protected":false},"author":28,"featured_media":69817,"comment_status":"closed","ping_status":"closed","sticky":false,"template":"","format":"image","meta":{"dwc-title":[""],"dwc-content":[""],"footnotes":""},"categories":[5],"tags":[66,546,1223,43,398,1708],"class_list":["post-69816","post","type-post","status-publish","format-image","has-post-thumbnail","hentry","category-attualita","tag-ambiente","tag-bambini","tag-giochi","tag-gorizia","tag-natale","tag-riciclo","post_format-post-format-image"],"rttpg_featured_image_url":{"full":["https:\/\/imagazine.it\/wp-content\/uploads\/2025\/11\/isa-replay.jpg",1366,740,false],"landscape":["https:\/\/imagazine.it\/wp-content\/uploads\/2025\/11\/isa-replay.jpg",1366,740,false],"portraits":["https:\/\/imagazine.it\/wp-content\/uploads\/2025\/11\/isa-replay.jpg",1366,740,false],"thumbnail":["https:\/\/imagazine.it\/wp-content\/uploads\/2025\/11\/isa-replay-150x150.jpg",150,150,true],"medium":["https:\/\/imagazine.it\/wp-content\/uploads\/2025\/11\/isa-replay-300x163.jpg",300,163,true],"large":["https:\/\/imagazine.it\/wp-content\/uploads\/2025\/11\/isa-replay-1024x555.jpg",640,347,true],"thumblist":["https:\/\/imagazine.it\/wp-content\/uploads\/2025\/11\/isa-replay-300x300.jpg",300,300,true],"thumbrelated":["https:\/\/imagazine.it\/wp-content\/uploads\/2025\/11\/isa-replay-500x500.jpg",500,500,true],"meccarouselthumb":["https:\/\/imagazine.it\/wp-content\/uploads\/2025\/11\/isa-replay-474x324.jpg",474,324,true],"gridsquare":["https:\/\/imagazine.it\/wp-content\/uploads\/2025\/11\/isa-replay-391x260.jpg",391,260,true],"tileview":["https:\/\/imagazine.it\/wp-content\/uploads\/2025\/11\/isa-replay-300x400.jpg",300,400,true],"1536x1536":["https:\/\/imagazine.it\/wp-content\/uploads\/2025\/11\/isa-replay.jpg",1366,740,false],"2048x2048":["https:\/\/imagazine.it\/wp-content\/uploads\/2025\/11\/isa-replay.jpg",1366,740,false],"newsup-slider-full":["https:\/\/imagazine.it\/wp-content\/uploads\/2025\/11\/isa-replay-1280x720.jpg",1280,720,true],"newsup-featured":["https:\/\/imagazine.it\/wp-content\/uploads\/2025\/11\/isa-replay-1024x555.jpg",1024,555,true],"newsup-medium":["https:\/\/imagazine.it\/wp-content\/uploads\/2025\/11\/isa-replay-720x380.jpg",720,380,true],"tptn_thumbnail":["https:\/\/imagazine.it\/wp-content\/uploads\/2025\/11\/isa-replay-250x210.jpg",250,210,true],"sow-carousel-default":["https:\/\/imagazine.it\/wp-content\/uploads\/2025\/11\/isa-replay-272x182.jpg",272,182,true]},"rttpg_author":{"display_name":"redazione","author_link":"https:\/\/imagazine.it\/home_desk\/author\/redazione\/"},"rttpg_comment":0,"rttpg_category":"<a href=\"https:\/\/imagazine.it\/home_desk\/category\/attualita\/\" rel=\"category tag\">ATTUALIT\u00c0<\/a>","rttpg_excerpt":"Iniziativa di Isontina Ambiente e Fondazione Palazzo Coronini Cronberg per sensibilizzare i pi\u00f9 piccoli sull\u2019importanza del riuso","_links":{"self":[{"href":"https:\/\/imagazine.it\/home_desk\/wp-json\/wp\/v2\/posts\/69816","targetHints":{"allow":["GET"]}}],"collection":[{"href":"https:\/\/imagazine.it\/home_desk\/wp-json\/wp\/v2\/posts"}],"about":[{"href":"https:\/\/imagazine.it\/home_desk\/wp-json\/wp\/v2\/types\/post"}],"author":[{"embeddable":true,"href":"https:\/\/imagazine.it\/home_desk\/wp-json\/wp\/v2\/users\/28"}],"replies":[{"embeddable":true,"href":"https:\/\/imagazine.it\/home_desk\/wp-json\/wp\/v2\/comments?post=69816"}],"version-history":[{"count":2,"href":"https:\/\/imagazine.it\/home_desk\/wp-json\/wp\/v2\/posts\/69816\/revisions"}],"predecessor-version":[{"id":69819,"href":"https:\/\/imagazine.it\/home_desk\/wp-json\/wp\/v2\/posts\/69816\/revisions\/69819"}],"wp:featuredmedia":[{"embeddable":true,"href":"https:\/\/imagazine.it\/home_desk\/wp-json\/wp\/v2\/media\/69817"}],"wp:attachment":[{"href":"https:\/\/imagazine.it\/home_desk\/wp-json\/wp\/v2\/media?parent=69816"}],"wp:term":[{"taxonomy":"category","embeddable":true,"href":"https:\/\/imagazine.it\/home_desk\/wp-json\/wp\/v2\/categories?post=69816"},{"taxonomy":"post_tag","embeddable":true,"href":"https:\/\/imagazine.it\/home_desk\/wp-json\/wp\/v2\/tags?post=69816"}],"curies":[{"name":"wp","href":"https:\/\/api.w.org\/{rel}","templated":true}]}}