{"id":69583,"date":"2025-11-14T18:00:34","date_gmt":"2025-11-14T17:00:34","guid":{"rendered":"https:\/\/imagazine.it\/home_desk\/?p=69583"},"modified":"2025-11-17T17:12:50","modified_gmt":"2025-11-17T16:12:50","slug":"arte-e-creativita-per-contrastare-la-poverta-educativa","status":"publish","type":"post","link":"https:\/\/imagazine.it\/home_desk\/arte-e-creativita-per-contrastare-la-poverta-educativa\/","title":{"rendered":"Arte e creativit\u00e0 per contrastare la povert\u00e0 educativa"},"content":{"rendered":"<p><span style=\"font-size: 10pt;\"><em>La presentazione della progettualit\u00e0 nella sede della Fondazione Carigo a Gorizia<\/em><\/span><\/p>\n<p>GORIZIA \u2013 L&#8217;arte e la creativit\u00e0 entrano nelle <strong>scuole primarie della provincia di Gorizia<\/strong> per contrastare la povert\u00e0 educativa e promuovere l&#8217;inclusione.<\/p>\n<p>Parte il nuovo progetto triennale\u00a0<strong>&#8220;<em>Creo, Cambio, Cresco<\/em>&#8220;<\/strong>, un&#8217;iniziativa resa possibile dalla sinergia tra la\u00a0<strong>Fondazione Cassa di Risparmio di Gorizia<\/strong>\u00a0e la\u00a0<strong>Fondazione Pietro Pittini<\/strong>.<\/p>\n<p>Il programma, che prender\u00e0 il via nelle prossime settimane, coinvolger\u00e0 10 classi (dalla seconda alla quarta) nel comune di <strong>Monfalcone<\/strong> e sar\u00e0 curato dagli artisti professionisti di\u00a0<strong>Fondazione Mus-e Italia<\/strong>.<\/p>\n<p>Il progetto si rivolge a circa 200 alunni con l&#8217;obiettivo di offrire gratuitamente a scuole e famiglie un percorso di alta qualit\u00e0 per promuovere lo sviluppo cognitivo, emotivo e relazionale dei bambini.<\/p>\n<p>Concretamente, artisti professionisti con formazione pedagogica condurranno laboratori di arti visive, musica, teatro e danza per un totale di 27 ore per classe. Queste attivit\u00e0 si svolgeranno da gennaio a giugno durante l&#8217;orario curricolare, integrandosi con l&#8217;offerta formativa e coinvolgendo attivamente i docenti. L&#8217;accordo prevede un impegno economico da entrambe le parti: la\u00a0<strong>Fondazione Carigo contribuir\u00e0 con un massimo di 80.000 euro<\/strong>, a cui si aggiunge un impegno di almeno pari importo da parte della\u00a0<strong>Fondazione Pietro Pittini<\/strong>.<\/p>\n<p>Il cuore del progetto \u00e8 l&#8217;utilizzo dell&#8217;arte come linguaggio universale per stimolare la creativit\u00e0, l&#8217;autostima, l&#8217;esplorazione delle emozioni e il dialogo, sviluppando quelle competenze non cognitive \u2013 come l&#8217;empatia, la resilienza e la cooperazione \u2013 oggi fondamentali per la crescita dei futuri cittadini.<\/p>\n<p><em>&#8220;Il benessere dei bambini \u00e8 una responsabilit\u00e0 di tutti&#8221;<\/em>, ha dichiarato la\u00a0presidente della Fondazione Carigo,<strong> Roberta Demartin<\/strong>.\u00a0<em>&#8220;\u00c8 per questo che serve costruire e consolidare una &#8216;comunit\u00e0 educante&#8217; che li accompagni nella crescita e offra loro gli strumenti per coltivare autonomia e autostima. Crediamo che l\u2019esperienza e la pratica artistica siano tasselli importanti di questo processo, che vanno a integrare il percorso educativo scolastico. \u00c8 con grande piacere che diamo avvio a questa sinergia con la Fondazione Pietro Pittini, con cui condividiamo l\u2019obiettivo di promuovere programmi di apprendimento e formazione innovativi, precoci, accessibili e inclusivi per i nostri bambini e ragazzi&#8221;.<\/em><\/p>\n<p><em>\u201cSiamo molto felici \u2013 <\/em>ha affermato la\u00a0presidente della Fondazione Pietro Pittini,<strong> Marina Pittini<\/strong><em> \u2013 di avviare questo progetto insieme alla Fondazione Carigo, con cui condividiamo una visione comune: offrire a ogni bambino e bambina la possibilit\u00e0 di crescere in un ambiente educativo ricco di stimoli, capace di valorizzare il potenziale di ciascuno<\/em><strong>.\u00a0<\/strong><em>L\u2019arte, in particolare, \u00e8 uno straordinario strumento di espressione e di inclusione: attraverso il linguaggio creativo, i pi\u00f9 piccoli imparano a conoscersi, a collaborare e a guardare il mondo con curiosit\u00e0 e fiducia. Con Creo, Cambio, Cresco vogliamo portare questa opportunit\u00e0 nelle scuole, sostenendo gli insegnanti e le famiglie in un percorso condiviso di crescita e benessere\u201d.<\/em><\/p>\n<p><em>\u201cTutti gli studi recenti \u2013 <\/em>ha concluso <strong>Maria Garrone<\/strong>, presidente di\u00a0<strong>Fondazione Mus-e Italia ETS<\/strong><em> \u2013 ci mostrano che l\u2019esposizione permanente agli schermi elettronici atrofizza le aree creative dell\u2019intelligenza, che sono invece quelle pi\u00f9 richieste per costruire un futuro professionale soddisfacente e, pi\u00f9 in generale, una vita appagante. Con <\/em>Creo, Cambio, Cresco<em>\u00a0vogliamo educare attraverso l\u2019arte alla fruizione artistica e culturale, aiutando bambini e bambine ad appropriarsi di s\u00e9 e delle proprie competenze trasversali, e a sviluppare quel pensiero divergente che permette di vedere il mondo da prospettive nuove, coltivando curiosit\u00e0, immaginazione e libert\u00e0 interiore\u201d.<\/em><\/p>\n","protected":false},"excerpt":{"rendered":"<p>Parte dalle scuole primarie di Monfalcone il progetto che mira a promuovere l&#8217;inclusione e a sviluppare le competenze non cognitive dei pi\u00f9 giovani nella provincia isontina<\/p>\n","protected":false},"author":28,"featured_media":69584,"comment_status":"closed","ping_status":"closed","sticky":false,"template":"","format":"image","meta":{"dwc-title":[""],"dwc-content":[""],"footnotes":""},"categories":[37],"tags":[198,43,51,129],"class_list":["post-69583","post","type-post","status-publish","format-image","has-post-thumbnail","hentry","category-cultura-e-spettacolo","tag-educazione","tag-gorizia","tag-monfalcone","tag-scuola","post_format-post-format-image"],"rttpg_featured_image_url":{"full":["https:\/\/imagazine.it\/wp-content\/uploads\/2025\/11\/creo-cambio-cresco.jpg",1366,754,false],"landscape":["https:\/\/imagazine.it\/wp-content\/uploads\/2025\/11\/creo-cambio-cresco.jpg",1366,754,false],"portraits":["https:\/\/imagazine.it\/wp-content\/uploads\/2025\/11\/creo-cambio-cresco.jpg",1366,754,false],"thumbnail":["https:\/\/imagazine.it\/wp-content\/uploads\/2025\/11\/creo-cambio-cresco-150x150.jpg",150,150,true],"medium":["https:\/\/imagazine.it\/wp-content\/uploads\/2025\/11\/creo-cambio-cresco-300x166.jpg",300,166,true],"large":["https:\/\/imagazine.it\/wp-content\/uploads\/2025\/11\/creo-cambio-cresco-1024x565.jpg",640,353,true],"thumblist":["https:\/\/imagazine.it\/wp-content\/uploads\/2025\/11\/creo-cambio-cresco-300x300.jpg",300,300,true],"thumbrelated":["https:\/\/imagazine.it\/wp-content\/uploads\/2025\/11\/creo-cambio-cresco-500x500.jpg",500,500,true],"meccarouselthumb":["https:\/\/imagazine.it\/wp-content\/uploads\/2025\/11\/creo-cambio-cresco-474x324.jpg",474,324,true],"gridsquare":["https:\/\/imagazine.it\/wp-content\/uploads\/2025\/11\/creo-cambio-cresco-391x260.jpg",391,260,true],"tileview":["https:\/\/imagazine.it\/wp-content\/uploads\/2025\/11\/creo-cambio-cresco-300x400.jpg",300,400,true],"1536x1536":["https:\/\/imagazine.it\/wp-content\/uploads\/2025\/11\/creo-cambio-cresco.jpg",1366,754,false],"2048x2048":["https:\/\/imagazine.it\/wp-content\/uploads\/2025\/11\/creo-cambio-cresco.jpg",1366,754,false],"newsup-slider-full":["https:\/\/imagazine.it\/wp-content\/uploads\/2025\/11\/creo-cambio-cresco-1280x720.jpg",1280,720,true],"newsup-featured":["https:\/\/imagazine.it\/wp-content\/uploads\/2025\/11\/creo-cambio-cresco-1024x565.jpg",1024,565,true],"newsup-medium":["https:\/\/imagazine.it\/wp-content\/uploads\/2025\/11\/creo-cambio-cresco-720x380.jpg",720,380,true],"tptn_thumbnail":["https:\/\/imagazine.it\/wp-content\/uploads\/2025\/11\/creo-cambio-cresco-250x210.jpg",250,210,true],"sow-carousel-default":["https:\/\/imagazine.it\/wp-content\/uploads\/2025\/11\/creo-cambio-cresco-272x182.jpg",272,182,true]},"rttpg_author":{"display_name":"redazione","author_link":"https:\/\/imagazine.it\/home_desk\/author\/redazione\/"},"rttpg_comment":0,"rttpg_category":"<a href=\"https:\/\/imagazine.it\/home_desk\/category\/cultura-e-spettacolo\/\" rel=\"category tag\">CULTURA&amp;SPETTACOLO<\/a>","rttpg_excerpt":"Parte dalle scuole primarie di Monfalcone il progetto che mira a promuovere l'inclusione e a sviluppare le competenze non cognitive dei pi\u00f9 giovani nella provincia isontina","_links":{"self":[{"href":"https:\/\/imagazine.it\/home_desk\/wp-json\/wp\/v2\/posts\/69583","targetHints":{"allow":["GET"]}}],"collection":[{"href":"https:\/\/imagazine.it\/home_desk\/wp-json\/wp\/v2\/posts"}],"about":[{"href":"https:\/\/imagazine.it\/home_desk\/wp-json\/wp\/v2\/types\/post"}],"author":[{"embeddable":true,"href":"https:\/\/imagazine.it\/home_desk\/wp-json\/wp\/v2\/users\/28"}],"replies":[{"embeddable":true,"href":"https:\/\/imagazine.it\/home_desk\/wp-json\/wp\/v2\/comments?post=69583"}],"version-history":[{"count":2,"href":"https:\/\/imagazine.it\/home_desk\/wp-json\/wp\/v2\/posts\/69583\/revisions"}],"predecessor-version":[{"id":69586,"href":"https:\/\/imagazine.it\/home_desk\/wp-json\/wp\/v2\/posts\/69583\/revisions\/69586"}],"wp:featuredmedia":[{"embeddable":true,"href":"https:\/\/imagazine.it\/home_desk\/wp-json\/wp\/v2\/media\/69584"}],"wp:attachment":[{"href":"https:\/\/imagazine.it\/home_desk\/wp-json\/wp\/v2\/media?parent=69583"}],"wp:term":[{"taxonomy":"category","embeddable":true,"href":"https:\/\/imagazine.it\/home_desk\/wp-json\/wp\/v2\/categories?post=69583"},{"taxonomy":"post_tag","embeddable":true,"href":"https:\/\/imagazine.it\/home_desk\/wp-json\/wp\/v2\/tags?post=69583"}],"curies":[{"name":"wp","href":"https:\/\/api.w.org\/{rel}","templated":true}]}}