{"id":69202,"date":"2025-10-30T17:40:45","date_gmt":"2025-10-30T16:40:45","guid":{"rendered":"https:\/\/imagazine.it\/home_desk\/?p=69202"},"modified":"2025-10-30T17:40:45","modified_gmt":"2025-10-30T16:40:45","slug":"un-punto-di-ascolto-e-orientamento-gratuito-per-le-famiglie","status":"publish","type":"post","link":"https:\/\/imagazine.it\/home_desk\/un-punto-di-ascolto-e-orientamento-gratuito-per-le-famiglie\/","title":{"rendered":"Un punto di ascolto e orientamento gratuito per le famiglie"},"content":{"rendered":"<p><span style=\"font-size: 10pt;\"><em>La presentazione del progetto<\/em><\/span><\/p>\n<p>SAN VITO AL TORRE \u2013 L&#8217;Associazione &#8220;Santi Andrea Apostolo e Vito&#8221; lancia il progetto denominato <strong>S.P.I.N. (Supporto Personalizzato per l&#8217;Inclusione)<\/strong>, co-finanziato dalla Fondazione Friuli e mirato <strong>all&#8217;inclusione e al sostegno educativo-emotivo dei giovani<\/strong>.<\/p>\n<p>Il progetto \u00e8 stato presentato da <strong>Davide Zuttion<\/strong>, che ricopre il ruolo di coordinatore sia dei servizi integrativi scolastici dell&#8217;associazione, sia del progetto stesso.<\/p>\n<p>S.P.I.N. nasce come risposta diretta alle crescenti sfide che bambini e ragazzi affrontano durante la crescita, in particolare quelle legate a difficolt\u00e0 scolastiche, emotive o comportamentali.<\/p>\n<p>L&#8217;iniziativa, promossa dall&#8217;associazione di San Vito al Torre e dei comuni limitrofi, si pone come un supporto concreto e mirato per le famiglie del territorio. L\u2019associazione, gi\u00e0 attiva nella gestione di doposcuola, nido e mensa, ha scelto di fare un passo avanti per creare un ambiente educativo realmente inclusivo, in cui ogni giovane si senta accolto, valorizzato e sostenuto.<\/p>\n<p>Gli obiettivi: migliorare la qualit\u00e0 della vita dei bambini e ragazzi, favorire l\u2019inclusione e la partecipazione tra pari, supportare le famiglie nel riconoscere e affrontare i bisogni educativi speciali, creare una rete solida tra scuole, servizi sociali e risorse locali, promuovere la socializzazione anche intergenerazionale e prevenire il disagio e la dispersione scolastica.<\/p>\n<p>In questo contesto nasce lo <strong>sportello SPIN<\/strong>: un punto di ascolto e orientamento gratuito per le famiglie, gestito da pedagogisti, psicologi ed educatori.<\/p>\n<p>Offre percorsi educativi personalizzati, individuali o in piccoli gruppi, per bambini e ragazzi dai 6 ai 17 anni, con attivit\u00e0 strutturate, anche digitali, pensate per rispondere ai bisogni di apprendimento e sviluppo emotivo.<\/p>\n<p>Il progetto lavora in rete con enti territoriali per un sostegno integrato. SPIN \u00e8 molto pi\u00f9 di un doposcuola: \u00e8 una vera piattaforma educativa e sociale per costruire un futuro inclusivo e sereno.<\/p>\n","protected":false},"excerpt":{"rendered":"<p>Presentato il progetto SPIN a San Vito al Torre: una risposta alle difficolt\u00e0 scolastiche, emotive o comportamentali che i giovani affrontano durante la crescita<\/p>\n","protected":false},"author":22,"featured_media":69203,"comment_status":"closed","ping_status":"closed","sticky":false,"template":"","format":"image","meta":{"dwc-title":[""],"dwc-content":[""],"footnotes":""},"categories":[6],"tags":[286,400,83,282],"class_list":["post-69202","post","type-post","status-publish","format-image","has-post-thumbnail","hentry","category-societa","tag-famiglia","tag-formazione","tag-giovani","tag-san-vito","post_format-post-format-image"],"rttpg_featured_image_url":{"full":["https:\/\/imagazine.it\/wp-content\/uploads\/2025\/10\/SPIN-02.jpg",1366,736,false],"landscape":["https:\/\/imagazine.it\/wp-content\/uploads\/2025\/10\/SPIN-02.jpg",1366,736,false],"portraits":["https:\/\/imagazine.it\/wp-content\/uploads\/2025\/10\/SPIN-02.jpg",1366,736,false],"thumbnail":["https:\/\/imagazine.it\/wp-content\/uploads\/2025\/10\/SPIN-02-150x150.jpg",150,150,true],"medium":["https:\/\/imagazine.it\/wp-content\/uploads\/2025\/10\/SPIN-02-300x162.jpg",300,162,true],"large":["https:\/\/imagazine.it\/wp-content\/uploads\/2025\/10\/SPIN-02-1024x552.jpg",640,345,true],"thumblist":["https:\/\/imagazine.it\/wp-content\/uploads\/2025\/10\/SPIN-02-300x300.jpg",300,300,true],"thumbrelated":["https:\/\/imagazine.it\/wp-content\/uploads\/2025\/10\/SPIN-02-500x500.jpg",500,500,true],"meccarouselthumb":["https:\/\/imagazine.it\/wp-content\/uploads\/2025\/10\/SPIN-02-474x324.jpg",474,324,true],"gridsquare":["https:\/\/imagazine.it\/wp-content\/uploads\/2025\/10\/SPIN-02-391x260.jpg",391,260,true],"tileview":["https:\/\/imagazine.it\/wp-content\/uploads\/2025\/10\/SPIN-02-300x400.jpg",300,400,true],"1536x1536":["https:\/\/imagazine.it\/wp-content\/uploads\/2025\/10\/SPIN-02.jpg",1366,736,false],"2048x2048":["https:\/\/imagazine.it\/wp-content\/uploads\/2025\/10\/SPIN-02.jpg",1366,736,false],"newsup-slider-full":["https:\/\/imagazine.it\/wp-content\/uploads\/2025\/10\/SPIN-02-1280x720.jpg",1280,720,true],"newsup-featured":["https:\/\/imagazine.it\/wp-content\/uploads\/2025\/10\/SPIN-02-1024x552.jpg",1024,552,true],"newsup-medium":["https:\/\/imagazine.it\/wp-content\/uploads\/2025\/10\/SPIN-02-720x380.jpg",720,380,true],"tptn_thumbnail":["https:\/\/imagazine.it\/wp-content\/uploads\/2025\/10\/SPIN-02-250x210.jpg",250,210,true],"sow-carousel-default":["https:\/\/imagazine.it\/wp-content\/uploads\/2025\/10\/SPIN-02-272x182.jpg",272,182,true]},"rttpg_author":{"display_name":"Livio Nonis","author_link":"https:\/\/imagazine.it\/home_desk\/author\/nonis\/"},"rttpg_comment":0,"rttpg_category":"<a href=\"https:\/\/imagazine.it\/home_desk\/category\/societa\/\" rel=\"category tag\">SOCIET\u00c0<\/a>","rttpg_excerpt":"Presentato il progetto SPIN a San Vito al Torre: una risposta alle difficolt\u00e0 scolastiche, emotive o comportamentali che i giovani affrontano durante la crescita","_links":{"self":[{"href":"https:\/\/imagazine.it\/home_desk\/wp-json\/wp\/v2\/posts\/69202","targetHints":{"allow":["GET"]}}],"collection":[{"href":"https:\/\/imagazine.it\/home_desk\/wp-json\/wp\/v2\/posts"}],"about":[{"href":"https:\/\/imagazine.it\/home_desk\/wp-json\/wp\/v2\/types\/post"}],"author":[{"embeddable":true,"href":"https:\/\/imagazine.it\/home_desk\/wp-json\/wp\/v2\/users\/22"}],"replies":[{"embeddable":true,"href":"https:\/\/imagazine.it\/home_desk\/wp-json\/wp\/v2\/comments?post=69202"}],"version-history":[{"count":1,"href":"https:\/\/imagazine.it\/home_desk\/wp-json\/wp\/v2\/posts\/69202\/revisions"}],"predecessor-version":[{"id":69204,"href":"https:\/\/imagazine.it\/home_desk\/wp-json\/wp\/v2\/posts\/69202\/revisions\/69204"}],"wp:featuredmedia":[{"embeddable":true,"href":"https:\/\/imagazine.it\/home_desk\/wp-json\/wp\/v2\/media\/69203"}],"wp:attachment":[{"href":"https:\/\/imagazine.it\/home_desk\/wp-json\/wp\/v2\/media?parent=69202"}],"wp:term":[{"taxonomy":"category","embeddable":true,"href":"https:\/\/imagazine.it\/home_desk\/wp-json\/wp\/v2\/categories?post=69202"},{"taxonomy":"post_tag","embeddable":true,"href":"https:\/\/imagazine.it\/home_desk\/wp-json\/wp\/v2\/tags?post=69202"}],"curies":[{"name":"wp","href":"https:\/\/api.w.org\/{rel}","templated":true}]}}