{"id":69186,"date":"2025-10-30T15:50:25","date_gmt":"2025-10-30T14:50:25","guid":{"rendered":"https:\/\/imagazine.it\/home_desk\/?p=69186"},"modified":"2025-10-31T11:37:39","modified_gmt":"2025-10-31T10:37:39","slug":"muggia-sistema-il-museo-cara-e-quello-archeologico","status":"publish","type":"post","link":"https:\/\/imagazine.it\/home_desk\/muggia-sistema-il-museo-cara-e-quello-archeologico\/","title":{"rendered":"Muggia sistema il Museo Car\u00e0 e quello Archeologico"},"content":{"rendered":"<p><span style=\"font-size: 10pt;\"><em>Via libera ai progetti esecutivi per la ristrutturazione dei musei di Muggia<\/em><\/span><\/p>\n<p>MUGGIA \u2013 Concluso il <strong>progetto esecutivo<\/strong> per i lavori al <strong>museo Car\u00e0 di Muggia<\/strong>, che porteranno a una serie di manutenzioni ma soprattutto all\u2019abbattimento delle barriere architettoniche e al rifacimento della terrazza della struttura.<\/p>\n<p>Novit\u00e0 in vista poi per il <strong>Museo Archeologico<\/strong>, con diversi interventi, tra i quali la modifica dell\u2019ingresso, anche in questo caso per un accesso senza barriere architettoniche.<\/p>\n<p>Ad annunciare i lavori il vicesindaco e assessore alla Cultura, <strong>Nicola Delconte<\/strong>.<\/p>\n<p>\u201cGrazie a un contributo della Regione di 250mila euro \u2013 ricorda Delconte \u2013 al Museo Car\u00e0 sar\u00e0 rifatta la pavimentazione della terrazza, un punto molto suggestivo e affascinante, rimasto sempre chiuso finora, perch\u00e9 mai sistemato adeguatamente. Dove sono presenti alcune opere che in questo modo potranno essere valorizzate. Si provveder\u00e0 anche alla riparazione di uno spandimento, a interventi di impermeabilizzazione e alla posa di due cancelli dietro al museo, per una maggior tutela e protezione della palazzina. Ma soprattutto sar\u00e0 attivato l\u2019ascensore, che di fatto non ha funzionato quasi mai\u201d.<\/p>\n<p>Sono previsti anche altri interventi esterni, questa volta realizzati con fondi comunali, per la tinteggiatura della facciata.<\/p>\n<p>Quanto al Museo Archeologico, \u201ccon un contributo della Regione di 200mila euro saranno ristrutturati i servizi igienici del piano terra e si provveder\u00e0 a modificare l\u2019ingresso, con un accesso aggiuntivo dalla parte opposta rispetto a quello attuale, privo di barriere architettoniche e verr\u00e0 aggiunto un ascensore\u201d.<\/p>\n<p>Entrambi i cantieri, una volta affidati i lavori, avranno una durata di pochi mesi \u201ccon l\u2019obiettivo \u2013 conclude Delconte \u2013 di concludere auspicabilmente tutto entro la fine del 2026\u201d.<\/p>\n<p>\u201cCome previsto dal PEBA del 2022 \u2013 conclude <strong>Elisabetta Steff\u00e8<\/strong>, assessore comunale ai Lavori Pubblici \u2013 stiamo rendendo le principali strutture comunali accessibili al pubblico. Dopo il Municipio ora ci stiamo occupando dei musei\u201d.<\/p>\n","protected":false},"excerpt":{"rendered":"<p>Grazie a due distinti contributi regionali. Abbattute le barriere architettoniche. Interventi conclusi entro la fine del 2026<\/p>\n","protected":false},"author":28,"featured_media":69187,"comment_status":"closed","ping_status":"closed","sticky":false,"template":"","format":"image","meta":{"dwc-title":[""],"dwc-content":[""],"footnotes":""},"categories":[5],"tags":[384,874,1925],"class_list":["post-69186","post","type-post","status-publish","format-image","has-post-thumbnail","hentry","category-attualita","tag-lavori","tag-muggia","tag-musei","post_format-post-format-image"],"rttpg_featured_image_url":{"full":["https:\/\/imagazine.it\/wp-content\/uploads\/2025\/10\/museo-cara.jpg",1366,854,false],"landscape":["https:\/\/imagazine.it\/wp-content\/uploads\/2025\/10\/museo-cara.jpg",1366,854,false],"portraits":["https:\/\/imagazine.it\/wp-content\/uploads\/2025\/10\/museo-cara.jpg",1366,854,false],"thumbnail":["https:\/\/imagazine.it\/wp-content\/uploads\/2025\/10\/museo-cara-150x150.jpg",150,150,true],"medium":["https:\/\/imagazine.it\/wp-content\/uploads\/2025\/10\/museo-cara-300x188.jpg",300,188,true],"large":["https:\/\/imagazine.it\/wp-content\/uploads\/2025\/10\/museo-cara-1024x640.jpg",640,400,true],"thumblist":["https:\/\/imagazine.it\/wp-content\/uploads\/2025\/10\/museo-cara-300x300.jpg",300,300,true],"thumbrelated":["https:\/\/imagazine.it\/wp-content\/uploads\/2025\/10\/museo-cara-500x500.jpg",500,500,true],"meccarouselthumb":["https:\/\/imagazine.it\/wp-content\/uploads\/2025\/10\/museo-cara-474x324.jpg",474,324,true],"gridsquare":["https:\/\/imagazine.it\/wp-content\/uploads\/2025\/10\/museo-cara-391x260.jpg",391,260,true],"tileview":["https:\/\/imagazine.it\/wp-content\/uploads\/2025\/10\/museo-cara-300x400.jpg",300,400,true],"1536x1536":["https:\/\/imagazine.it\/wp-content\/uploads\/2025\/10\/museo-cara.jpg",1366,854,false],"2048x2048":["https:\/\/imagazine.it\/wp-content\/uploads\/2025\/10\/museo-cara.jpg",1366,854,false],"newsup-slider-full":["https:\/\/imagazine.it\/wp-content\/uploads\/2025\/10\/museo-cara-1280x720.jpg",1280,720,true],"newsup-featured":["https:\/\/imagazine.it\/wp-content\/uploads\/2025\/10\/museo-cara-1024x640.jpg",1024,640,true],"newsup-medium":["https:\/\/imagazine.it\/wp-content\/uploads\/2025\/10\/museo-cara-720x380.jpg",720,380,true],"tptn_thumbnail":["https:\/\/imagazine.it\/wp-content\/uploads\/2025\/10\/museo-cara-250x210.jpg",250,210,true],"sow-carousel-default":["https:\/\/imagazine.it\/wp-content\/uploads\/2025\/10\/museo-cara-272x182.jpg",272,182,true]},"rttpg_author":{"display_name":"redazione","author_link":"https:\/\/imagazine.it\/home_desk\/author\/redazione\/"},"rttpg_comment":0,"rttpg_category":"<a href=\"https:\/\/imagazine.it\/home_desk\/category\/attualita\/\" rel=\"category tag\">ATTUALIT\u00c0<\/a>","rttpg_excerpt":"Grazie a due distinti contributi regionali. Abbattute le barriere architettoniche. Interventi conclusi entro la fine del 2026","_links":{"self":[{"href":"https:\/\/imagazine.it\/home_desk\/wp-json\/wp\/v2\/posts\/69186","targetHints":{"allow":["GET"]}}],"collection":[{"href":"https:\/\/imagazine.it\/home_desk\/wp-json\/wp\/v2\/posts"}],"about":[{"href":"https:\/\/imagazine.it\/home_desk\/wp-json\/wp\/v2\/types\/post"}],"author":[{"embeddable":true,"href":"https:\/\/imagazine.it\/home_desk\/wp-json\/wp\/v2\/users\/28"}],"replies":[{"embeddable":true,"href":"https:\/\/imagazine.it\/home_desk\/wp-json\/wp\/v2\/comments?post=69186"}],"version-history":[{"count":2,"href":"https:\/\/imagazine.it\/home_desk\/wp-json\/wp\/v2\/posts\/69186\/revisions"}],"predecessor-version":[{"id":69189,"href":"https:\/\/imagazine.it\/home_desk\/wp-json\/wp\/v2\/posts\/69186\/revisions\/69189"}],"wp:featuredmedia":[{"embeddable":true,"href":"https:\/\/imagazine.it\/home_desk\/wp-json\/wp\/v2\/media\/69187"}],"wp:attachment":[{"href":"https:\/\/imagazine.it\/home_desk\/wp-json\/wp\/v2\/media?parent=69186"}],"wp:term":[{"taxonomy":"category","embeddable":true,"href":"https:\/\/imagazine.it\/home_desk\/wp-json\/wp\/v2\/categories?post=69186"},{"taxonomy":"post_tag","embeddable":true,"href":"https:\/\/imagazine.it\/home_desk\/wp-json\/wp\/v2\/tags?post=69186"}],"curies":[{"name":"wp","href":"https:\/\/api.w.org\/{rel}","templated":true}]}}