{"id":69182,"date":"2025-10-30T12:51:53","date_gmt":"2025-10-30T11:51:53","guid":{"rendered":"https:\/\/imagazine.it\/home_desk\/?p=69182"},"modified":"2025-10-31T10:46:49","modified_gmt":"2025-10-31T09:46:49","slug":"gorizia-semina-il-rispetto-per-le-donne","status":"publish","type":"post","link":"https:\/\/imagazine.it\/home_desk\/gorizia-semina-il-rispetto-per-le-donne\/","title":{"rendered":"Gorizia semina il rispetto per le donne"},"content":{"rendered":"<p><span style=\"font-size: 10pt;\"><em>La presentazione dell&#8217;iniziativa<\/em><\/span><\/p>\n<p>GORIZIA \u2013 In occasione della <strong>Giornata internazionale per l\u2019eliminazione della violenza contro le donne<\/strong>, il <strong>Comune di Gorizia<\/strong> e l\u2019associazione <strong>Sos Rosa<\/strong>, in collaborazione con <strong>Projekt D<\/strong> e <strong>Cooperativa sociale Itaca<\/strong>, promuovono \u201c<em>Semina il rispetto. Rompi il silenzio, cambia il domani<\/em>\u201d, un ciclo di appuntamenti realizzato con il contributo della Regione, dedicato alla storia delle donne di ieri e di oggi.<\/p>\n<p><strong>Da venerd\u00ec 7 a venerd\u00ec 28 novembre<\/strong> la citt\u00e0 sosterr\u00e0 un cambio di rotta per favorire la cultura della parit\u00e0 di genere e contrastare ogni forma di violenza contro le donne.<\/p>\n<p>Ferma la posizione del Comune, rappresentato in conferenza stampa dagli assessori <strong>Silvana Romano<\/strong> e <strong>Sarah Filisetti<\/strong> oltre che dalla consigliera delegata alle Pari opportunit\u00e0, <strong>Marilena Bernobich<\/strong>.<\/p>\n<p>Sos Rosa nell\u2019occasione ha fornito una carrellata di dati sull\u2019attivit\u00e0: \u201cIn questi ultimi anni si osserva che, purtroppo, il fenomeno della violenza di genere si sta espandendo in maniera importante fra le ragazze molto giovani. Tale tendenza \u00e8 confermata da una recente analisi dell\u2019OMS, pubblicata su \u201c<em>The Last Child &amp; Adolescent Health<\/em>\u201d, che ha evidenziato una tendenza preoccupante: quasi un quarto delle ragazze adolescenti che hanno avuto una relazione (24%) ha subito violenza fisica e\/o sessuale da parte del partner intimo entro i 20 anni. Lo stesso rapporto, inoltre, rivela che una ragazza adolescente su sei ha subito violenza solo nell\u2019ultimo anno\u201d.<\/p>\n<p>Alla luce di questi dati allarmanti, l\u2019impegno del Centro Antiviolenza (CAV) nelle scuole e nei contesti pi\u00f9 giovani risulta, sempre pi\u00f9, di importanza fondamentale. A tal proposito l\u2019amministrazione comunale, in Partenariato con SOS Rosa, intende proseguire l\u2019<strong>attivit\u00e0<\/strong> <strong>di sensibilizzazione sul territorio<\/strong> promovendo occasioni di confronto e di riflessione sulla condizione delle donne, con particolare attenzione all\u2019ambito lavorativo.<\/p>\n<p>L\u2019obiettivo primario \u00e8 quello di arrivare alle nuove generazioni partendo proprio dal loro impegno e dall\u2019importanza di sviluppare una propria autonomia anche dal punto di vista economico, e di valorizzare il femminile anche nel contesto delle imprese locali.<\/p>\n<p>\u201cSolo quest\u2019anno, a oggi, le donne accolte dal nostro CAV \u2013 spiegato i referenti di Sos Rosa \u2013 sono 225, di cui 116 accolte per la prima volta. Nel 98% dei casi si riscontra violenza psicologica, nel 72% violenza fisica, nel 7,5% violenza sessuale nel 35% violenza economica e nel 12% stalking\/web stalking. L\u2019et\u00e0 media delle donne accolte si \u00e8 abbassata di 3 punti percentuali rispetto allo scorso anno, registrando un\u2019et\u00e0 media di 38,5 anni. Tenendo conto delle premesse, citate anche nel Progetto presentato alla Regione, l\u2019impegno nella sensibilizzazione di quest\u2019anno punta al coinvolgimento di un pubblico pi\u00f9 giovane. Per tale ragione abbiamo pensato di coinvolgere nell\u2019organizzazione due giovani donne, Dragana e Dominique del Projekt D, che ci supportano nella parte social della promozione sia dell\u2019attivit\u00e0 del CAV che per la pubblicit\u00e0 degli eventi stessi. Grazie al loro apporto, nel giro di pochissimo tempo, abbiamo ricevuto moltissimi riscontri positivi che ci auguriamo di vedere concretamente anche con le presenze ai nostri eventi.\u201d<\/p>\n<p>Sos Rosa \u00e8 quindi il cuore pulsante dell\u2019iniziativa, grazie alla sua esperienza di ascolto e accoglienza rivolti alle donne all\u2019interno del CAV goriziano in particolare.<\/p>\n<p>Il primo appuntamento di <strong>venerd\u00ec 7 novembre<\/strong> alle 18 al Kinemax, &#8220;<em>N\u00e9 rosa n\u00e9 azzurro e poi&#8230;<\/em>&#8220;, \u00e8 la dimostrazione di come sia fondamentale partire educando le giovani generazioni. I ragazzi presenteranno i video da loro prodotti sul tema della parit\u00e0 e del rispetto, condividendo i risultati del progetto realizzato nelle scuole, che ha visto coinvolti i ragazzi delle classi IV del liceo scientifico e classico di Gorizia.<\/p>\n<p>Il programma proseguir\u00e0 <strong>sabato 22 novembre<\/strong> alle 10 al Castello con l&#8217;iniziativa &#8220;<em>Donne al Castello di Gorizia: tra storia e leggenda<\/em>&#8220;. Si tratta di una visita tematica, a cura della conservatrice <strong>Emanuela Uccello<\/strong>, dedicata a importanti figure femminili legate alla storia del maniero, come Paola Gonzaga e la Dama Bianca. Un momento per valorizzare la rilevanza delle donne nel patrimonio culturale e storico del territorio.<\/p>\n<p>In occasione della Giornata internazionale per l&#8217;eliminazione della violenza contro le donne, <strong>marted\u00ec 25 novembre <\/strong>alle 18 nei Giardini pubblici di corso Verdi \u00e8 prevista la &#8220;<em>Cerimonia di sensibilizzazione davanti alla panchina rossa in memoria di Romina Ponzalli<\/em>&#8220;. Le consigliere comunali insieme all\u2019associazione Sos Rosa proporranno un momento di riflessione aperto alla cittadinanza, per sensibilizzare attivamente le persone sui temi legati alla violenza di genere e ricordare tutte le vittime di femminicidio. L\u2019obiettivo dell\u2019evento \u00e8 di coinvolgere attivamente la cittadinanza in un messaggio di consapevolezza rivolto ad un reale cambiamento.<\/p>\n<p>Le iniziative di riflessione proseguiranno <strong>gioved\u00ec 27 novembre<\/strong> alle 20.30 al Lojze Bratu\u017e Cultural Centre con lo spettacolo &#8220;<em>Il nome potete metterlo voi<\/em>&#8220;, un racconto intenso e autentico, scritto e diretto da <strong>Mauro Monni<\/strong>, che dar\u00e0 voce alle donne e alle loro storie.<\/p>\n<p>Gli incontri si concluderanno <strong>venerd\u00ec 28 novembre<\/strong> alle 18 con &#8220;<em>Women Up &#8211; La forza di essere donna<\/em>&#8221; al Projekt D Studio in via del Seminario. Una tavola rotonda con imprenditrici e donne influenti che condivideranno le sfide, le difficolt\u00e0 e i traguardi del proprio percorso nel mondo del lavoro.<\/p>\n<p>Interverranno <strong>Nikita<\/strong> (<em>content creator<\/em>), <strong>Jasmin Kovi\u0107<\/strong> (regista), <strong>Martina Gratton<\/strong> (tecnico nazionale giovanile di nuoto per salvamento) e l&#8217;avvocata <strong>Teresa Dennetta<\/strong>. L&#8217;evento sar\u00e0 arricchito da una mostra fotografica di <strong>Dominique Pozzo<\/strong> e dalle testimonianze di donne affiancate nel loro percorso di rinascita da Sos Rosa Gorizia, voci reali che racconteranno il coraggio di ripartire.<\/p>\n","protected":false},"excerpt":{"rendered":"<p>Dal 7 al 28 novembre ciclo di appuntamenti per favorire la cultura della parit\u00e0 di genere e contrastare ogni forma di violenza contro le donne<\/p>\n","protected":false},"author":28,"featured_media":69183,"comment_status":"closed","ping_status":"closed","sticky":false,"template":"","format":"image","meta":{"dwc-title":[""],"dwc-content":[""],"footnotes":""},"categories":[5],"tags":[387,198,43,209],"class_list":["post-69182","post","type-post","status-publish","format-image","has-post-thumbnail","hentry","category-attualita","tag-donne","tag-educazione","tag-gorizia","tag-prevenzione","post_format-post-format-image"],"rttpg_featured_image_url":{"full":["https:\/\/imagazine.it\/wp-content\/uploads\/2025\/10\/gorizia-semina-rispetto.jpg",1366,763,false],"landscape":["https:\/\/imagazine.it\/wp-content\/uploads\/2025\/10\/gorizia-semina-rispetto.jpg",1366,763,false],"portraits":["https:\/\/imagazine.it\/wp-content\/uploads\/2025\/10\/gorizia-semina-rispetto.jpg",1366,763,false],"thumbnail":["https:\/\/imagazine.it\/wp-content\/uploads\/2025\/10\/gorizia-semina-rispetto-150x150.jpg",150,150,true],"medium":["https:\/\/imagazine.it\/wp-content\/uploads\/2025\/10\/gorizia-semina-rispetto-300x168.jpg",300,168,true],"large":["https:\/\/imagazine.it\/wp-content\/uploads\/2025\/10\/gorizia-semina-rispetto-1024x572.jpg",640,358,true],"thumblist":["https:\/\/imagazine.it\/wp-content\/uploads\/2025\/10\/gorizia-semina-rispetto-300x300.jpg",300,300,true],"thumbrelated":["https:\/\/imagazine.it\/wp-content\/uploads\/2025\/10\/gorizia-semina-rispetto-500x500.jpg",500,500,true],"meccarouselthumb":["https:\/\/imagazine.it\/wp-content\/uploads\/2025\/10\/gorizia-semina-rispetto-474x324.jpg",474,324,true],"gridsquare":["https:\/\/imagazine.it\/wp-content\/uploads\/2025\/10\/gorizia-semina-rispetto-391x260.jpg",391,260,true],"tileview":["https:\/\/imagazine.it\/wp-content\/uploads\/2025\/10\/gorizia-semina-rispetto-300x400.jpg",300,400,true],"1536x1536":["https:\/\/imagazine.it\/wp-content\/uploads\/2025\/10\/gorizia-semina-rispetto.jpg",1366,763,false],"2048x2048":["https:\/\/imagazine.it\/wp-content\/uploads\/2025\/10\/gorizia-semina-rispetto.jpg",1366,763,false],"newsup-slider-full":["https:\/\/imagazine.it\/wp-content\/uploads\/2025\/10\/gorizia-semina-rispetto-1280x720.jpg",1280,720,true],"newsup-featured":["https:\/\/imagazine.it\/wp-content\/uploads\/2025\/10\/gorizia-semina-rispetto-1024x572.jpg",1024,572,true],"newsup-medium":["https:\/\/imagazine.it\/wp-content\/uploads\/2025\/10\/gorizia-semina-rispetto-720x380.jpg",720,380,true],"tptn_thumbnail":["https:\/\/imagazine.it\/wp-content\/uploads\/2025\/10\/gorizia-semina-rispetto-250x210.jpg",250,210,true],"sow-carousel-default":["https:\/\/imagazine.it\/wp-content\/uploads\/2025\/10\/gorizia-semina-rispetto-272x182.jpg",272,182,true]},"rttpg_author":{"display_name":"redazione","author_link":"https:\/\/imagazine.it\/home_desk\/author\/redazione\/"},"rttpg_comment":0,"rttpg_category":"<a href=\"https:\/\/imagazine.it\/home_desk\/category\/attualita\/\" rel=\"category tag\">ATTUALIT\u00c0<\/a>","rttpg_excerpt":"Dal 7 al 28 novembre ciclo di appuntamenti per favorire la cultura della parit\u00e0 di genere e contrastare ogni forma di violenza contro le donne","_links":{"self":[{"href":"https:\/\/imagazine.it\/home_desk\/wp-json\/wp\/v2\/posts\/69182","targetHints":{"allow":["GET"]}}],"collection":[{"href":"https:\/\/imagazine.it\/home_desk\/wp-json\/wp\/v2\/posts"}],"about":[{"href":"https:\/\/imagazine.it\/home_desk\/wp-json\/wp\/v2\/types\/post"}],"author":[{"embeddable":true,"href":"https:\/\/imagazine.it\/home_desk\/wp-json\/wp\/v2\/users\/28"}],"replies":[{"embeddable":true,"href":"https:\/\/imagazine.it\/home_desk\/wp-json\/wp\/v2\/comments?post=69182"}],"version-history":[{"count":2,"href":"https:\/\/imagazine.it\/home_desk\/wp-json\/wp\/v2\/posts\/69182\/revisions"}],"predecessor-version":[{"id":69185,"href":"https:\/\/imagazine.it\/home_desk\/wp-json\/wp\/v2\/posts\/69182\/revisions\/69185"}],"wp:featuredmedia":[{"embeddable":true,"href":"https:\/\/imagazine.it\/home_desk\/wp-json\/wp\/v2\/media\/69183"}],"wp:attachment":[{"href":"https:\/\/imagazine.it\/home_desk\/wp-json\/wp\/v2\/media?parent=69182"}],"wp:term":[{"taxonomy":"category","embeddable":true,"href":"https:\/\/imagazine.it\/home_desk\/wp-json\/wp\/v2\/categories?post=69182"},{"taxonomy":"post_tag","embeddable":true,"href":"https:\/\/imagazine.it\/home_desk\/wp-json\/wp\/v2\/tags?post=69182"}],"curies":[{"name":"wp","href":"https:\/\/api.w.org\/{rel}","templated":true}]}}