{"id":69173,"date":"2025-10-30T11:49:08","date_gmt":"2025-10-30T10:49:08","guid":{"rendered":"https:\/\/imagazine.it\/home_desk\/?p=69173"},"modified":"2025-10-30T11:49:08","modified_gmt":"2025-10-30T10:49:08","slug":"sarah-fahr-inaugura-il-nuovo-centro-mcfit-trieste","status":"publish","type":"post","link":"https:\/\/imagazine.it\/home_desk\/sarah-fahr-inaugura-il-nuovo-centro-mcfit-trieste\/","title":{"rendered":"Sarah Fahr inaugura il nuovo centro McFIT Trieste"},"content":{"rendered":"<p><span style=\"font-size: 10pt;\"><em>Da sinistra Sarah Fahr, il governatore Fedriga, la vicesindaca di Trieste, Serena Tonel, e l&#8217;assessora comunale Elisa Lodi<\/em><\/span><\/p>\n<p>TRIESTE \u2013 Inaugurato oggi il <strong>nuovo centro McFIT Trieste<\/strong>, in Via Giulia 75, alla presenza di <strong>Sarah Fahr<\/strong>, campionessa olimpica e mondiale di pallavolo, <em>special guest<\/em> dell\u2019evento.<\/p>\n<p>Questa apertura \u00e8 la numero 40 del marchio McFIT in Italia, la 44 considerando anche gli altri marchi di RSG Group Italia (2 Gold\u2019s Gym e 2 John Reed Fitness.)<\/p>\n<p>Alla cerimonia hanno preso parte il presidente della Regione Friuli Venezia Giulia, <strong>Massimiliano Fedriga<\/strong>, che ha accolto con entusiasmo l\u2019arrivo del marchio leader europeo nel settore del fitness in citt\u00e0, sottolineando l\u2019importanza di promuovere la cultura del movimento e del benessere accessibile a tutti.<\/p>\n<p>Il nuovo centro McFIT Trieste rappresenta un ulteriore passo nel percorso di crescita di RSG Group in Italia, che sta evolvendo il concetto tradizionale di palestra in un\u2019esperienza centrata sulla persona, sul benessere e sulla libert\u00e0 di allenarsi secondo i propri ritmi.<\/p>\n<p>\u201cAllenarsi \u2013 ha commentato Sarah Fahr, oro olimpico a Parigi 2024 e oro mondiale 2025 con la Nazionale Italiana di pallavolo \u2013 per me \u00e8 sempre stato molto pi\u00f9 che prepararsi a una partita: \u00e8 il modo in cui costruisco fiducia, equilibrio e forza, dentro e fuori dal campo. \u00c8 bello vedere realt\u00e0 come McFIT che condividono questa visione e rendono lo sport un\u2019esperienza aperta a tutti, dove ognuno pu\u00f2 sentirsi parte di una squadra\u201d.<\/p>\n<p>\u201cCon l\u2019apertura di Trieste \u2013 ha sottolineato <strong>Samuele Frosio<\/strong>, amministratore unico di RSG Group Italia \u2013proseguiamo il nostro percorso di crescita in Italia, portando avanti una filosofia che mette al centro la persona. RSG Group sta ridefinendo il concetto di fitness: non pi\u00f9 solo un luogo per allenarsi, ma un ecosistema che valorizza la libert\u00e0 individuale, la socialit\u00e0 e la salute quotidiana\u201d.<\/p>\n<p>Con la nuova sede di Trieste, McFIT consolida la propria presenza sul territorio italiano e continua a promuovere uno stile di vita sano, accessibile e motivante, in linea con la propria missione: rendere il fitness alla portata di tutti.<\/p>\n<figure id=\"attachment_69174\" aria-describedby=\"caption-attachment-69174\" style=\"width: 1000px\" class=\"wp-caption aligncenter\"><img loading=\"lazy\" decoding=\"async\" class=\"size-full wp-image-69174\" src=\"https:\/\/imagazine.it\/wp-content\/uploads\/2025\/10\/palestra2.jpeg\" alt=\"\" width=\"1000\" height=\"777\" title=\"\" srcset=\"https:\/\/imagazine.it\/wp-content\/uploads\/2025\/10\/palestra2.jpeg 1000w, https:\/\/imagazine.it\/wp-content\/uploads\/2025\/10\/palestra2-300x233.jpeg 300w, https:\/\/imagazine.it\/wp-content\/uploads\/2025\/10\/palestra2-768x597.jpeg 768w\" sizes=\"auto, (max-width: 1000px) 100vw, 1000px\" \/><figcaption id=\"caption-attachment-69174\" class=\"wp-caption-text\">Alcuni componenti del personale della palestra<\/figcaption><\/figure>\n<p>Dal 31 ottobre al 4 novembre, per cinque giorni, tutti i triestini potranno allenarsi gratuitamente e senza limiti per scoprire da vicino il nuovo centro McFIT e vivere in prima persona l\u2019esperienza del brand leader europeo del fitness.<\/p>\n","protected":false},"excerpt":{"rendered":"<p>La campionessa del volley azzurro ospite speciale dell\u2019evento. Dal 31 ottobre al 4 novembre, tutti i triestini potranno allenarsi gratuitamente e senza limiti<\/p>\n","protected":false},"author":39,"featured_media":69175,"comment_status":"closed","ping_status":"closed","sticky":false,"template":"","format":"image","meta":{"dwc-title":[""],"dwc-content":[""],"footnotes":""},"categories":[38],"tags":[363,2774,476,65,364],"class_list":["post-69173","post","type-post","status-publish","format-image","has-post-thumbnail","hentry","category-sport","tag-benessere","tag-fitness","tag-ginnastica","tag-trieste","tag-wellness","post_format-post-format-image"],"rttpg_featured_image_url":{"full":["https:\/\/imagazine.it\/wp-content\/uploads\/2025\/10\/palestra-1.jpeg",1366,750,false],"landscape":["https:\/\/imagazine.it\/wp-content\/uploads\/2025\/10\/palestra-1.jpeg",1366,750,false],"portraits":["https:\/\/imagazine.it\/wp-content\/uploads\/2025\/10\/palestra-1.jpeg",1366,750,false],"thumbnail":["https:\/\/imagazine.it\/wp-content\/uploads\/2025\/10\/palestra-1-150x150.jpeg",150,150,true],"medium":["https:\/\/imagazine.it\/wp-content\/uploads\/2025\/10\/palestra-1-300x165.jpeg",300,165,true],"large":["https:\/\/imagazine.it\/wp-content\/uploads\/2025\/10\/palestra-1-1024x562.jpeg",640,351,true],"thumblist":["https:\/\/imagazine.it\/wp-content\/uploads\/2025\/10\/palestra-1-300x300.jpeg",300,300,true],"thumbrelated":["https:\/\/imagazine.it\/wp-content\/uploads\/2025\/10\/palestra-1-500x500.jpeg",500,500,true],"meccarouselthumb":["https:\/\/imagazine.it\/wp-content\/uploads\/2025\/10\/palestra-1-474x324.jpeg",474,324,true],"gridsquare":["https:\/\/imagazine.it\/wp-content\/uploads\/2025\/10\/palestra-1-391x260.jpeg",391,260,true],"tileview":["https:\/\/imagazine.it\/wp-content\/uploads\/2025\/10\/palestra-1-300x400.jpeg",300,400,true],"1536x1536":["https:\/\/imagazine.it\/wp-content\/uploads\/2025\/10\/palestra-1.jpeg",1366,750,false],"2048x2048":["https:\/\/imagazine.it\/wp-content\/uploads\/2025\/10\/palestra-1.jpeg",1366,750,false],"newsup-slider-full":["https:\/\/imagazine.it\/wp-content\/uploads\/2025\/10\/palestra-1-1280x720.jpeg",1280,720,true],"newsup-featured":["https:\/\/imagazine.it\/wp-content\/uploads\/2025\/10\/palestra-1-1024x562.jpeg",1024,562,true],"newsup-medium":["https:\/\/imagazine.it\/wp-content\/uploads\/2025\/10\/palestra-1-720x380.jpeg",720,380,true],"tptn_thumbnail":["https:\/\/imagazine.it\/wp-content\/uploads\/2025\/10\/palestra-1-250x210.jpeg",250,210,true],"sow-carousel-default":["https:\/\/imagazine.it\/wp-content\/uploads\/2025\/10\/palestra-1-272x182.jpeg",272,182,true]},"rttpg_author":{"display_name":"Francesca Scarmignan","author_link":"https:\/\/imagazine.it\/home_desk\/author\/francesca-scarmignan\/"},"rttpg_comment":0,"rttpg_category":"<a href=\"https:\/\/imagazine.it\/home_desk\/category\/sport\/\" rel=\"category tag\">SPORT<\/a>","rttpg_excerpt":"La campionessa del volley azzurro ospite speciale dell\u2019evento. Dal 31 ottobre al 4 novembre, tutti i triestini potranno allenarsi gratuitamente e senza limiti","_links":{"self":[{"href":"https:\/\/imagazine.it\/home_desk\/wp-json\/wp\/v2\/posts\/69173","targetHints":{"allow":["GET"]}}],"collection":[{"href":"https:\/\/imagazine.it\/home_desk\/wp-json\/wp\/v2\/posts"}],"about":[{"href":"https:\/\/imagazine.it\/home_desk\/wp-json\/wp\/v2\/types\/post"}],"author":[{"embeddable":true,"href":"https:\/\/imagazine.it\/home_desk\/wp-json\/wp\/v2\/users\/39"}],"replies":[{"embeddable":true,"href":"https:\/\/imagazine.it\/home_desk\/wp-json\/wp\/v2\/comments?post=69173"}],"version-history":[{"count":2,"href":"https:\/\/imagazine.it\/home_desk\/wp-json\/wp\/v2\/posts\/69173\/revisions"}],"predecessor-version":[{"id":69177,"href":"https:\/\/imagazine.it\/home_desk\/wp-json\/wp\/v2\/posts\/69173\/revisions\/69177"}],"wp:featuredmedia":[{"embeddable":true,"href":"https:\/\/imagazine.it\/home_desk\/wp-json\/wp\/v2\/media\/69175"}],"wp:attachment":[{"href":"https:\/\/imagazine.it\/home_desk\/wp-json\/wp\/v2\/media?parent=69173"}],"wp:term":[{"taxonomy":"category","embeddable":true,"href":"https:\/\/imagazine.it\/home_desk\/wp-json\/wp\/v2\/categories?post=69173"},{"taxonomy":"post_tag","embeddable":true,"href":"https:\/\/imagazine.it\/home_desk\/wp-json\/wp\/v2\/tags?post=69173"}],"curies":[{"name":"wp","href":"https:\/\/api.w.org\/{rel}","templated":true}]}}