{"id":69149,"date":"2025-10-29T15:28:05","date_gmt":"2025-10-29T14:28:05","guid":{"rendered":"https:\/\/imagazine.it\/home_desk\/?p=69149"},"modified":"2025-10-30T15:50:46","modified_gmt":"2025-10-30T14:50:46","slug":"le-religioni-unite-piantano-lulivo-della-pace","status":"publish","type":"post","link":"https:\/\/imagazine.it\/home_desk\/le-religioni-unite-piantano-lulivo-della-pace\/","title":{"rendered":"Le religioni unite piantano l\u2019ulivo della pace"},"content":{"rendered":"<p><span style=\"font-size: 10pt;\"><em>La piantumazione dell&#8217;Ulivo della pace (\u00a9 Pierluigi Bumbaca fotografo)<\/em><\/span><\/p>\n<p>GORIZIA \u2013 Costruire insieme: \u00e8 questo il sentimento che caratterizza \u201c<strong><em>Terre di pace<\/em><\/strong>\u201d, il primo festival interreligioso targato <strong><em>GO! 2025<\/em><\/strong>, apertosi oggi con la piantumazione nel piazzale della <strong>Casa Rossa<\/strong> dell\u2019<strong>Ulivo<\/strong> <strong>della pace<\/strong> da parte dell\u2019arcivescovo di Gorizia, <strong>monsignor Carlo Roberto Maria Redaelli<\/strong>, dal rabbino capo di Trieste e del Friuli Venezia Giulia, <strong>Alexander Meloni<\/strong>, dagli Imam della comunit\u00e0 islamica <strong>Zakaria Seidu<\/strong> e\u00a0<strong>Hamza ef Muratspahic<\/strong>, dal pastore della Chiesa Metodista <strong>Jens Hansen<\/strong> e dal ministro di culto <strong>Roberto Bonora<\/strong> dell\u2019Istituto Buddista italiano Soka Gakkai.<\/p>\n<p>Alla piantumazione ha partecipato anche un\u2019ottantina di bambini delle scuole primaria Rismondo e dell\u2019infanzia Agazzi, che hanno dato vita a un festoso girotondo intorno all\u2019ulivo.<\/p>\n<p>Insieme, con lo stesso gesto, i rappresentanti delle religioni hanno coperto di terra le radici dell\u2019ulivo, affinch\u00e9 possa continuare a crescere forte e rigoglioso, come la volont\u00e0 di proseguire insieme il lavoro, in un laboratorio comune, per costruire una societ\u00e0 dove il dialogo diventi l\u2019unica \u201carma\u201d per disarmare \u201cun mondo in fiamme\u201d.<\/p>\n<p>Prima della piantumazione, sono intervenuti il sindaco di Gorizia, <strong>Rodolfo Ziberna<\/strong>, il consigliere comunale <strong>Andrej \u0160u\u0161melj<\/strong> in rappresentanza del Comune di Nova Gorica e il sindaco di\u00a0\u0160empeter Vrtojba, <strong>Milan Turk<\/strong>, unanimi nel definire la giornata odierna storica per tutto il territorio.<\/p>\n<p>In questi mesi i rappresentanti dei cinque diversi credo si sono trovati intorno a un tavolo, coordinati dall\u2019assessorato alla Capitale europea della cultura GO! 2025 del Comune di Gorizia, e insieme hanno costruito concretamente il programma del Festival, proponendo ognuno un\u2019iniziativa teatrale o musicale e confrontandosi e condividendo i temi dei diversi forum, uno dei quali completamente al femminile.<\/p>\n<figure id=\"attachment_69150\" aria-describedby=\"caption-attachment-69150\" style=\"width: 1000px\" class=\"wp-caption aligncenter\"><img loading=\"lazy\" decoding=\"async\" class=\"size-full wp-image-69150\" src=\"https:\/\/imagazine.it\/wp-content\/uploads\/2025\/10\/Ulivo-8.jpeg\" alt=\"\" width=\"1000\" height=\"693\" title=\"\" srcset=\"https:\/\/imagazine.it\/wp-content\/uploads\/2025\/10\/Ulivo-8.jpeg 1000w, https:\/\/imagazine.it\/wp-content\/uploads\/2025\/10\/Ulivo-8-300x208.jpeg 300w, https:\/\/imagazine.it\/wp-content\/uploads\/2025\/10\/Ulivo-8-768x532.jpeg 768w\" sizes=\"auto, (max-width: 1000px) 100vw, 1000px\" \/><figcaption id=\"caption-attachment-69150\" class=\"wp-caption-text\">I rappresentanti religiosi e istituzionali<\/figcaption><\/figure>\n<p>L\u2019ingresso \u00e8 gratuito per tutti gli eventi del Festival. <span style=\"text-decoration: underline;\"><a href=\"https:\/\/isig.it\/tdp\/?fbclid=IwZXh0bgNhZW0CMTAAYnJpZBEwd3lOZGR3d0ZNMFFkck9JQQEeYTyigTXU9M0LFprSRouKA_nCfdP37a6Pm8UamdE3c93DUdxPxJEmRGxGmUM_aem_E6lv88c7JChKs6AfoTuCyg\" target=\"_blank\" rel=\"noopener\">Clicca qui per il programma completo<\/a><\/span><\/p>\n","protected":false},"excerpt":{"rendered":"<p>Nel piazzale della Casa Rossa a Gorizia: inaugurato il festival interreligioso di GO! 2025<\/p>\n","protected":false},"author":28,"featured_media":69151,"comment_status":"closed","ping_status":"closed","sticky":false,"template":"","format":"image","meta":{"dwc-title":[""],"dwc-content":[""],"footnotes":""},"categories":[5],"tags":[123,43,134,2505],"class_list":["post-69149","post","type-post","status-publish","format-image","has-post-thumbnail","hentry","category-attualita","tag-go2025","tag-gorizia","tag-pace","tag-religione","post_format-post-format-image"],"rttpg_featured_image_url":{"full":["https:\/\/imagazine.it\/wp-content\/uploads\/2025\/10\/Festival-interreligioso-Ulivo-0322.jpg",1366,911,false],"landscape":["https:\/\/imagazine.it\/wp-content\/uploads\/2025\/10\/Festival-interreligioso-Ulivo-0322.jpg",1366,911,false],"portraits":["https:\/\/imagazine.it\/wp-content\/uploads\/2025\/10\/Festival-interreligioso-Ulivo-0322.jpg",1366,911,false],"thumbnail":["https:\/\/imagazine.it\/wp-content\/uploads\/2025\/10\/Festival-interreligioso-Ulivo-0322-150x150.jpg",150,150,true],"medium":["https:\/\/imagazine.it\/wp-content\/uploads\/2025\/10\/Festival-interreligioso-Ulivo-0322-300x200.jpg",300,200,true],"large":["https:\/\/imagazine.it\/wp-content\/uploads\/2025\/10\/Festival-interreligioso-Ulivo-0322-1024x683.jpg",640,427,true],"thumblist":["https:\/\/imagazine.it\/wp-content\/uploads\/2025\/10\/Festival-interreligioso-Ulivo-0322-300x300.jpg",300,300,true],"thumbrelated":["https:\/\/imagazine.it\/wp-content\/uploads\/2025\/10\/Festival-interreligioso-Ulivo-0322-500x500.jpg",500,500,true],"meccarouselthumb":["https:\/\/imagazine.it\/wp-content\/uploads\/2025\/10\/Festival-interreligioso-Ulivo-0322-474x324.jpg",474,324,true],"gridsquare":["https:\/\/imagazine.it\/wp-content\/uploads\/2025\/10\/Festival-interreligioso-Ulivo-0322-391x260.jpg",391,260,true],"tileview":["https:\/\/imagazine.it\/wp-content\/uploads\/2025\/10\/Festival-interreligioso-Ulivo-0322-300x400.jpg",300,400,true],"1536x1536":["https:\/\/imagazine.it\/wp-content\/uploads\/2025\/10\/Festival-interreligioso-Ulivo-0322.jpg",1366,911,false],"2048x2048":["https:\/\/imagazine.it\/wp-content\/uploads\/2025\/10\/Festival-interreligioso-Ulivo-0322.jpg",1366,911,false],"newsup-slider-full":["https:\/\/imagazine.it\/wp-content\/uploads\/2025\/10\/Festival-interreligioso-Ulivo-0322-1280x720.jpg",1280,720,true],"newsup-featured":["https:\/\/imagazine.it\/wp-content\/uploads\/2025\/10\/Festival-interreligioso-Ulivo-0322-1024x683.jpg",1024,683,true],"newsup-medium":["https:\/\/imagazine.it\/wp-content\/uploads\/2025\/10\/Festival-interreligioso-Ulivo-0322-720x380.jpg",720,380,true],"tptn_thumbnail":["https:\/\/imagazine.it\/wp-content\/uploads\/2025\/10\/Festival-interreligioso-Ulivo-0322-250x210.jpg",250,210,true],"sow-carousel-default":["https:\/\/imagazine.it\/wp-content\/uploads\/2025\/10\/Festival-interreligioso-Ulivo-0322-272x182.jpg",272,182,true]},"rttpg_author":{"display_name":"redazione","author_link":"https:\/\/imagazine.it\/home_desk\/author\/redazione\/"},"rttpg_comment":0,"rttpg_category":"<a href=\"https:\/\/imagazine.it\/home_desk\/category\/attualita\/\" rel=\"category tag\">ATTUALIT\u00c0<\/a>","rttpg_excerpt":"Nel piazzale della Casa Rossa a Gorizia: inaugurato il festival interreligioso di GO! 2025","_links":{"self":[{"href":"https:\/\/imagazine.it\/home_desk\/wp-json\/wp\/v2\/posts\/69149","targetHints":{"allow":["GET"]}}],"collection":[{"href":"https:\/\/imagazine.it\/home_desk\/wp-json\/wp\/v2\/posts"}],"about":[{"href":"https:\/\/imagazine.it\/home_desk\/wp-json\/wp\/v2\/types\/post"}],"author":[{"embeddable":true,"href":"https:\/\/imagazine.it\/home_desk\/wp-json\/wp\/v2\/users\/28"}],"replies":[{"embeddable":true,"href":"https:\/\/imagazine.it\/home_desk\/wp-json\/wp\/v2\/comments?post=69149"}],"version-history":[{"count":2,"href":"https:\/\/imagazine.it\/home_desk\/wp-json\/wp\/v2\/posts\/69149\/revisions"}],"predecessor-version":[{"id":69153,"href":"https:\/\/imagazine.it\/home_desk\/wp-json\/wp\/v2\/posts\/69149\/revisions\/69153"}],"wp:featuredmedia":[{"embeddable":true,"href":"https:\/\/imagazine.it\/home_desk\/wp-json\/wp\/v2\/media\/69151"}],"wp:attachment":[{"href":"https:\/\/imagazine.it\/home_desk\/wp-json\/wp\/v2\/media?parent=69149"}],"wp:term":[{"taxonomy":"category","embeddable":true,"href":"https:\/\/imagazine.it\/home_desk\/wp-json\/wp\/v2\/categories?post=69149"},{"taxonomy":"post_tag","embeddable":true,"href":"https:\/\/imagazine.it\/home_desk\/wp-json\/wp\/v2\/tags?post=69149"}],"curies":[{"name":"wp","href":"https:\/\/api.w.org\/{rel}","templated":true}]}}