{"id":69144,"date":"2025-10-29T12:50:07","date_gmt":"2025-10-29T11:50:07","guid":{"rendered":"https:\/\/imagazine.it\/home_desk\/?p=69144"},"modified":"2025-10-30T12:53:39","modified_gmt":"2025-10-30T11:53:39","slug":"muggia-premia-il-suo-vasco-vascotto","status":"publish","type":"post","link":"https:\/\/imagazine.it\/home_desk\/muggia-premia-il-suo-vasco-vascotto\/","title":{"rendered":"Muggia premia il &#8220;suo&#8221; Vasco Vascotto"},"content":{"rendered":"<p><span style=\"font-size: 10pt;\"><em>Vasco Vascotto<\/em><\/span><\/p>\n<p>MUGGIA \u2013 Il sindaco di Muggia, <strong>Paolo Polidori<\/strong>, ha consegnato oggi a <strong>Vasco Vascotto<\/strong> il <strong><em>Leon di Muggia d\u2019Oro<\/em><\/strong>, massima onorificenza del Comune di Muggia, nel corso di una cerimonia a margine del Consiglio comunale, alla presenza di <strong>Martina Jelovcich<\/strong>, presidente del Circolo della Vela Muggia.<\/p>\n<p>\u201cParlare di Vasco Vascotto e Muggia \u2013 ha affermato il primo cittadino \u2013 \u00e8 come parlare di Collovati e Teor, di Zoff e Mariano del Friuli, di Primo Carnera e di Sequals, di Nino Benvenuti e Isola d\u2019Istria: \u00e8 l\u2019accostamento del campione sportivo che identifica un luogo, e del luogo che identifica il campione. Due fattori tra loro indissolubili, che sono possibili solo se la persona, in tal caso il personaggio, mantiene costante e fedele la sua appartenenza territoriale e la sua forte identit\u00e0 nei confronti della citt\u00e0 natale. \u00c8 cos\u00ec vale per Vasco Vascotto: un legame indissolubile con la sua Muggia\u201d.<\/p>\n<p>Martina Jelovcich, presidente del Circolo della Vela Muggia, ha quindi letto un messaggio dedicato alla carriera di Vascotto ma anche al suo lungo attaccamento al circolo.<\/p>\n<p>\u201cQuesta onorificenza \u2013 ha commentato Vascotto \u2013 mi riempie di gioia e mi d\u00e0 l&#8217;opportunit\u00e0 di fermarmi un secondo, di voltarmi indietro perch\u00e9 la mia vita \u00e8 sempre stata cos\u00ec frenetica che ho sempre guardato alla prossima regata, al prossimo evento. Mi fa estremamente piacere che, oltre alla mia carriera, sia stata raccontata la parte umana, questo \u00e8 forse l&#8217;aspetto pi\u00f9 importante, anche perch\u00e9 il mondo intero sa quanto io ci tenga a Muggia e quanto ci tenga al mio circolo, dove sono\u00a0entrato nel 1979-80, ed essere ancora qua \u00e8 qualcosa che mi riempie d&#8217;orgoglio\u201d.<\/p>\n<p>Nato nel 1969, Vasco Vascotto ha iniziato la propria carriera velica giovanissimo presso il Circolo della Vela Muggia. Fin dagli anni \u201980 \u00e8 socio e tesserato FIV presso lo stesso Circolo, che nel 2000 lo ha insignito della carica di socio onorario, in riconoscimento della sua umanit\u00e0\u0300, del suo valore sportivo e dei risultati conseguiti a livello internazionale.<\/p>\n<p>Passione, determinazione e amore per il mare sono i tratti distintivi di Vasco Vascotto, che continua a rappresentare un punto di riferimento per la vela italiana e internazionale. La sua lealt\u00e0 al Circolo della Vela Muggia e al tessuto sportivo locale, unita alla sua umanit\u00e0, lo rendono un esempio concreto per le nuove generazioni, che vedono in lui non solo un atleta straordinario, ma soprattutto un uomo da cui trarre ispirazione.<\/p>\n<p>Nel 2025 ha conquistato l\u2019ennesimo titolo mondiale nella classe Maxi a Porto Cervo, aggiungendo un altro prestigioso successo a un palmar\u00e8s straordinario. Nello stesso anno ha trionfato anche in regate di assoluto rilievo internazionale, come Les Voiles de Saint-Tropez e la Rolex Middle Sea Race nella categoria IRC 2.<\/p>\n<p>A oggi, il suo palmar\u00e8s conta 29 titoli mondiali, 25 titoli italiani e 15 titoli europei.<\/p>\n<p>Tra i suoi successi pi\u00f9 importanti figurano i titoli di Campione del Mondo nelle classi TP52, J24, Farr 40, Melges 24, Melges 32, Maxi e ORC 670. Ha partecipato a due campagne di Coppa America, contribuendo con la sua esperienza e il suo talento ai pi\u00f9 alti livelli della vela mondiale.<\/p>\n<p>Nel corso della carriera ha inoltre conquistato: 5 vittorie al Giro d\u2019Italia a Vela, Admiral\u2019s Cup 1999 (3o posto nell\u2019edizione 2025), 2 medaglie di bronzo ai Campionati Mondiali ISAF, 3 vittorie nella MedCup. Per i suoi meriti sportivi \u00e8 stato insignito di 8 medaglie al valore sportivo. Nel 2025, Vasco Vascotto ha celebrato la 35a stagione velica da professionista, simbolo di una vita interamente dedicata alla vela e all\u2019eccellenza sportiva.<\/p>\n","protected":false},"excerpt":{"rendered":"<p>Assegnato al velista il &#8220;Leon d&#8217;oro&#8221;, massima onorificenza del Comune. Il campione: &#8220;Orgoglioso per questo riconoscimento&#8221;<\/p>\n","protected":false},"author":28,"featured_media":69145,"comment_status":"closed","ping_status":"closed","sticky":false,"template":"","format":"image","meta":{"dwc-title":[""],"dwc-content":[""],"footnotes":""},"categories":[5],"tags":[874,540,1056],"class_list":["post-69144","post","type-post","status-publish","format-image","has-post-thumbnail","hentry","category-attualita","tag-muggia","tag-premi","tag-vela","post_format-post-format-image"],"rttpg_featured_image_url":{"full":["https:\/\/imagazine.it\/wp-content\/uploads\/2025\/10\/vascotto.jpg",1366,733,false],"landscape":["https:\/\/imagazine.it\/wp-content\/uploads\/2025\/10\/vascotto.jpg",1366,733,false],"portraits":["https:\/\/imagazine.it\/wp-content\/uploads\/2025\/10\/vascotto.jpg",1366,733,false],"thumbnail":["https:\/\/imagazine.it\/wp-content\/uploads\/2025\/10\/vascotto-150x150.jpg",150,150,true],"medium":["https:\/\/imagazine.it\/wp-content\/uploads\/2025\/10\/vascotto-300x161.jpg",300,161,true],"large":["https:\/\/imagazine.it\/wp-content\/uploads\/2025\/10\/vascotto-1024x549.jpg",640,343,true],"thumblist":["https:\/\/imagazine.it\/wp-content\/uploads\/2025\/10\/vascotto-300x300.jpg",300,300,true],"thumbrelated":["https:\/\/imagazine.it\/wp-content\/uploads\/2025\/10\/vascotto-500x500.jpg",500,500,true],"meccarouselthumb":["https:\/\/imagazine.it\/wp-content\/uploads\/2025\/10\/vascotto-474x324.jpg",474,324,true],"gridsquare":["https:\/\/imagazine.it\/wp-content\/uploads\/2025\/10\/vascotto-391x260.jpg",391,260,true],"tileview":["https:\/\/imagazine.it\/wp-content\/uploads\/2025\/10\/vascotto-300x400.jpg",300,400,true],"1536x1536":["https:\/\/imagazine.it\/wp-content\/uploads\/2025\/10\/vascotto.jpg",1366,733,false],"2048x2048":["https:\/\/imagazine.it\/wp-content\/uploads\/2025\/10\/vascotto.jpg",1366,733,false],"newsup-slider-full":["https:\/\/imagazine.it\/wp-content\/uploads\/2025\/10\/vascotto-1280x720.jpg",1280,720,true],"newsup-featured":["https:\/\/imagazine.it\/wp-content\/uploads\/2025\/10\/vascotto-1024x549.jpg",1024,549,true],"newsup-medium":["https:\/\/imagazine.it\/wp-content\/uploads\/2025\/10\/vascotto-720x380.jpg",720,380,true],"tptn_thumbnail":["https:\/\/imagazine.it\/wp-content\/uploads\/2025\/10\/vascotto-250x210.jpg",250,210,true],"sow-carousel-default":["https:\/\/imagazine.it\/wp-content\/uploads\/2025\/10\/vascotto-272x182.jpg",272,182,true]},"rttpg_author":{"display_name":"redazione","author_link":"https:\/\/imagazine.it\/home_desk\/author\/redazione\/"},"rttpg_comment":0,"rttpg_category":"<a href=\"https:\/\/imagazine.it\/home_desk\/category\/attualita\/\" rel=\"category tag\">ATTUALIT\u00c0<\/a>","rttpg_excerpt":"Assegnato al velista il \"Leon d'oro\", massima onorificenza del Comune. Il campione: \"Orgoglioso per questo riconoscimento\"","_links":{"self":[{"href":"https:\/\/imagazine.it\/home_desk\/wp-json\/wp\/v2\/posts\/69144","targetHints":{"allow":["GET"]}}],"collection":[{"href":"https:\/\/imagazine.it\/home_desk\/wp-json\/wp\/v2\/posts"}],"about":[{"href":"https:\/\/imagazine.it\/home_desk\/wp-json\/wp\/v2\/types\/post"}],"author":[{"embeddable":true,"href":"https:\/\/imagazine.it\/home_desk\/wp-json\/wp\/v2\/users\/28"}],"replies":[{"embeddable":true,"href":"https:\/\/imagazine.it\/home_desk\/wp-json\/wp\/v2\/comments?post=69144"}],"version-history":[{"count":2,"href":"https:\/\/imagazine.it\/home_desk\/wp-json\/wp\/v2\/posts\/69144\/revisions"}],"predecessor-version":[{"id":69147,"href":"https:\/\/imagazine.it\/home_desk\/wp-json\/wp\/v2\/posts\/69144\/revisions\/69147"}],"wp:featuredmedia":[{"embeddable":true,"href":"https:\/\/imagazine.it\/home_desk\/wp-json\/wp\/v2\/media\/69145"}],"wp:attachment":[{"href":"https:\/\/imagazine.it\/home_desk\/wp-json\/wp\/v2\/media?parent=69144"}],"wp:term":[{"taxonomy":"category","embeddable":true,"href":"https:\/\/imagazine.it\/home_desk\/wp-json\/wp\/v2\/categories?post=69144"},{"taxonomy":"post_tag","embeddable":true,"href":"https:\/\/imagazine.it\/home_desk\/wp-json\/wp\/v2\/tags?post=69144"}],"curies":[{"name":"wp","href":"https:\/\/api.w.org\/{rel}","templated":true}]}}