{"id":69124,"date":"2025-10-28T16:11:47","date_gmt":"2025-10-28T15:11:47","guid":{"rendered":"https:\/\/imagazine.it\/home_desk\/?p=69124"},"modified":"2025-10-28T16:11:47","modified_gmt":"2025-10-28T15:11:47","slug":"cittadinanza-attiva-grazie-al-consiglio-comunale-dei-ragazzi","status":"publish","type":"post","link":"https:\/\/imagazine.it\/home_desk\/cittadinanza-attiva-grazie-al-consiglio-comunale-dei-ragazzi\/","title":{"rendered":"Cittadinanza attiva grazie al Consiglio Comunale dei Ragazzi"},"content":{"rendered":"<p><span style=\"font-size: 10pt;\"><em>Le nuove felpe del CCR<\/em><\/span><\/p>\n<p>RUDA &#8211; Il <strong>Consiglio Comunale dei Ragazzi (CCR) di Ruda<\/strong>, attivo dal 2022, si sta confermando una delle esperienze pi\u00f9 significative di cittadinanza attiva e partecipazione giovanile del territorio.<\/p>\n<p>Nato con l\u2019obiettivo di avvicinare i pi\u00f9 giovani alle istituzioni e alla vita della comunit\u00e0, oggi rappresenta uno spazio concreto di crescita, responsabilit\u00e0 e creativit\u00e0 condivisa.<\/p>\n<p>Nel corso dell\u2019ultimo anno, i giovani consiglieri hanno partecipato a numerose iniziative del paese, contribuendo con idee, presenza e spirito collaborativo.<\/p>\n<p>Tra le attivit\u00e0 pi\u00f9 recenti figurano la partecipazione al Natale in Piazza e ai mercatini natalizi, dove verranno esposti e messi in vendita anche i manufatti realizzati dai ragazzi nei laboratori manuali.<\/p>\n<p>Il CCR \u00e8 infatti impegnato in attivit\u00e0 laboratoriali che coniugano manualit\u00e0, ambiente e senso civico: grazie al supporto educativo dell\u2019associazione <em>Fantasticamente<\/em>, i ragazzi stanno realizzando casette per uccelli con il traforo del legno, unendo creativit\u00e0, sostenibilit\u00e0 e attenzione per l\u2019ambiente.<\/p>\n<p>Accanto ai laboratori, non mancano esperienze all\u2019aperto come camminate nel bosco e momenti di conoscenza attiva del territorio. Il gruppo ha partecipato anche a eventi comunitari consolidati come il <em>Palio dei Borghi<\/em>, contribuendo all\u2019animazione e alle attivit\u00e0 rivolte ai cittadini.<\/p>\n<p>Tra le iniziative a cui il CCR prender\u00e0 parte nelle prossime settimane rientra anche quella dedicata alla <em>Giornata contro la violenza sulle donne<\/em>: i ragazzi interverranno con un breve messaggio pubblico prima dello spettacolo principale e realizzeranno decorazioni simboliche destinate alla scuola, con l\u2019obiettivo di promuovere consapevolezza e rispetto gi\u00e0 in et\u00e0 giovanile.<\/p>\n<p>Un segno di forte appartenenza al progetto \u00e8 rappresentato anche dalla nuova felpa ufficiale con il logo del CCR, che i ragazzi indosseranno durante gli eventi pubblici, diventando riconoscibili come giovani ambasciatori della comunit\u00e0.<\/p>\n<p>Soddisfazione \u00e8 stata espressa anche dall\u2019Amministrazione comunale.<\/p>\n<p>\u201cIl Consiglio Comunale dei Ragazzi \u2013 afferma il sindaco di Ruda, <strong>Franco Lenarduzzi<\/strong> \u2013 sta dimostrando che quando si offre ai giovani uno spazio vero di partecipazione, loro rispondono con entusiasmo, responsabilit\u00e0 e creativit\u00e0. Non \u00e8 un progetto simbolico, ma un investimento concreto sulla qualit\u00e0 della nostra comunit\u00e0 futura. Stiamo crescendo cittadini consapevoli, che imparano a prendersi cura del territorio e delle persone che lo abitano\u201d.<\/p>\n","protected":false},"excerpt":{"rendered":"<p>Crescono le iniziative della realt\u00e0 che coinvolge i giovani di Ruda. Prossimo impegno la Giornata contro la violenza sulle donne<\/p>\n","protected":false},"author":22,"featured_media":69125,"comment_status":"closed","ping_status":"closed","sticky":false,"template":"","format":"image","meta":{"dwc-title":[""],"dwc-content":[""],"footnotes":""},"categories":[5],"tags":[2830,83,3612,212,214],"class_list":["post-69124","post","type-post","status-publish","format-image","has-post-thumbnail","hentry","category-attualita","tag-associazionismo","tag-giovani","tag-partecipazione","tag-ruda","tag-volontariato","post_format-post-format-image"],"rttpg_featured_image_url":{"full":["https:\/\/imagazine.it\/wp-content\/uploads\/2025\/10\/maglia.jpg",1366,670,false],"landscape":["https:\/\/imagazine.it\/wp-content\/uploads\/2025\/10\/maglia.jpg",1366,670,false],"portraits":["https:\/\/imagazine.it\/wp-content\/uploads\/2025\/10\/maglia.jpg",1366,670,false],"thumbnail":["https:\/\/imagazine.it\/wp-content\/uploads\/2025\/10\/maglia-150x150.jpg",150,150,true],"medium":["https:\/\/imagazine.it\/wp-content\/uploads\/2025\/10\/maglia-300x147.jpg",300,147,true],"large":["https:\/\/imagazine.it\/wp-content\/uploads\/2025\/10\/maglia-1024x502.jpg",640,314,true],"thumblist":["https:\/\/imagazine.it\/wp-content\/uploads\/2025\/10\/maglia-300x300.jpg",300,300,true],"thumbrelated":["https:\/\/imagazine.it\/wp-content\/uploads\/2025\/10\/maglia-500x500.jpg",500,500,true],"meccarouselthumb":["https:\/\/imagazine.it\/wp-content\/uploads\/2025\/10\/maglia-474x324.jpg",474,324,true],"gridsquare":["https:\/\/imagazine.it\/wp-content\/uploads\/2025\/10\/maglia-391x260.jpg",391,260,true],"tileview":["https:\/\/imagazine.it\/wp-content\/uploads\/2025\/10\/maglia-300x400.jpg",300,400,true],"1536x1536":["https:\/\/imagazine.it\/wp-content\/uploads\/2025\/10\/maglia.jpg",1366,670,false],"2048x2048":["https:\/\/imagazine.it\/wp-content\/uploads\/2025\/10\/maglia.jpg",1366,670,false],"newsup-slider-full":["https:\/\/imagazine.it\/wp-content\/uploads\/2025\/10\/maglia-1280x670.jpg",1280,670,true],"newsup-featured":["https:\/\/imagazine.it\/wp-content\/uploads\/2025\/10\/maglia-1024x502.jpg",1024,502,true],"newsup-medium":["https:\/\/imagazine.it\/wp-content\/uploads\/2025\/10\/maglia-720x380.jpg",720,380,true],"tptn_thumbnail":["https:\/\/imagazine.it\/wp-content\/uploads\/2025\/10\/maglia-250x210.jpg",250,210,true],"sow-carousel-default":["https:\/\/imagazine.it\/wp-content\/uploads\/2025\/10\/maglia-272x182.jpg",272,182,true]},"rttpg_author":{"display_name":"Livio Nonis","author_link":"https:\/\/imagazine.it\/home_desk\/author\/nonis\/"},"rttpg_comment":0,"rttpg_category":"<a href=\"https:\/\/imagazine.it\/home_desk\/category\/attualita\/\" rel=\"category tag\">ATTUALIT\u00c0<\/a>","rttpg_excerpt":"Crescono le iniziative della realt\u00e0 che coinvolge i giovani di Ruda. Prossimo impegno la Giornata contro la violenza sulle donne","_links":{"self":[{"href":"https:\/\/imagazine.it\/home_desk\/wp-json\/wp\/v2\/posts\/69124","targetHints":{"allow":["GET"]}}],"collection":[{"href":"https:\/\/imagazine.it\/home_desk\/wp-json\/wp\/v2\/posts"}],"about":[{"href":"https:\/\/imagazine.it\/home_desk\/wp-json\/wp\/v2\/types\/post"}],"author":[{"embeddable":true,"href":"https:\/\/imagazine.it\/home_desk\/wp-json\/wp\/v2\/users\/22"}],"replies":[{"embeddable":true,"href":"https:\/\/imagazine.it\/home_desk\/wp-json\/wp\/v2\/comments?post=69124"}],"version-history":[{"count":1,"href":"https:\/\/imagazine.it\/home_desk\/wp-json\/wp\/v2\/posts\/69124\/revisions"}],"predecessor-version":[{"id":69126,"href":"https:\/\/imagazine.it\/home_desk\/wp-json\/wp\/v2\/posts\/69124\/revisions\/69126"}],"wp:featuredmedia":[{"embeddable":true,"href":"https:\/\/imagazine.it\/home_desk\/wp-json\/wp\/v2\/media\/69125"}],"wp:attachment":[{"href":"https:\/\/imagazine.it\/home_desk\/wp-json\/wp\/v2\/media?parent=69124"}],"wp:term":[{"taxonomy":"category","embeddable":true,"href":"https:\/\/imagazine.it\/home_desk\/wp-json\/wp\/v2\/categories?post=69124"},{"taxonomy":"post_tag","embeddable":true,"href":"https:\/\/imagazine.it\/home_desk\/wp-json\/wp\/v2\/tags?post=69124"}],"curies":[{"name":"wp","href":"https:\/\/api.w.org\/{rel}","templated":true}]}}