{"id":69119,"date":"2025-10-28T15:33:38","date_gmt":"2025-10-28T14:33:38","guid":{"rendered":"https:\/\/imagazine.it\/home_desk\/?p=69119"},"modified":"2025-10-30T10:15:26","modified_gmt":"2025-10-30T09:15:26","slug":"ginnastica-matilde-bianco-e-lisa-emili-campionesse-regionali","status":"publish","type":"post","link":"https:\/\/imagazine.it\/home_desk\/ginnastica-matilde-bianco-e-lisa-emili-campionesse-regionali\/","title":{"rendered":"Ginnastica: Matilde Bianco e Lisa Emili campionesse regionali"},"content":{"rendered":"<p><span style=\"font-size: 10pt;\"><em>Matilde Bianco e Lisa Emili<\/em><\/span><\/p>\n<p>TRIESTE \u2013 Nella palestra dell\u2019Artistica\u201981 Trieste si \u00e8 svolta la seconda gara del Campionato Regionale Gold Junior 1 (nate 2011) e 2 (nate 2010), che metteva in palio il Titolo Regionale e il passaggio alle fasi successive.<br \/>\nIn gara le atlete dell\u2019Artistica\u201981 <strong>Matilde Bianco<\/strong> e <strong>Lisa Emili<\/strong>.<\/p>\n<p>Anche questa volta Matilde ha portato a termine un&#8217;ottima prestazione su tutti gli attrezzi (Tot. Punti 47,200) ottenendo cos\u00ec il Titolo Regionale Junior 1, conquistato anche alla trave e al corpo libero.<\/p>\n<p>La compagna di squadra <strong>Emma Furlan<\/strong>, assente per malattia, in virt\u00f9 dei punteggi ottenuti nella scorsa gara, si \u00e8 confermata al secondo posto regionale e si \u00e8 aggiudicata il primo posto al volteggio e alle parallele.<\/p>\n<p>Nella categoria Junior 2 ha prevalso anche in questa seconda gara Lisa Emili (con p. 46,800) con esercizi puliti, che le hanno permesso di ottenere il Titolo Regionale di Categoria e il Titolo alle parallele, alla trave e al corpo libero, seconda al volteggio.<\/p>\n<p>Le prossime gare in programma saranno i Campionati Italiani di Categoria che si svolgeranno a Padova il 19-20-21 dicembre che vedranno in gara, oltre alle migliori ginnaste dei Campionati Regionali di tutta Italia, anche le ginnaste che fanno parte delle squadre Nazionali.<\/p>\n<p>Per le atlete che si allenano all&#8217;Artistica &#8217;81 ci saranno <strong>Emma Puato<\/strong> e <strong>Benedetta Gava<\/strong> (Senior 1) dell&#8217;Artistica\u201981 e <strong>Anthea Sisio<\/strong> (Junior 2) della Ginnastica Aiace.<\/p>\n","protected":false},"excerpt":{"rendered":"<p>Le triestine dell\u2019Artistica\u201981 brillano nelle categorie Junior 1 e 2. Nonostante l&#8217;assenza per malattia, Emma Furlan resta tra le atlete al top<\/p>\n","protected":false},"author":28,"featured_media":69120,"comment_status":"closed","ping_status":"closed","sticky":false,"template":"","format":"image","meta":{"dwc-title":[""],"dwc-content":[""],"footnotes":""},"categories":[38],"tags":[476,65],"class_list":["post-69119","post","type-post","status-publish","format-image","has-post-thumbnail","hentry","category-sport","tag-ginnastica","tag-trieste","post_format-post-format-image"],"rttpg_featured_image_url":{"full":["https:\/\/imagazine.it\/wp-content\/uploads\/2025\/10\/bianco-emili-campionesse-regionali.jpeg",1366,747,false],"landscape":["https:\/\/imagazine.it\/wp-content\/uploads\/2025\/10\/bianco-emili-campionesse-regionali.jpeg",1366,747,false],"portraits":["https:\/\/imagazine.it\/wp-content\/uploads\/2025\/10\/bianco-emili-campionesse-regionali.jpeg",1366,747,false],"thumbnail":["https:\/\/imagazine.it\/wp-content\/uploads\/2025\/10\/bianco-emili-campionesse-regionali-150x150.jpeg",150,150,true],"medium":["https:\/\/imagazine.it\/wp-content\/uploads\/2025\/10\/bianco-emili-campionesse-regionali-300x164.jpeg",300,164,true],"large":["https:\/\/imagazine.it\/wp-content\/uploads\/2025\/10\/bianco-emili-campionesse-regionali-1024x560.jpeg",640,350,true],"thumblist":["https:\/\/imagazine.it\/wp-content\/uploads\/2025\/10\/bianco-emili-campionesse-regionali-300x300.jpeg",300,300,true],"thumbrelated":["https:\/\/imagazine.it\/wp-content\/uploads\/2025\/10\/bianco-emili-campionesse-regionali-500x500.jpeg",500,500,true],"meccarouselthumb":["https:\/\/imagazine.it\/wp-content\/uploads\/2025\/10\/bianco-emili-campionesse-regionali-474x324.jpeg",474,324,true],"gridsquare":["https:\/\/imagazine.it\/wp-content\/uploads\/2025\/10\/bianco-emili-campionesse-regionali-391x260.jpeg",391,260,true],"tileview":["https:\/\/imagazine.it\/wp-content\/uploads\/2025\/10\/bianco-emili-campionesse-regionali-300x400.jpeg",300,400,true],"1536x1536":["https:\/\/imagazine.it\/wp-content\/uploads\/2025\/10\/bianco-emili-campionesse-regionali.jpeg",1366,747,false],"2048x2048":["https:\/\/imagazine.it\/wp-content\/uploads\/2025\/10\/bianco-emili-campionesse-regionali.jpeg",1366,747,false],"newsup-slider-full":["https:\/\/imagazine.it\/wp-content\/uploads\/2025\/10\/bianco-emili-campionesse-regionali-1280x720.jpeg",1280,720,true],"newsup-featured":["https:\/\/imagazine.it\/wp-content\/uploads\/2025\/10\/bianco-emili-campionesse-regionali-1024x560.jpeg",1024,560,true],"newsup-medium":["https:\/\/imagazine.it\/wp-content\/uploads\/2025\/10\/bianco-emili-campionesse-regionali-720x380.jpeg",720,380,true],"tptn_thumbnail":["https:\/\/imagazine.it\/wp-content\/uploads\/2025\/10\/bianco-emili-campionesse-regionali-250x210.jpeg",250,210,true],"sow-carousel-default":["https:\/\/imagazine.it\/wp-content\/uploads\/2025\/10\/bianco-emili-campionesse-regionali-272x182.jpeg",272,182,true]},"rttpg_author":{"display_name":"redazione","author_link":"https:\/\/imagazine.it\/home_desk\/author\/redazione\/"},"rttpg_comment":0,"rttpg_category":"<a href=\"https:\/\/imagazine.it\/home_desk\/category\/sport\/\" rel=\"category tag\">SPORT<\/a>","rttpg_excerpt":"Le triestine dell\u2019Artistica\u201981 brillano nelle categorie Junior 1 e 2. Nonostante l'assenza per malattia, Emma Furlan resta tra le atlete al top","_links":{"self":[{"href":"https:\/\/imagazine.it\/home_desk\/wp-json\/wp\/v2\/posts\/69119","targetHints":{"allow":["GET"]}}],"collection":[{"href":"https:\/\/imagazine.it\/home_desk\/wp-json\/wp\/v2\/posts"}],"about":[{"href":"https:\/\/imagazine.it\/home_desk\/wp-json\/wp\/v2\/types\/post"}],"author":[{"embeddable":true,"href":"https:\/\/imagazine.it\/home_desk\/wp-json\/wp\/v2\/users\/28"}],"replies":[{"embeddable":true,"href":"https:\/\/imagazine.it\/home_desk\/wp-json\/wp\/v2\/comments?post=69119"}],"version-history":[{"count":2,"href":"https:\/\/imagazine.it\/home_desk\/wp-json\/wp\/v2\/posts\/69119\/revisions"}],"predecessor-version":[{"id":69122,"href":"https:\/\/imagazine.it\/home_desk\/wp-json\/wp\/v2\/posts\/69119\/revisions\/69122"}],"wp:featuredmedia":[{"embeddable":true,"href":"https:\/\/imagazine.it\/home_desk\/wp-json\/wp\/v2\/media\/69120"}],"wp:attachment":[{"href":"https:\/\/imagazine.it\/home_desk\/wp-json\/wp\/v2\/media?parent=69119"}],"wp:term":[{"taxonomy":"category","embeddable":true,"href":"https:\/\/imagazine.it\/home_desk\/wp-json\/wp\/v2\/categories?post=69119"},{"taxonomy":"post_tag","embeddable":true,"href":"https:\/\/imagazine.it\/home_desk\/wp-json\/wp\/v2\/tags?post=69119"}],"curies":[{"name":"wp","href":"https:\/\/api.w.org\/{rel}","templated":true}]}}