{"id":69085,"date":"2025-10-27T17:43:05","date_gmt":"2025-10-27T16:43:05","guid":{"rendered":"https:\/\/imagazine.it\/home_desk\/?p=69085"},"modified":"2025-10-29T18:39:40","modified_gmt":"2025-10-29T17:39:40","slug":"palmanova-acquista-beni-e-cimeli-del-museo-storico-militare","status":"publish","type":"post","link":"https:\/\/imagazine.it\/home_desk\/palmanova-acquista-beni-e-cimeli-del-museo-storico-militare\/","title":{"rendered":"Palmanova acquista beni e cimeli del Museo Storico Militare"},"content":{"rendered":"<p><span style=\"font-size: 10pt;\"><em>Da sinistra Tellini, Callari e Martines<\/em><\/span><\/p>\n<p>PALMANOVA \u2013 Dopo che il Consiglio Comunale di Palmanova ha approvato l\u2019acquisizione al patrimonio comunale del <strong>Museo storico Militare<\/strong>, comprensivo dei beni immobili e delle collezioni museali, cos\u00ec come individuati con il Decreto Legislativo n. 112 del 10 luglio 2025, \u00e8 stato oggi firmato il <strong>passaggio dei cimeli conservati nelle strutture<\/strong>, concludendo ufficialmente il passaggio dei beni mobili al patrimonio comunale.<\/p>\n<p>Il trasferimento degli immobili verr\u00e0 formalizzato nelle prossime settimane.<\/p>\n<p>Presenti alla cerimonia, tenuta negli spazi della Caserma Isonzo, Direzione del Museo Storico Militare in Piazza Grande,\u00a0<strong>Sebastiano Callari<\/strong>, assessore regionale al patrimonio,\u00a0<strong>Giuseppe Tellini<\/strong>, sindaco di Palmanova, e il consigliere regionale\u00a0<strong>Francesco Martines<\/strong>.<\/p>\n<p>\u00c8 stata anche l\u2019occasione per consegnare, da parte del Comune,\u00a0<strong>un Encomio Solenne al Museo della Grande Guerra e della Fortezza di Palmanova<\/strong>\u00a0(gi\u00e0 Museo Storico Militare), riconoscendo l&#8217;importante opera di promozione, valorizzazione e memoria che la prestigiosa istituzione militare ha condotto dal 1990, contribuendo allo sviluppo economico e turistico della Fortezza.<\/p>\n<p>\u201cQuella di oggi non \u00e8 solo la formalizzazione di uno degli ultimi atti che vanno a concludere ufficialmente il passaggio di propriet\u00e0 dei beni mobili e immobili del Museo Storico Militare. \u00c8\u00a0<strong>anche un momento storico per tutta la nostra citt\u00e0<\/strong>. Questi beni, attentamente catalogati, diventeranno patrimonio cittadino e troveranno spazio, dopo un adeguato lavoro di riqualificazione degli ambienti, nei rinnovati locali di Porta Cividale e Palazzo del Governatore alle Armi\u201d, ha commentato il sindaco di Palmanova,\u00a0<strong>Giuseppe Tellini<\/strong>.<\/p>\n<p>Il Consiglio Comunale aveva approvato, poco pi\u00f9 di un mese fa, l\u2019acquisizione al patrimonio comunale del Museo storico Militare. L\u2019iter statale \u00e8 stato molto lungo, 11 anni, durante il quale si sono avvicendate quattro commissioni paritetiche, portando la firma finale, da parte dello Stato, nel mese di giugno 2025.<\/p>\n<p>Sempre il Consiglio Comunale di Palmanova, nella sua ultima riunione, ha richiesto ufficialmente\u00a0<strong>l\u2019acquisizione completa del Palazzo del Governatore delle Armi, di Piazza Grande (Caserma Isonzo)<\/strong>, dopo che nella precedente domanda erano stati esclusi tre appartamenti che si affacciano sulla piazza, due sale e l\u2019ingresso principale.<\/p>\n<p>\u201cFesteggiamo, dopo tanti anni, il passaggio definitivo del Museo Militare. Una cerimonia \u2013 aggiunge il Consigliere comunale e regionale\u00a0<strong>Francesco Martines<\/strong> \u2013 nata anche per dare il giusto riconoscimento a chi ha operato fino a ora al Museo Militare e alle istituzioni nazionali e regionali che si sono impegnate in questa vicenda.\u00a0<strong>\u00c8 stato un lungo percorso, non facile, che ha richiesto pazienza e impegno politico e istituzionale<\/strong>. Ora finalmente vediamo la sua conclusione, dando alla citt\u00e0 stellata la gestione di beni che sapr\u00e0 valorizzare per crescere ancora nel turismo e nel suo sviluppo economico, sociale e culturale\u201d.<\/p>\n<p><img loading=\"lazy\" decoding=\"async\" class=\"aligncenter wp-image-69086\" src=\"https:\/\/imagazine.it\/wp-content\/uploads\/2025\/10\/firma-museo-militare-palmanova-15-1024x576.jpg\" alt=\"\" width=\"640\" height=\"360\" data-wp-editing=\"1\" title=\"\" srcset=\"https:\/\/imagazine.it\/wp-content\/uploads\/2025\/10\/firma-museo-militare-palmanova-15-1024x576.jpg 1024w, https:\/\/imagazine.it\/wp-content\/uploads\/2025\/10\/firma-museo-militare-palmanova-15-300x169.jpg 300w, https:\/\/imagazine.it\/wp-content\/uploads\/2025\/10\/firma-museo-militare-palmanova-15-768x432.jpg 768w, https:\/\/imagazine.it\/wp-content\/uploads\/2025\/10\/firma-museo-militare-palmanova-15-1536x864.jpg 1536w, https:\/\/imagazine.it\/wp-content\/uploads\/2025\/10\/firma-museo-militare-palmanova-15-1280x720.jpg 1280w, https:\/\/imagazine.it\/wp-content\/uploads\/2025\/10\/firma-museo-militare-palmanova-15.jpg 1600w\" sizes=\"auto, (max-width: 640px) 100vw, 640px\" \/><\/p>\n<p>\u201cQuesti progetti \u2013 ha dichiarato l\u2019assessore regionale al patrimonio, <strong>Sebastiano Callari<\/strong> \u2013 si realizzano quando gli amministratori locali ci mettono non solo lavoro ma anche cuore. Si realizzano quando si lavora assieme, senza ideologie o bandiere. Oggi Palmanova pu\u00f2 diventare centro di una cultura di pace. Questi cimeli rappresentato ci\u00f2 che questa Regione \u00e8 stata a livello nazionale stata per la nazione. Dalle tragedie ora \u00e8 il tempo di farne tesoro per parlare al mondo di pace. Importante dare continuit\u00e0 a cosa potr\u00e0 diventare questo museo. E inoltre bisogna parlare all&#8217;estero di Palmanova e di tutta la regione\u201d.<\/p>\n","protected":false},"excerpt":{"rendered":"<p>Firmato il documento che garantisce al Comune la gestione di Porta Cividale, una sezione di Bastioni e la Caserma Isonzo<\/p>\n","protected":false},"author":28,"featured_media":69087,"comment_status":"closed","ping_status":"closed","sticky":false,"template":"","format":"image","meta":{"dwc-title":[""],"dwc-content":[""],"footnotes":""},"categories":[5],"tags":[356,154],"class_list":["post-69085","post","type-post","status-publish","format-image","has-post-thumbnail","hentry","category-attualita","tag-museo","tag-palmanova","post_format-post-format-image"],"rttpg_featured_image_url":{"full":["https:\/\/imagazine.it\/wp-content\/uploads\/2025\/10\/firma-museo-militare-palmanova-3.jpg",1600,900,false],"landscape":["https:\/\/imagazine.it\/wp-content\/uploads\/2025\/10\/firma-museo-militare-palmanova-3.jpg",1600,900,false],"portraits":["https:\/\/imagazine.it\/wp-content\/uploads\/2025\/10\/firma-museo-militare-palmanova-3.jpg",1600,900,false],"thumbnail":["https:\/\/imagazine.it\/wp-content\/uploads\/2025\/10\/firma-museo-militare-palmanova-3-150x150.jpg",150,150,true],"medium":["https:\/\/imagazine.it\/wp-content\/uploads\/2025\/10\/firma-museo-militare-palmanova-3-300x169.jpg",300,169,true],"large":["https:\/\/imagazine.it\/wp-content\/uploads\/2025\/10\/firma-museo-militare-palmanova-3-1024x576.jpg",640,360,true],"thumblist":["https:\/\/imagazine.it\/wp-content\/uploads\/2025\/10\/firma-museo-militare-palmanova-3-300x300.jpg",300,300,true],"thumbrelated":["https:\/\/imagazine.it\/wp-content\/uploads\/2025\/10\/firma-museo-militare-palmanova-3-500x500.jpg",500,500,true],"meccarouselthumb":["https:\/\/imagazine.it\/wp-content\/uploads\/2025\/10\/firma-museo-militare-palmanova-3-474x324.jpg",474,324,true],"gridsquare":["https:\/\/imagazine.it\/wp-content\/uploads\/2025\/10\/firma-museo-militare-palmanova-3-391x260.jpg",391,260,true],"tileview":["https:\/\/imagazine.it\/wp-content\/uploads\/2025\/10\/firma-museo-militare-palmanova-3-300x400.jpg",300,400,true],"1536x1536":["https:\/\/imagazine.it\/wp-content\/uploads\/2025\/10\/firma-museo-militare-palmanova-3-1536x864.jpg",1536,864,true],"2048x2048":["https:\/\/imagazine.it\/wp-content\/uploads\/2025\/10\/firma-museo-militare-palmanova-3.jpg",1600,900,false],"newsup-slider-full":["https:\/\/imagazine.it\/wp-content\/uploads\/2025\/10\/firma-museo-militare-palmanova-3-1280x720.jpg",1280,720,true],"newsup-featured":["https:\/\/imagazine.it\/wp-content\/uploads\/2025\/10\/firma-museo-militare-palmanova-3-1024x576.jpg",1024,576,true],"newsup-medium":["https:\/\/imagazine.it\/wp-content\/uploads\/2025\/10\/firma-museo-militare-palmanova-3-720x380.jpg",720,380,true],"tptn_thumbnail":["https:\/\/imagazine.it\/wp-content\/uploads\/2025\/10\/firma-museo-militare-palmanova-3-250x210.jpg",250,210,true],"sow-carousel-default":["https:\/\/imagazine.it\/wp-content\/uploads\/2025\/10\/firma-museo-militare-palmanova-3-272x182.jpg",272,182,true]},"rttpg_author":{"display_name":"redazione","author_link":"https:\/\/imagazine.it\/home_desk\/author\/redazione\/"},"rttpg_comment":0,"rttpg_category":"<a href=\"https:\/\/imagazine.it\/home_desk\/category\/attualita\/\" rel=\"category tag\">ATTUALIT\u00c0<\/a>","rttpg_excerpt":"Firmato il documento che garantisce al Comune la gestione di Porta Cividale, una sezione di Bastioni e la Caserma Isonzo","_links":{"self":[{"href":"https:\/\/imagazine.it\/home_desk\/wp-json\/wp\/v2\/posts\/69085","targetHints":{"allow":["GET"]}}],"collection":[{"href":"https:\/\/imagazine.it\/home_desk\/wp-json\/wp\/v2\/posts"}],"about":[{"href":"https:\/\/imagazine.it\/home_desk\/wp-json\/wp\/v2\/types\/post"}],"author":[{"embeddable":true,"href":"https:\/\/imagazine.it\/home_desk\/wp-json\/wp\/v2\/users\/28"}],"replies":[{"embeddable":true,"href":"https:\/\/imagazine.it\/home_desk\/wp-json\/wp\/v2\/comments?post=69085"}],"version-history":[{"count":5,"href":"https:\/\/imagazine.it\/home_desk\/wp-json\/wp\/v2\/posts\/69085\/revisions"}],"predecessor-version":[{"id":69098,"href":"https:\/\/imagazine.it\/home_desk\/wp-json\/wp\/v2\/posts\/69085\/revisions\/69098"}],"wp:featuredmedia":[{"embeddable":true,"href":"https:\/\/imagazine.it\/home_desk\/wp-json\/wp\/v2\/media\/69087"}],"wp:attachment":[{"href":"https:\/\/imagazine.it\/home_desk\/wp-json\/wp\/v2\/media?parent=69085"}],"wp:term":[{"taxonomy":"category","embeddable":true,"href":"https:\/\/imagazine.it\/home_desk\/wp-json\/wp\/v2\/categories?post=69085"},{"taxonomy":"post_tag","embeddable":true,"href":"https:\/\/imagazine.it\/home_desk\/wp-json\/wp\/v2\/tags?post=69085"}],"curies":[{"name":"wp","href":"https:\/\/api.w.org\/{rel}","templated":true}]}}