{"id":69075,"date":"2025-10-27T15:52:06","date_gmt":"2025-10-27T14:52:06","guid":{"rendered":"https:\/\/imagazine.it\/home_desk\/?p=69075"},"modified":"2025-10-27T15:52:06","modified_gmt":"2025-10-27T14:52:06","slug":"ruda-si-riappropria-della-sala-cocolin","status":"publish","type":"post","link":"https:\/\/imagazine.it\/home_desk\/ruda-si-riappropria-della-sala-cocolin\/","title":{"rendered":"Ruda si riappropria della Sala Cocolin"},"content":{"rendered":"<p><span style=\"font-size: 10pt;\"><em>Don Millo e il sindaco Lenarduzzi<\/em><\/span><\/p>\n<p>RUDA \u2013 Dopo un lungo periodo di inattivit\u00e0, la <strong><em>Sala Monsignor Pietro Cocolin<\/em><\/strong> \u00e8 stata ufficialmente restituita alla comunit\u00e0 di Ruda.<\/p>\n<p>Il momento della riapertura e della benedizione \u00e8 stato celebrato con una semplice ma sentita cerimonia presieduta da <strong>don Manuel Millo<\/strong>, amministratore parrocchiale; presente al taglio del nastro anche il sindaco <strong>Franco Lenarduzzi<\/strong>.<\/p>\n<p>La sala, punto di riferimento per incontri e attivit\u00e0 sociali parrocchiali, era chiusa e non veniva utilizzata dal 2020, un\u2019interruzione iniziata con l\u2019emergenza sanitaria del Covid-19 e protrattasi negli anni successivi.<\/p>\n<p>A riportare in piena funzionalit\u00e0 lo spazio \u00e8 stato un encomiabile gruppo di volontari, che ha raccolto l&#8217;iniziativa di rimettere a nuovo l&#8217;intero locale.<\/p>\n<p>Il loro lavoro ha incluso una rinfrescata completa degli interni con la ridipintura del locale, oltre a interventi fondamentali di manutenzione: \u00e8 stato sistemato l\u2019impianto idraulico, revisionato il riscaldamento e ammodernato l&#8217;impianto elettrico.<\/p>\n<p>I lavori si sono conclusi con un&#8217;approfondita e necessaria pulizia che ha preparato la sala ad accogliere nuovamente i parrocchiani.<\/p>\n<figure id=\"attachment_69076\" aria-describedby=\"caption-attachment-69076\" style=\"width: 1000px\" class=\"wp-caption aligncenter\"><img loading=\"lazy\" decoding=\"async\" class=\"size-full wp-image-69076\" src=\"https:\/\/imagazine.it\/wp-content\/uploads\/2025\/10\/sala-pietro-cocolin-07.jpg\" alt=\"\" width=\"1000\" height=\"750\" title=\"\" srcset=\"https:\/\/imagazine.it\/wp-content\/uploads\/2025\/10\/sala-pietro-cocolin-07.jpg 1000w, https:\/\/imagazine.it\/wp-content\/uploads\/2025\/10\/sala-pietro-cocolin-07-300x225.jpg 300w, https:\/\/imagazine.it\/wp-content\/uploads\/2025\/10\/sala-pietro-cocolin-07-768x576.jpg 768w\" sizes=\"auto, (max-width: 1000px) 100vw, 1000px\" \/><figcaption id=\"caption-attachment-69076\" class=\"wp-caption-text\">Il momento conviviale all&#8217;interno della sala dopo la cerimonia<\/figcaption><\/figure>\n<p>La funzione principale della sala sar\u00e0 quella di supportare l&#8217;attivit\u00e0 pastorale, in particolare per la formazione dei ragazzi dell\u2019iniziazione cristiana, diventando cos\u00ec un punto di riferimento per la parrocchia.<\/p>\n<p>Lo spazio sar\u00e0 anche messo a disposizione della comunit\u00e0 per chiunque ne faccia richiesta, offrendo un ambiente rinnovato e dignitoso per riunioni, assemblee o altre attivit\u00e0 ed eventi culturali.<\/p>\n<figure id=\"attachment_69077\" aria-describedby=\"caption-attachment-69077\" style=\"width: 1000px\" class=\"wp-caption aligncenter\"><img loading=\"lazy\" decoding=\"async\" class=\"size-full wp-image-69077\" src=\"https:\/\/imagazine.it\/wp-content\/uploads\/2025\/10\/sala-pietro-cocolin-01.jpg\" alt=\"\" width=\"1000\" height=\"817\" title=\"\" srcset=\"https:\/\/imagazine.it\/wp-content\/uploads\/2025\/10\/sala-pietro-cocolin-01.jpg 1000w, https:\/\/imagazine.it\/wp-content\/uploads\/2025\/10\/sala-pietro-cocolin-01-300x245.jpg 300w, https:\/\/imagazine.it\/wp-content\/uploads\/2025\/10\/sala-pietro-cocolin-01-768x627.jpg 768w\" sizes=\"auto, (max-width: 1000px) 100vw, 1000px\" \/><figcaption id=\"caption-attachment-69077\" class=\"wp-caption-text\">L&#8217;esterno della struttura<\/figcaption><\/figure>\n","protected":false},"excerpt":{"rendered":"<p>Cerimonia per la sua riapertura dopo gli interventi di sistemazione da parte di volontari. Oltre che per le attivit\u00e0 parrocchiali sar\u00e0 a disposizione dell&#8217;intera comunit\u00e0<\/p>\n","protected":false},"author":22,"featured_media":69078,"comment_status":"closed","ping_status":"closed","sticky":false,"template":"","format":"image","meta":{"dwc-title":[""],"dwc-content":[""],"footnotes":""},"categories":[5],"tags":[260,212,2199],"class_list":["post-69075","post","type-post","status-publish","format-image","has-post-thumbnail","hentry","category-attualita","tag-parrocchia","tag-ruda","tag-sala","post_format-post-format-image"],"rttpg_featured_image_url":{"full":["https:\/\/imagazine.it\/wp-content\/uploads\/2025\/10\/sala-pietro-cocolin-05.jpg",1366,743,false],"landscape":["https:\/\/imagazine.it\/wp-content\/uploads\/2025\/10\/sala-pietro-cocolin-05.jpg",1366,743,false],"portraits":["https:\/\/imagazine.it\/wp-content\/uploads\/2025\/10\/sala-pietro-cocolin-05.jpg",1366,743,false],"thumbnail":["https:\/\/imagazine.it\/wp-content\/uploads\/2025\/10\/sala-pietro-cocolin-05-150x150.jpg",150,150,true],"medium":["https:\/\/imagazine.it\/wp-content\/uploads\/2025\/10\/sala-pietro-cocolin-05-300x163.jpg",300,163,true],"large":["https:\/\/imagazine.it\/wp-content\/uploads\/2025\/10\/sala-pietro-cocolin-05-1024x557.jpg",640,348,true],"thumblist":["https:\/\/imagazine.it\/wp-content\/uploads\/2025\/10\/sala-pietro-cocolin-05-300x300.jpg",300,300,true],"thumbrelated":["https:\/\/imagazine.it\/wp-content\/uploads\/2025\/10\/sala-pietro-cocolin-05-500x500.jpg",500,500,true],"meccarouselthumb":["https:\/\/imagazine.it\/wp-content\/uploads\/2025\/10\/sala-pietro-cocolin-05-474x324.jpg",474,324,true],"gridsquare":["https:\/\/imagazine.it\/wp-content\/uploads\/2025\/10\/sala-pietro-cocolin-05-391x260.jpg",391,260,true],"tileview":["https:\/\/imagazine.it\/wp-content\/uploads\/2025\/10\/sala-pietro-cocolin-05-300x400.jpg",300,400,true],"1536x1536":["https:\/\/imagazine.it\/wp-content\/uploads\/2025\/10\/sala-pietro-cocolin-05.jpg",1366,743,false],"2048x2048":["https:\/\/imagazine.it\/wp-content\/uploads\/2025\/10\/sala-pietro-cocolin-05.jpg",1366,743,false],"newsup-slider-full":["https:\/\/imagazine.it\/wp-content\/uploads\/2025\/10\/sala-pietro-cocolin-05-1280x720.jpg",1280,720,true],"newsup-featured":["https:\/\/imagazine.it\/wp-content\/uploads\/2025\/10\/sala-pietro-cocolin-05-1024x557.jpg",1024,557,true],"newsup-medium":["https:\/\/imagazine.it\/wp-content\/uploads\/2025\/10\/sala-pietro-cocolin-05-720x380.jpg",720,380,true],"tptn_thumbnail":["https:\/\/imagazine.it\/wp-content\/uploads\/2025\/10\/sala-pietro-cocolin-05-250x210.jpg",250,210,true],"sow-carousel-default":["https:\/\/imagazine.it\/wp-content\/uploads\/2025\/10\/sala-pietro-cocolin-05-272x182.jpg",272,182,true]},"rttpg_author":{"display_name":"Livio Nonis","author_link":"https:\/\/imagazine.it\/home_desk\/author\/nonis\/"},"rttpg_comment":0,"rttpg_category":"<a href=\"https:\/\/imagazine.it\/home_desk\/category\/attualita\/\" rel=\"category tag\">ATTUALIT\u00c0<\/a>","rttpg_excerpt":"Cerimonia per la sua riapertura dopo gli interventi di sistemazione da parte di volontari. Oltre che per le attivit\u00e0 parrocchiali sar\u00e0 a disposizione dell'intera comunit\u00e0","_links":{"self":[{"href":"https:\/\/imagazine.it\/home_desk\/wp-json\/wp\/v2\/posts\/69075","targetHints":{"allow":["GET"]}}],"collection":[{"href":"https:\/\/imagazine.it\/home_desk\/wp-json\/wp\/v2\/posts"}],"about":[{"href":"https:\/\/imagazine.it\/home_desk\/wp-json\/wp\/v2\/types\/post"}],"author":[{"embeddable":true,"href":"https:\/\/imagazine.it\/home_desk\/wp-json\/wp\/v2\/users\/22"}],"replies":[{"embeddable":true,"href":"https:\/\/imagazine.it\/home_desk\/wp-json\/wp\/v2\/comments?post=69075"}],"version-history":[{"count":2,"href":"https:\/\/imagazine.it\/home_desk\/wp-json\/wp\/v2\/posts\/69075\/revisions"}],"predecessor-version":[{"id":69080,"href":"https:\/\/imagazine.it\/home_desk\/wp-json\/wp\/v2\/posts\/69075\/revisions\/69080"}],"wp:featuredmedia":[{"embeddable":true,"href":"https:\/\/imagazine.it\/home_desk\/wp-json\/wp\/v2\/media\/69078"}],"wp:attachment":[{"href":"https:\/\/imagazine.it\/home_desk\/wp-json\/wp\/v2\/media?parent=69075"}],"wp:term":[{"taxonomy":"category","embeddable":true,"href":"https:\/\/imagazine.it\/home_desk\/wp-json\/wp\/v2\/categories?post=69075"},{"taxonomy":"post_tag","embeddable":true,"href":"https:\/\/imagazine.it\/home_desk\/wp-json\/wp\/v2\/tags?post=69075"}],"curies":[{"name":"wp","href":"https:\/\/api.w.org\/{rel}","templated":true}]}}