{"id":69058,"date":"2025-10-27T11:51:34","date_gmt":"2025-10-27T10:51:34","guid":{"rendered":"https:\/\/imagazine.it\/home_desk\/?p=69058"},"modified":"2025-10-28T18:29:35","modified_gmt":"2025-10-28T17:29:35","slug":"alla-scoperta-della-cervignano-del-2040","status":"publish","type":"post","link":"https:\/\/imagazine.it\/home_desk\/alla-scoperta-della-cervignano-del-2040\/","title":{"rendered":"Alla scoperta della Cervignano del 2040"},"content":{"rendered":"<p><span style=\"font-size: 10pt;\"><em>Giuliano Pellizzari<\/em><\/span><\/p>\n<p>CERVIGNANO DEL FRIULI <em>\u2013 <\/em>Si terr\u00e0 <strong>gioved\u00ec 13 novembre<\/strong>, alle ore 20.30 alla Casa della Musica di Cervignano del Friuli, l\u2019incontro dal titolo \u201c<em>Che Cervignano che c\u2019\u00e8 \u2013 Analisi e prospettive socio-economiche per Cervignano del Friuli (2025-2040)<\/em>\u201d, a cura di <strong>Giuliano Pellizzari<\/strong>, consulente e autore che da anni si occupa di sviluppo locale, marketing territoriale e innovazione sociale.<\/p>\n<p>Il titolo, volutamente espressivo e colloquiale, nasce dal desiderio di raccontare la Cervignano che esiste oggi e quella che potrebbe esistere domani.<\/p>\n<p><strong>Giuliano Pellizzari, perch\u00e9 questa scelta?<\/strong><\/p>\n<p>\u00ab\u201c<em>Che Cervignano che c\u2019\u00e8<\/em>\u201d non \u00e8 un gioco di parole: \u00e8 una riflessione identitaria, un invito a riconoscere ci\u00f2 che gi\u00e0 c\u2019\u00e8 \u2013 persone, competenze, idee, potenzialit\u00e0 \u2013 e a immaginare come questo patrimonio possa trasformarsi in valore economico e sociale nel futuro. L\u2019incontro offrir\u00e0 una lettura analitica e documentata del contesto cervignanese e della Bassa Friulana, esaminando i dati demografici, economici e culturali attuali e delineando le tendenze previste fino al 2040\u00bb.<\/p>\n<p><strong>Di quali fattori tenere conto principalmente?<\/strong><\/p>\n<p>\u00abAttraverso modelli previsionali e scenari evolutivi, mostrer\u00f2 al pubblico come i fenomeni di invecchiamento, trasformazione del lavoro, innovazione tecnologica e transizione verde influenzeranno la vita economica e sociale della citt\u00e0. Il percorso di analisi toccher\u00e0 in particolare quattro ambiti chiave\u00bb.<\/p>\n<p><strong>Ce li pu\u00f2 anticipare?<\/strong><\/p>\n<p>\u00abL\u2019obiettivo \u00e8 dare respiro a Cervignano, perch\u00e9 torni a essere una destinazione, non solo un punto sulla mappa. Serve agire su pi\u00f9 fronti, in modo coordinato: imprenditoriale, territoriale e di <em>governance<\/em>. Per renderla attrattiva soprattutto per le nuove generazioni \u2013 Gen Z e Alpha \u2013 dobbiamo valorizzare ci\u00f2 che la distingue: la distribuzione del territorio, i terreni agricoli tipici della Bassa Friulana, e la tranquillit\u00e0 sociale e relazionale che altrove si \u00e8 persa. Quelli che qualcuno percepisce come punti di debolezza, possono in realt\u00e0 diventare i nostri punti di forza, se sappiamo leggerli alla luce di un\u2019epoca ormai pienamente digitale\u00bb.<\/p>\n<p><strong>Investimenti sembra la parola chiave: come si possono attrarre?<\/strong><\/p>\n<p>\u00abL\u2019analisi, sviluppata a partire da dati ISTAT, rapporti regionali e ricerche di settore, sar\u00e0 accompagnata da proiezioni socio-economiche e da una riflessione sulla possibile identit\u00e0 futura della citt\u00e0: una Cervignano \u201c<em>GreenTech<\/em>\u201d, innovativa, sostenibile e centrata sulla qualit\u00e0 della vita. Durante la serata emergeranno anche spunti per risposte a questo quesito\u00bb.<\/p>\n<p><strong>I maliziosi potrebbero pensare a un suo manifesto elettorale.<\/strong><\/p>\n<p>\u00abL\u2019evento si inserisce in un percorso di studio e divulgazione che personalmente dedico da anni ai temi dell\u2019economia territoriale e della trasformazione sociale dei contesti locali. Gi\u00e0 formatore per enti pubblici e associazioni di categoria, desidero unire l\u2019esperienza d\u2019impresa e la conoscenza delle dinamiche sociali a una sensibilit\u00e0 narrativa e culturale che possa rendere la mia analisi accessibile, rigorosa e al tempo stesso ispiratrice. \u201c<em>Che Cervignano che c\u2019\u00e8<\/em>\u201d vuole rappresentare un\u2019occasione per osservare con lucidit\u00e0 e consapevolezza il presente, e per restituire una prospettiva concreta sul futuro di Cervignano del Friuli e del suo territorio. Il mio interesse non \u00e8 a fini elettorali, ma di dare uno spunto a una progettualit\u00e0 un po\u2019 pi\u00f9 ampia, almeno di tre lustri\u00bb.<\/p>\n<p><img loading=\"lazy\" decoding=\"async\" class=\"aligncenter size-large wp-image-69059\" src=\"https:\/\/imagazine.it\/wp-content\/uploads\/2025\/10\/CHE-CERVIGNANO-CHE-CE-Poster-A3-verticale-768x1024.jpg\" alt=\"\" width=\"640\" height=\"853\" title=\"\" srcset=\"https:\/\/imagazine.it\/wp-content\/uploads\/2025\/10\/CHE-CERVIGNANO-CHE-CE-Poster-A3-verticale-768x1024.jpg 768w, https:\/\/imagazine.it\/wp-content\/uploads\/2025\/10\/CHE-CERVIGNANO-CHE-CE-Poster-A3-verticale-225x300.jpg 225w, https:\/\/imagazine.it\/wp-content\/uploads\/2025\/10\/CHE-CERVIGNANO-CHE-CE-Poster-A3-verticale-300x400.jpg 300w, https:\/\/imagazine.it\/wp-content\/uploads\/2025\/10\/CHE-CERVIGNANO-CHE-CE-Poster-A3-verticale.jpg 800w\" sizes=\"auto, (max-width: 640px) 100vw, 640px\" \/><\/p>\n","protected":false},"excerpt":{"rendered":"<p>Una serata di analisi e prospettive socio-economiche per la citt\u00e0, proposta da Giuliano Pellizzari. Basata su dati demografici, economici e culturali attuali<\/p>\n","protected":false},"author":3,"featured_media":69060,"comment_status":"closed","ping_status":"closed","sticky":false,"template":"","format":"image","meta":{"dwc-title":[""],"dwc-content":[""],"footnotes":""},"categories":[6],"tags":[2287,119,336,820],"class_list":["post-69058","post","type-post","status-publish","format-image","has-post-thumbnail","hentry","category-societa","tag-approfondimenti","tag-cervignano","tag-economia","tag-sociale","post_format-post-format-image"],"rttpg_featured_image_url":{"full":["https:\/\/imagazine.it\/wp-content\/uploads\/2025\/10\/giuliano.jpg",1366,911,false],"landscape":["https:\/\/imagazine.it\/wp-content\/uploads\/2025\/10\/giuliano.jpg",1366,911,false],"portraits":["https:\/\/imagazine.it\/wp-content\/uploads\/2025\/10\/giuliano.jpg",1366,911,false],"thumbnail":["https:\/\/imagazine.it\/wp-content\/uploads\/2025\/10\/giuliano-150x150.jpg",150,150,true],"medium":["https:\/\/imagazine.it\/wp-content\/uploads\/2025\/10\/giuliano-300x200.jpg",300,200,true],"large":["https:\/\/imagazine.it\/wp-content\/uploads\/2025\/10\/giuliano-1024x683.jpg",640,427,true],"thumblist":["https:\/\/imagazine.it\/wp-content\/uploads\/2025\/10\/giuliano-300x300.jpg",300,300,true],"thumbrelated":["https:\/\/imagazine.it\/wp-content\/uploads\/2025\/10\/giuliano-500x500.jpg",500,500,true],"meccarouselthumb":["https:\/\/imagazine.it\/wp-content\/uploads\/2025\/10\/giuliano-474x324.jpg",474,324,true],"gridsquare":["https:\/\/imagazine.it\/wp-content\/uploads\/2025\/10\/giuliano-391x260.jpg",391,260,true],"tileview":["https:\/\/imagazine.it\/wp-content\/uploads\/2025\/10\/giuliano-300x400.jpg",300,400,true],"1536x1536":["https:\/\/imagazine.it\/wp-content\/uploads\/2025\/10\/giuliano.jpg",1366,911,false],"2048x2048":["https:\/\/imagazine.it\/wp-content\/uploads\/2025\/10\/giuliano.jpg",1366,911,false],"newsup-slider-full":["https:\/\/imagazine.it\/wp-content\/uploads\/2025\/10\/giuliano-1280x720.jpg",1280,720,true],"newsup-featured":["https:\/\/imagazine.it\/wp-content\/uploads\/2025\/10\/giuliano-1024x683.jpg",1024,683,true],"newsup-medium":["https:\/\/imagazine.it\/wp-content\/uploads\/2025\/10\/giuliano-720x380.jpg",720,380,true],"tptn_thumbnail":["https:\/\/imagazine.it\/wp-content\/uploads\/2025\/10\/giuliano-250x210.jpg",250,210,true],"sow-carousel-default":["https:\/\/imagazine.it\/wp-content\/uploads\/2025\/10\/giuliano-272x182.jpg",272,182,true]},"rttpg_author":{"display_name":"Andrea Doncovio","author_link":"https:\/\/imagazine.it\/home_desk\/author\/andrea\/"},"rttpg_comment":0,"rttpg_category":"<a href=\"https:\/\/imagazine.it\/home_desk\/category\/societa\/\" rel=\"category tag\">SOCIET\u00c0<\/a>","rttpg_excerpt":"Una serata di analisi e prospettive socio-economiche per la citt\u00e0, proposta da Giuliano Pellizzari. Basata su dati demografici, economici e culturali attuali","_links":{"self":[{"href":"https:\/\/imagazine.it\/home_desk\/wp-json\/wp\/v2\/posts\/69058","targetHints":{"allow":["GET"]}}],"collection":[{"href":"https:\/\/imagazine.it\/home_desk\/wp-json\/wp\/v2\/posts"}],"about":[{"href":"https:\/\/imagazine.it\/home_desk\/wp-json\/wp\/v2\/types\/post"}],"author":[{"embeddable":true,"href":"https:\/\/imagazine.it\/home_desk\/wp-json\/wp\/v2\/users\/3"}],"replies":[{"embeddable":true,"href":"https:\/\/imagazine.it\/home_desk\/wp-json\/wp\/v2\/comments?post=69058"}],"version-history":[{"count":5,"href":"https:\/\/imagazine.it\/home_desk\/wp-json\/wp\/v2\/posts\/69058\/revisions"}],"predecessor-version":[{"id":69068,"href":"https:\/\/imagazine.it\/home_desk\/wp-json\/wp\/v2\/posts\/69058\/revisions\/69068"}],"wp:featuredmedia":[{"embeddable":true,"href":"https:\/\/imagazine.it\/home_desk\/wp-json\/wp\/v2\/media\/69060"}],"wp:attachment":[{"href":"https:\/\/imagazine.it\/home_desk\/wp-json\/wp\/v2\/media?parent=69058"}],"wp:term":[{"taxonomy":"category","embeddable":true,"href":"https:\/\/imagazine.it\/home_desk\/wp-json\/wp\/v2\/categories?post=69058"},{"taxonomy":"post_tag","embeddable":true,"href":"https:\/\/imagazine.it\/home_desk\/wp-json\/wp\/v2\/tags?post=69058"}],"curies":[{"name":"wp","href":"https:\/\/api.w.org\/{rel}","templated":true}]}}