{"id":69028,"date":"2025-10-24T17:21:48","date_gmt":"2025-10-24T15:21:48","guid":{"rendered":"https:\/\/imagazine.it\/home_desk\/?p=69028"},"modified":"2025-10-27T11:52:15","modified_gmt":"2025-10-27T10:52:15","slug":"friuli-1976-il-volto-di-una-comunita-che-rinasce","status":"publish","type":"post","link":"https:\/\/imagazine.it\/home_desk\/friuli-1976-il-volto-di-una-comunita-che-rinasce\/","title":{"rendered":"Friuli 1976: il volto di una comunit\u00e0 che rinasce"},"content":{"rendered":"<p><span style=\"font-size: 10pt;\"><em>Ricostruzione post terremoto del 1976<\/em><\/span><\/p>\n<p>UDINE \u2013 Il 6 maggio 1976, alle ore 21, il Friuli venne colpito da un terremoto devastante.<\/p>\n<p>Case crollarono, paesi furono rasi al suolo, vite sconvolte. Eppure, in mezzo alle macerie, sorse qualcosa di straordinario: una comunit\u00e0 unita, capace di affrontare con dignit\u00e0 e determinazione una delle tragedie pi\u00f9 gravi della storia italiana del secondo dopoguerra.<\/p>\n<p>Il Friuli del dopo-terremoto \u00e8 stato un esempio di democrazia partecipativa, di buona politica e di solidariet\u00e0 concreta. I cittadini non furono semplici destinatari di aiuti, ma protagonisti della ricostruzione: una ricostruzione che ha saputo ridare vita alle case, ai paesi e, soprattutto, ai legami sociali.<\/p>\n<p>Per ricordare e valorizzare quella stagione la <strong>Societ\u00e0 Filologica Friulana<\/strong> promuove il progetto \u201c<em>Friuli 1976: il volto di una comunit\u00e0 che rinasce<\/em>\u201d, iniziativa che intende creare un archivio della memoria della ricostruzione dal terremoto. Non, dunque, le immagini della distruzione, ma della\u00a0ricostruzione: dei paesi, delle scuole, delle comunit\u00e0, delle relazioni. Attraverso fotografie autentiche e spontanee, tratte dagli archivi familiari, l\u2019iniziativa vuole restituire la forza di quei gesti quotidiani, l\u2019impegno collettivo, la solidariet\u00e0 concreta che hanno contraddistinto il Friuli di allora e che si sono protratte negli anni: dunque anche immagini che ritraggono la popolazione friulana a fianco dei tanti che da altre regioni d\u2019Italia e dall\u2019estero sono venuti a dare una mano e dei tanti scatti successivi che negli anni hanno testimoniato l\u2019amicizia nata tra le macerie e poi durata tutta una vita.<\/p>\n<p>Un appello quindi ai friulani a<strong>\u00a0contribuire con le proprie fotografie<\/strong>, custodite nei cassetti o negli album di famiglia affinch\u00e9 diventino patrimonio di una storia collettiva per la definizione dell\u2019identit\u00e0 friulana. Non servono scatti professionali: si cercano testimonianze vive, che raccontino volti, mani, mattoni, sorrisi e fatiche di una comunit\u00e0 che, pur ferita, ha saputo rialzarsi insieme.<\/p>\n<p>Se verranno trovati i fondi necessari, una selezione delle fotografie raccolte andr\u00e0 a costituire una mostra e un catalogo in occasione del cinquantesimo anniversario del terremoto: non sar\u00e0 ovviamente possibile inserire le fotografie di tutti ma tutti i contributori verranno comunque ringraziati sia nei pannelli di sala dell\u2019esposizione che nel catalogo della mostra.<\/p>\n<p>Con questo, la Societ\u00e0 Filologica vuole rendere omaggio a chi ha vissuto quei giorni difficili e, soprattutto, alla forza di una comunit\u00e0 che, dalle macerie, ha saputo rinascere.<\/p>\n<p><strong>Per informazioni <\/strong>contattare la<strong> Biblioteca della Societ\u00e0 Filologica Friulana<\/strong>, aperta dal luned\u00ec al venerd\u00ec dalle 10 alle 12.30 e dalle 15 alle 18, con la quale verr\u00e0 concordata la consegna<strong> (tel. 0432 501598 int. 2, <\/strong><strong><a href=\"mailto:biblioteca@filologicafriulana.it\">biblioteca@filologicafriulana.it<\/a>)<\/strong>; verr\u00e0 richiesta una breve nota descrittiva (luogo, data, persone o situazione rappresentata) ed ogni immagine sar\u00e0 visionata, digitalizzata e poi restituita ai proprietari.<\/p>\n","protected":false},"excerpt":{"rendered":"<p>In occasione del cinquantesimo anniversario dal sisma, la Societ\u00e0 Filologica Friulana lancia un invito alla raccolta di fotografie della ricostruzione<\/p>\n","protected":false},"author":28,"featured_media":69029,"comment_status":"closed","ping_status":"closed","sticky":false,"template":"","format":"image","meta":{"dwc-title":[""],"dwc-content":[""],"footnotes":""},"categories":[37],"tags":[2059,2954,293,2186,1842],"class_list":["post-69028","post","type-post","status-publish","format-image","has-post-thumbnail","hentry","category-cultura-e-spettacolo","tag-anniversari","tag-filologica","tag-fotografia","tag-memoria","tag-terremoto","post_format-post-format-image"],"rttpg_featured_image_url":{"full":["https:\/\/imagazine.it\/wp-content\/uploads\/2025\/10\/friuli1976.jpg",1366,970,false],"landscape":["https:\/\/imagazine.it\/wp-content\/uploads\/2025\/10\/friuli1976.jpg",1366,970,false],"portraits":["https:\/\/imagazine.it\/wp-content\/uploads\/2025\/10\/friuli1976.jpg",1366,970,false],"thumbnail":["https:\/\/imagazine.it\/wp-content\/uploads\/2025\/10\/friuli1976-150x150.jpg",150,150,true],"medium":["https:\/\/imagazine.it\/wp-content\/uploads\/2025\/10\/friuli1976-300x213.jpg",300,213,true],"large":["https:\/\/imagazine.it\/wp-content\/uploads\/2025\/10\/friuli1976-1024x727.jpg",640,454,true],"thumblist":["https:\/\/imagazine.it\/wp-content\/uploads\/2025\/10\/friuli1976-300x300.jpg",300,300,true],"thumbrelated":["https:\/\/imagazine.it\/wp-content\/uploads\/2025\/10\/friuli1976-500x500.jpg",500,500,true],"meccarouselthumb":["https:\/\/imagazine.it\/wp-content\/uploads\/2025\/10\/friuli1976-474x324.jpg",474,324,true],"gridsquare":["https:\/\/imagazine.it\/wp-content\/uploads\/2025\/10\/friuli1976-391x260.jpg",391,260,true],"tileview":["https:\/\/imagazine.it\/wp-content\/uploads\/2025\/10\/friuli1976-300x400.jpg",300,400,true],"1536x1536":["https:\/\/imagazine.it\/wp-content\/uploads\/2025\/10\/friuli1976.jpg",1366,970,false],"2048x2048":["https:\/\/imagazine.it\/wp-content\/uploads\/2025\/10\/friuli1976.jpg",1366,970,false],"newsup-slider-full":["https:\/\/imagazine.it\/wp-content\/uploads\/2025\/10\/friuli1976-1280x720.jpg",1280,720,true],"newsup-featured":["https:\/\/imagazine.it\/wp-content\/uploads\/2025\/10\/friuli1976-1024x727.jpg",1024,727,true],"newsup-medium":["https:\/\/imagazine.it\/wp-content\/uploads\/2025\/10\/friuli1976-720x380.jpg",720,380,true],"tptn_thumbnail":["https:\/\/imagazine.it\/wp-content\/uploads\/2025\/10\/friuli1976-250x210.jpg",250,210,true],"sow-carousel-default":["https:\/\/imagazine.it\/wp-content\/uploads\/2025\/10\/friuli1976-272x182.jpg",272,182,true]},"rttpg_author":{"display_name":"redazione","author_link":"https:\/\/imagazine.it\/home_desk\/author\/redazione\/"},"rttpg_comment":0,"rttpg_category":"<a href=\"https:\/\/imagazine.it\/home_desk\/category\/cultura-e-spettacolo\/\" rel=\"category tag\">CULTURA&amp;SPETTACOLO<\/a>","rttpg_excerpt":"In occasione del cinquantesimo anniversario dal sisma, la Societ\u00e0 Filologica Friulana lancia un invito alla raccolta di fotografie della ricostruzione","_links":{"self":[{"href":"https:\/\/imagazine.it\/home_desk\/wp-json\/wp\/v2\/posts\/69028","targetHints":{"allow":["GET"]}}],"collection":[{"href":"https:\/\/imagazine.it\/home_desk\/wp-json\/wp\/v2\/posts"}],"about":[{"href":"https:\/\/imagazine.it\/home_desk\/wp-json\/wp\/v2\/types\/post"}],"author":[{"embeddable":true,"href":"https:\/\/imagazine.it\/home_desk\/wp-json\/wp\/v2\/users\/28"}],"replies":[{"embeddable":true,"href":"https:\/\/imagazine.it\/home_desk\/wp-json\/wp\/v2\/comments?post=69028"}],"version-history":[{"count":2,"href":"https:\/\/imagazine.it\/home_desk\/wp-json\/wp\/v2\/posts\/69028\/revisions"}],"predecessor-version":[{"id":69031,"href":"https:\/\/imagazine.it\/home_desk\/wp-json\/wp\/v2\/posts\/69028\/revisions\/69031"}],"wp:featuredmedia":[{"embeddable":true,"href":"https:\/\/imagazine.it\/home_desk\/wp-json\/wp\/v2\/media\/69029"}],"wp:attachment":[{"href":"https:\/\/imagazine.it\/home_desk\/wp-json\/wp\/v2\/media?parent=69028"}],"wp:term":[{"taxonomy":"category","embeddable":true,"href":"https:\/\/imagazine.it\/home_desk\/wp-json\/wp\/v2\/categories?post=69028"},{"taxonomy":"post_tag","embeddable":true,"href":"https:\/\/imagazine.it\/home_desk\/wp-json\/wp\/v2\/tags?post=69028"}],"curies":[{"name":"wp","href":"https:\/\/api.w.org\/{rel}","templated":true}]}}