{"id":69007,"date":"2025-10-19T18:41:36","date_gmt":"2025-10-19T16:41:36","guid":{"rendered":"https:\/\/imagazine.it\/home_desk\/?p=69007"},"modified":"2025-10-23T18:50:47","modified_gmt":"2025-10-23T16:50:47","slug":"diamante-e-argento-anniversari-di-famiglia-a-joannis","status":"publish","type":"post","link":"https:\/\/imagazine.it\/home_desk\/diamante-e-argento-anniversari-di-famiglia-a-joannis\/","title":{"rendered":"Diamante e argento: anniversari di famiglia a Joannis"},"content":{"rendered":"<p><span style=\"font-size: 10pt;\"><em>Don Basso con le due coppie di coniugi<\/em><\/span><\/p>\n<p>AIELLO DEL FRIULI \u2013 Una domenica di grande festa nella <strong>comunit\u00e0 di Joannis<\/strong>, dove nella chiesa dedicata a Santa Agnese, si sono celebrati due anniversari di matrimonio &#8220;familiari&#8221;.<\/p>\n<p><strong>Don Federico Basso<\/strong> ha rinnovato le promesse matrimoniali a <strong>Vittorio Giglio e Italia Ariniello<\/strong>, che hanno festeggiato il loro 60\u00b0 anniversario, e al figlio <strong>Stefano Giglio e Anna Taddeo<\/strong>, che hanno raggiunto i 25 anni di matrimonio.<\/p>\n<p>Un intreccio di date che ha permesso di avere entrambe le coppie sull&#8217;altare. Anniversari tra genitori e figli sono rari, ma proprio per questo motivo l&#8217;evento ha assunto un sapore unico e speciale per tutta la comunit\u00e0.<\/p>\n<p>La storia che ha legato Vittorio e Italia \u00e8 particolare: lui la conobbe mentre era in servizio come carabiniere a Bisaccia, in provincia di Avellino. Lei gestiva un negozio con la famiglia. Si fidanzarono, ma Vittorio dovette lasciare quel territorio a causa di successivi trasferimenti in varie stazioni della Sicilia. Nonostante la distanza, Vittorio ritornava da lei ogni volta che poteva. Un vero amore che venne suggellato il 16 ottobre 1965 a Roma.<\/p>\n<p>Dopo un mese dal matrimonio la coppia arriv\u00f2 in Friuli, e non lasci\u00f2 pi\u00f9 la regione, 40 anni fa costruirono la casa a Joannis dove abitano attualmente.<\/p>\n<p>L\u2019altra coppia, Stefano e Anna, ha festeggiato le nozze d\u2019argento. Entrambi sono infermieri presso l\u2019ospedale di Udine e hanno due figlie: Marta e Chiara.<\/p>\n","protected":false},"excerpt":{"rendered":"<p>Nella chiesa di Sant&#8217;Agnese i coniugi Vittorio Giglio e Italia Ariniello hanno festeggiato i 60 anni di matrimonio assieme a figlio e nuora al traguardo dei 25<\/p>\n","protected":false},"author":22,"featured_media":69008,"comment_status":"closed","ping_status":"closed","sticky":false,"template":"","format":"image","meta":{"dwc-title":[""],"dwc-content":[""],"footnotes":""},"categories":[5],"tags":[126,2059,380,2157],"class_list":["post-69007","post","type-post","status-publish","format-image","has-post-thumbnail","hentry","category-attualita","tag-aiello","tag-anniversari","tag-joannis","tag-matrimoni","post_format-post-format-image"],"rttpg_featured_image_url":{"full":["https:\/\/imagazine.it\/wp-content\/uploads\/2025\/10\/coniugi-giglio-01.jpg",1366,754,false],"landscape":["https:\/\/imagazine.it\/wp-content\/uploads\/2025\/10\/coniugi-giglio-01.jpg",1366,754,false],"portraits":["https:\/\/imagazine.it\/wp-content\/uploads\/2025\/10\/coniugi-giglio-01.jpg",1366,754,false],"thumbnail":["https:\/\/imagazine.it\/wp-content\/uploads\/2025\/10\/coniugi-giglio-01-150x150.jpg",150,150,true],"medium":["https:\/\/imagazine.it\/wp-content\/uploads\/2025\/10\/coniugi-giglio-01-300x166.jpg",300,166,true],"large":["https:\/\/imagazine.it\/wp-content\/uploads\/2025\/10\/coniugi-giglio-01-1024x565.jpg",640,353,true],"thumblist":["https:\/\/imagazine.it\/wp-content\/uploads\/2025\/10\/coniugi-giglio-01-300x300.jpg",300,300,true],"thumbrelated":["https:\/\/imagazine.it\/wp-content\/uploads\/2025\/10\/coniugi-giglio-01-500x500.jpg",500,500,true],"meccarouselthumb":["https:\/\/imagazine.it\/wp-content\/uploads\/2025\/10\/coniugi-giglio-01-474x324.jpg",474,324,true],"gridsquare":["https:\/\/imagazine.it\/wp-content\/uploads\/2025\/10\/coniugi-giglio-01-391x260.jpg",391,260,true],"tileview":["https:\/\/imagazine.it\/wp-content\/uploads\/2025\/10\/coniugi-giglio-01-300x400.jpg",300,400,true],"1536x1536":["https:\/\/imagazine.it\/wp-content\/uploads\/2025\/10\/coniugi-giglio-01.jpg",1366,754,false],"2048x2048":["https:\/\/imagazine.it\/wp-content\/uploads\/2025\/10\/coniugi-giglio-01.jpg",1366,754,false],"newsup-slider-full":["https:\/\/imagazine.it\/wp-content\/uploads\/2025\/10\/coniugi-giglio-01-1280x720.jpg",1280,720,true],"newsup-featured":["https:\/\/imagazine.it\/wp-content\/uploads\/2025\/10\/coniugi-giglio-01-1024x565.jpg",1024,565,true],"newsup-medium":["https:\/\/imagazine.it\/wp-content\/uploads\/2025\/10\/coniugi-giglio-01-720x380.jpg",720,380,true],"tptn_thumbnail":["https:\/\/imagazine.it\/wp-content\/uploads\/2025\/10\/coniugi-giglio-01-250x210.jpg",250,210,true],"sow-carousel-default":["https:\/\/imagazine.it\/wp-content\/uploads\/2025\/10\/coniugi-giglio-01-272x182.jpg",272,182,true]},"rttpg_author":{"display_name":"Livio Nonis","author_link":"https:\/\/imagazine.it\/home_desk\/author\/nonis\/"},"rttpg_comment":0,"rttpg_category":"<a href=\"https:\/\/imagazine.it\/home_desk\/category\/attualita\/\" rel=\"category tag\">ATTUALIT\u00c0<\/a>","rttpg_excerpt":"Nella chiesa di Sant'Agnese i coniugi Vittorio Giglio e Italia Ariniello hanno festeggiato i 60 anni di matrimonio assieme a figlio e nuora al traguardo dei 25","_links":{"self":[{"href":"https:\/\/imagazine.it\/home_desk\/wp-json\/wp\/v2\/posts\/69007","targetHints":{"allow":["GET"]}}],"collection":[{"href":"https:\/\/imagazine.it\/home_desk\/wp-json\/wp\/v2\/posts"}],"about":[{"href":"https:\/\/imagazine.it\/home_desk\/wp-json\/wp\/v2\/types\/post"}],"author":[{"embeddable":true,"href":"https:\/\/imagazine.it\/home_desk\/wp-json\/wp\/v2\/users\/22"}],"replies":[{"embeddable":true,"href":"https:\/\/imagazine.it\/home_desk\/wp-json\/wp\/v2\/comments?post=69007"}],"version-history":[{"count":3,"href":"https:\/\/imagazine.it\/home_desk\/wp-json\/wp\/v2\/posts\/69007\/revisions"}],"predecessor-version":[{"id":69011,"href":"https:\/\/imagazine.it\/home_desk\/wp-json\/wp\/v2\/posts\/69007\/revisions\/69011"}],"wp:featuredmedia":[{"embeddable":true,"href":"https:\/\/imagazine.it\/home_desk\/wp-json\/wp\/v2\/media\/69008"}],"wp:attachment":[{"href":"https:\/\/imagazine.it\/home_desk\/wp-json\/wp\/v2\/media?parent=69007"}],"wp:term":[{"taxonomy":"category","embeddable":true,"href":"https:\/\/imagazine.it\/home_desk\/wp-json\/wp\/v2\/categories?post=69007"},{"taxonomy":"post_tag","embeddable":true,"href":"https:\/\/imagazine.it\/home_desk\/wp-json\/wp\/v2\/tags?post=69007"}],"curies":[{"name":"wp","href":"https:\/\/api.w.org\/{rel}","templated":true}]}}