{"id":68995,"date":"2025-10-23T17:41:29","date_gmt":"2025-10-23T15:41:29","guid":{"rendered":"https:\/\/imagazine.it\/home_desk\/?p=68995"},"modified":"2025-10-23T17:41:29","modified_gmt":"2025-10-23T15:41:29","slug":"trieste-premia-elena-gianello","status":"publish","type":"post","link":"https:\/\/imagazine.it\/home_desk\/trieste-premia-elena-gianello\/","title":{"rendered":"Trieste premia Elena Gianello"},"content":{"rendered":"<p><span style=\"font-size: 10pt;\"><em>L&#8217;assessore Tognolli, proponente del premio, con Elena Gianello<\/em><\/span><\/p>\n<p>TRIESTE \u2013 Il Comune di Trieste ha premiato <strong>Elena Gianello<\/strong>, che recentemente ha vinto il premio Soroptimist d\u2019Italia.<\/p>\n<p>\u201cCon le pi\u00f9 sentite congratulazioni per aver conseguito il prestigioso premio <em>Soroptimist d&#8217;Italia<\/em> grazie alla meritoria attivit\u00e0 e all&#8217;ammirevole impegno sociale profusi attraverso l&#8217;Associazione \u201cCalicanto\u201d da Lei fondata per la promozione di attivit\u00e0 sportive, artistiche, ricreative per minori in particolare per quelli con disagio fisico, psichico o sociale\u201d: con questa motivazione il sindaco, <strong>Roberto Dipiazza<\/strong>, ha premiato la presidente dell\u2019<strong>associazione<\/strong> <strong>Calicanto<\/strong>.<\/p>\n<p>Presenti all&#8217;incontro anche l&#8217;assessore allo Sport, <strong>Elisa Lodi<\/strong>, e l&#8217;assessore alle Politiche Sociali, <strong>Massimo Tognolli<\/strong>, proponente del riconoscimento.<\/p>\n<p>\u201cElena Gianello \u2013 ha aggiunto il primo cittadino \u2013 merita questo riconoscimento non solo per i risultati ottenuti a livello nazionale, ma anche per il suo ruolo fondamentale come presidente della Calicanto e della Calicanto Band. Spesso si parla di inclusione e integrazione, ma \u00e8 raro vedere chi le mette davvero in pratica. Elena \u00e8 l\u2019esempio concreto di una persona che, nel campo del sociale, fa le cose, non solo ne parla.\u201d<\/p>\n<p>\u201cQuesto riconoscimento \u2013 ha dichiarato Elena Gianello \u2013 \u00e8 molto importante per me, che da oltre trent\u2019anni lavoro con i ragazzi. Ma \u00e8 un riconoscimento che voglio condividere con tutto lo staff: l\u2019idea \u00e8 partita da me, ma \u00e8 diventata realt\u00e0 grazie a un gruppo di persone straordinarie, che lavorano ogni giorno con passione. E quando si lavora con passione, i risultati si vedono\u201d.<\/p>\n<p>Soroptimist International \u00e8 un&#8217;organizzazione globale di donne professioniste che promuove progetti e iniziative volti al progresso della condizione femminile, dei diritti umani e della pace.<\/p>\n<p>Il premio Soroptimist d\u2019Italia \u00e8 stato conferito ad Elena Gianello, sabato 20 settembre 2025 a Monza su proposta congiunta dei Soroptimist Club di Trieste e di Gorizia.<\/p>\n<figure id=\"attachment_68997\" aria-describedby=\"caption-attachment-68997\" style=\"width: 600px\" class=\"wp-caption aligncenter\"><img loading=\"lazy\" decoding=\"async\" class=\"size-full wp-image-68997\" src=\"https:\/\/imagazine.it\/wp-content\/uploads\/2025\/10\/tognolliGianellMotivazione.jpeg\" alt=\"\" width=\"600\" height=\"489\" title=\"\" srcset=\"https:\/\/imagazine.it\/wp-content\/uploads\/2025\/10\/tognolliGianellMotivazione.jpeg 600w, https:\/\/imagazine.it\/wp-content\/uploads\/2025\/10\/tognolliGianellMotivazione-300x245.jpeg 300w\" sizes=\"auto, (max-width: 600px) 100vw, 600px\" \/><figcaption id=\"caption-attachment-68997\" class=\"wp-caption-text\">La pergamena con la motivazione<\/figcaption><\/figure>\n<p>Calicanto, fondata a Trieste dalla stessa Gianello, promuove attivit\u00e0 sportive, artistiche, ricreative per minori, in particolare per quelli con disagio fisico, psichico o sociale.<\/p>\n<p>L\u2019intenzione \u00e8 quella di far vivere ai giovani momenti di educazione, di maturazione e di impegno umano nella realt\u00e0 quotidiana attraverso l&#8217;esperienza sportiva e delle attivit\u00e0 motorie, in forma agonistica e non agonistica, ma sempre in maniera integrata, ossia facendo interagire giovani abili e giovani con disabilit\u00e0.<\/p>\n<figure id=\"attachment_68998\" aria-describedby=\"caption-attachment-68998\" style=\"width: 640px\" class=\"wp-caption aligncenter\"><img loading=\"lazy\" decoding=\"async\" class=\"size-large wp-image-68998\" src=\"https:\/\/imagazine.it\/wp-content\/uploads\/2025\/10\/tognolliGianelliGruppo-1024x724.jpeg\" alt=\"\" width=\"640\" height=\"453\" title=\"\" srcset=\"https:\/\/imagazine.it\/wp-content\/uploads\/2025\/10\/tognolliGianelliGruppo-1024x724.jpeg 1024w, https:\/\/imagazine.it\/wp-content\/uploads\/2025\/10\/tognolliGianelliGruppo-300x212.jpeg 300w, https:\/\/imagazine.it\/wp-content\/uploads\/2025\/10\/tognolliGianelliGruppo-768x543.jpeg 768w, https:\/\/imagazine.it\/wp-content\/uploads\/2025\/10\/tognolliGianelliGruppo.jpeg 1299w\" sizes=\"auto, (max-width: 640px) 100vw, 640px\" \/><figcaption id=\"caption-attachment-68998\" class=\"wp-caption-text\">Da sinistra Tognolli, Gianello, Dipiazza e Lodi<\/figcaption><\/figure>\n<p>Accanto all&#8217;inserimento dei giovani in varie discipline sportive, \u00e8 nato il progetto di musica integrata la &#8220;Musica in corpo&#8221; con la realizzazione della Calicanto Band (band integrata), anche in collaborazione con il conservatorio Tartini.<\/p>\n","protected":false},"excerpt":{"rendered":"<p>Riconoscimento per la presidente dell&#8217;associazione Calicanto, recentemente insignita del Soroptimist d&#8217;Italia <\/p>\n","protected":false},"author":28,"featured_media":68996,"comment_status":"closed","ping_status":"closed","sticky":false,"template":"","format":"image","meta":{"dwc-title":[""],"dwc-content":[""],"footnotes":""},"categories":[5],"tags":[540,2381,65,214],"class_list":["post-68995","post","type-post","status-publish","format-image","has-post-thumbnail","hentry","category-attualita","tag-premi","tag-riconoscimenti","tag-trieste","tag-volontariato","post_format-post-format-image"],"rttpg_featured_image_url":{"full":["https:\/\/imagazine.it\/wp-content\/uploads\/2025\/10\/tognOK.jpeg",1366,849,false],"landscape":["https:\/\/imagazine.it\/wp-content\/uploads\/2025\/10\/tognOK.jpeg",1366,849,false],"portraits":["https:\/\/imagazine.it\/wp-content\/uploads\/2025\/10\/tognOK.jpeg",1366,849,false],"thumbnail":["https:\/\/imagazine.it\/wp-content\/uploads\/2025\/10\/tognOK-150x150.jpeg",150,150,true],"medium":["https:\/\/imagazine.it\/wp-content\/uploads\/2025\/10\/tognOK-300x186.jpeg",300,186,true],"large":["https:\/\/imagazine.it\/wp-content\/uploads\/2025\/10\/tognOK-1024x636.jpeg",640,398,true],"thumblist":["https:\/\/imagazine.it\/wp-content\/uploads\/2025\/10\/tognOK-300x300.jpeg",300,300,true],"thumbrelated":["https:\/\/imagazine.it\/wp-content\/uploads\/2025\/10\/tognOK-500x500.jpeg",500,500,true],"meccarouselthumb":["https:\/\/imagazine.it\/wp-content\/uploads\/2025\/10\/tognOK-474x324.jpeg",474,324,true],"gridsquare":["https:\/\/imagazine.it\/wp-content\/uploads\/2025\/10\/tognOK-391x260.jpeg",391,260,true],"tileview":["https:\/\/imagazine.it\/wp-content\/uploads\/2025\/10\/tognOK-300x400.jpeg",300,400,true],"1536x1536":["https:\/\/imagazine.it\/wp-content\/uploads\/2025\/10\/tognOK.jpeg",1366,849,false],"2048x2048":["https:\/\/imagazine.it\/wp-content\/uploads\/2025\/10\/tognOK.jpeg",1366,849,false],"newsup-slider-full":["https:\/\/imagazine.it\/wp-content\/uploads\/2025\/10\/tognOK-1280x720.jpeg",1280,720,true],"newsup-featured":["https:\/\/imagazine.it\/wp-content\/uploads\/2025\/10\/tognOK-1024x636.jpeg",1024,636,true],"newsup-medium":["https:\/\/imagazine.it\/wp-content\/uploads\/2025\/10\/tognOK-720x380.jpeg",720,380,true],"tptn_thumbnail":["https:\/\/imagazine.it\/wp-content\/uploads\/2025\/10\/tognOK-250x210.jpeg",250,210,true],"sow-carousel-default":["https:\/\/imagazine.it\/wp-content\/uploads\/2025\/10\/tognOK-272x182.jpeg",272,182,true]},"rttpg_author":{"display_name":"redazione","author_link":"https:\/\/imagazine.it\/home_desk\/author\/redazione\/"},"rttpg_comment":0,"rttpg_category":"<a href=\"https:\/\/imagazine.it\/home_desk\/category\/attualita\/\" rel=\"category tag\">ATTUALIT\u00c0<\/a>","rttpg_excerpt":"Riconoscimento per la presidente dell'associazione Calicanto, recentemente insignita del Soroptimist d'Italia","_links":{"self":[{"href":"https:\/\/imagazine.it\/home_desk\/wp-json\/wp\/v2\/posts\/68995","targetHints":{"allow":["GET"]}}],"collection":[{"href":"https:\/\/imagazine.it\/home_desk\/wp-json\/wp\/v2\/posts"}],"about":[{"href":"https:\/\/imagazine.it\/home_desk\/wp-json\/wp\/v2\/types\/post"}],"author":[{"embeddable":true,"href":"https:\/\/imagazine.it\/home_desk\/wp-json\/wp\/v2\/users\/28"}],"replies":[{"embeddable":true,"href":"https:\/\/imagazine.it\/home_desk\/wp-json\/wp\/v2\/comments?post=68995"}],"version-history":[{"count":2,"href":"https:\/\/imagazine.it\/home_desk\/wp-json\/wp\/v2\/posts\/68995\/revisions"}],"predecessor-version":[{"id":69000,"href":"https:\/\/imagazine.it\/home_desk\/wp-json\/wp\/v2\/posts\/68995\/revisions\/69000"}],"wp:featuredmedia":[{"embeddable":true,"href":"https:\/\/imagazine.it\/home_desk\/wp-json\/wp\/v2\/media\/68996"}],"wp:attachment":[{"href":"https:\/\/imagazine.it\/home_desk\/wp-json\/wp\/v2\/media?parent=68995"}],"wp:term":[{"taxonomy":"category","embeddable":true,"href":"https:\/\/imagazine.it\/home_desk\/wp-json\/wp\/v2\/categories?post=68995"},{"taxonomy":"post_tag","embeddable":true,"href":"https:\/\/imagazine.it\/home_desk\/wp-json\/wp\/v2\/tags?post=68995"}],"curies":[{"name":"wp","href":"https:\/\/api.w.org\/{rel}","templated":true}]}}