{"id":68950,"date":"2025-10-20T17:09:04","date_gmt":"2025-10-20T15:09:04","guid":{"rendered":"https:\/\/imagazine.it\/home_desk\/?p=68950"},"modified":"2025-10-22T17:47:12","modified_gmt":"2025-10-22T15:47:12","slug":"un-gemellaggio-antesignano-dellunione-europea","status":"publish","type":"post","link":"https:\/\/imagazine.it\/home_desk\/un-gemellaggio-antesignano-dellunione-europea\/","title":{"rendered":"Un gemellaggio antesignano dell&#8217;Unione europea"},"content":{"rendered":"<p><span style=\"font-size: 10pt;\"><em>La delegazione di Campolongo Tapogliano in Francia<\/em><\/span><\/p>\n<p>CAMPOLONGO TAPOGLIANO \u2013 <strong>Campolongo Tapogliano<\/strong> e il comune francese di <strong>Montgiscard<\/strong> celebrano due decenni di stretta collaborazione e amicizia.<\/p>\n<p>Sono passati vent&#8217;anni da quando l&#8217;allora Comune di Campolongo al Torre sigl\u00f2 l&#8217;accordo di gemellaggio, creando un forte legame nell&#8217;ambito della comunit\u00e0 europea.<\/p>\n<p>Questo ventennio di fratellanza \u00e8 scandito da incontri annuali che non sono solo formali: essi costruiscono spontaneamente relazioni e rapporti di buona cooperazione tra le due comunit\u00e0.<\/p>\n<p>L&#8217;obiettivo \u00e8 chiaro e ambizioso: contribuire attivamente a un&#8217;Europa sempre pi\u00f9 coesa e protagonista nel contesto internazionale, partendo proprio dal consolidamento dei vincoli a livello locale.<\/p>\n<p>Una delegazione di friulani si \u00e8 recata a Montgiscard, comune francese situato nel dipartimento dell&#8217;Alta Garonna, nella regione dell&#8217;Occitania. Qui, ha celebrato i quattro lustri (vent&#8217;anni) del gemellaggio.<\/p>\n<p>Erano presenti l\u2019attuale sindaco di Campolongo Tapogliano, <strong>Gabriele Gregorat<\/strong>, insieme a <strong>Gianni (Giovanni) Cumin<\/strong>, il sindaco che nel 2005 firm\u00f2 l\u2019atto di gemellaggio.<\/p>\n<p>La delegazione ha potuto visitare i luoghi pi\u00f9 suggestivi della zona, tra cui Carcassonne. Questa citt\u00e0, che con la sua architettura militare rappresenta il prototipo della citt\u00e0 medievale, \u00e8 stata dichiarata Patrimonio mondiale dall&#8217;UNESCO nel 1997.<\/p>\n<p>Nel suo intervento, durante la cena di gala, il sindaco Gregorat ha sottolineato che il legame simbolico che unisce i due paesi \u00e8 una piccola ma importante rappresentazione di quella comunit\u00e0 che oggi si conosce come Unione Europea, nata per promuovere la democrazia all\u2019indomani della Seconda guerra mondiale.<\/p>\n<p>Alla comunit\u00e0 francese \u00e8 stato donato un quadro dell\u2019artista rudese Evaristo Cian.<\/p>\n<figure id=\"attachment_68955\" aria-describedby=\"caption-attachment-68955\" style=\"width: 1000px\" class=\"wp-caption aligncenter\"><img loading=\"lazy\" decoding=\"async\" class=\"size-full wp-image-68955\" src=\"https:\/\/imagazine.it\/wp-content\/uploads\/2025\/10\/gemellaggio-campolongo-2025-03.jpg\" alt=\"\" width=\"1000\" height=\"681\" title=\"\" srcset=\"https:\/\/imagazine.it\/wp-content\/uploads\/2025\/10\/gemellaggio-campolongo-2025-03.jpg 1000w, https:\/\/imagazine.it\/wp-content\/uploads\/2025\/10\/gemellaggio-campolongo-2025-03-300x204.jpg 300w, https:\/\/imagazine.it\/wp-content\/uploads\/2025\/10\/gemellaggio-campolongo-2025-03-768x523.jpg 768w, https:\/\/imagazine.it\/wp-content\/uploads\/2025\/10\/gemellaggio-campolongo-2025-03-474x324.jpg 474w\" sizes=\"auto, (max-width: 1000px) 100vw, 1000px\" \/><figcaption id=\"caption-attachment-68955\" class=\"wp-caption-text\">Il dono del quadro di Evaristo Cian<\/figcaption><\/figure>\n<p>Ora si attende il prossimo anno, quando i &#8220;cugini d\u2019oltralpe&#8221; verranno a fare visita agli amici friulani.<\/p>\n","protected":false},"excerpt":{"rendered":"<p>Una delegazione di Campolongo Tapogliano ospite a Montgiscard per celebrare i vent&#8217;anni del legame con la realt\u00e0 francese<\/p>\n","protected":false},"author":22,"featured_media":68956,"comment_status":"closed","ping_status":"closed","sticky":false,"template":"","format":"image","meta":{"dwc-title":[""],"dwc-content":[""],"footnotes":""},"categories":[5],"tags":[376,1010,377],"class_list":["post-68950","post","type-post","status-publish","format-image","has-post-thumbnail","hentry","category-attualita","tag-campolongo","tag-francia","tag-tapogliano","post_format-post-format-image"],"rttpg_featured_image_url":{"full":["https:\/\/imagazine.it\/wp-content\/uploads\/2025\/10\/gemellaggio-campolongo-2025-06.jpg",1000,553,false],"landscape":["https:\/\/imagazine.it\/wp-content\/uploads\/2025\/10\/gemellaggio-campolongo-2025-06.jpg",1000,553,false],"portraits":["https:\/\/imagazine.it\/wp-content\/uploads\/2025\/10\/gemellaggio-campolongo-2025-06.jpg",1000,553,false],"thumbnail":["https:\/\/imagazine.it\/wp-content\/uploads\/2025\/10\/gemellaggio-campolongo-2025-06-150x150.jpg",150,150,true],"medium":["https:\/\/imagazine.it\/wp-content\/uploads\/2025\/10\/gemellaggio-campolongo-2025-06-300x166.jpg",300,166,true],"large":["https:\/\/imagazine.it\/wp-content\/uploads\/2025\/10\/gemellaggio-campolongo-2025-06.jpg",640,354,false],"thumblist":["https:\/\/imagazine.it\/wp-content\/uploads\/2025\/10\/gemellaggio-campolongo-2025-06-300x300.jpg",300,300,true],"thumbrelated":["https:\/\/imagazine.it\/wp-content\/uploads\/2025\/10\/gemellaggio-campolongo-2025-06-500x500.jpg",500,500,true],"meccarouselthumb":["https:\/\/imagazine.it\/wp-content\/uploads\/2025\/10\/gemellaggio-campolongo-2025-06-474x324.jpg",474,324,true],"gridsquare":["https:\/\/imagazine.it\/wp-content\/uploads\/2025\/10\/gemellaggio-campolongo-2025-06-391x260.jpg",391,260,true],"tileview":["https:\/\/imagazine.it\/wp-content\/uploads\/2025\/10\/gemellaggio-campolongo-2025-06-300x400.jpg",300,400,true],"1536x1536":["https:\/\/imagazine.it\/wp-content\/uploads\/2025\/10\/gemellaggio-campolongo-2025-06.jpg",1000,553,false],"2048x2048":["https:\/\/imagazine.it\/wp-content\/uploads\/2025\/10\/gemellaggio-campolongo-2025-06.jpg",1000,553,false],"newsup-slider-full":["https:\/\/imagazine.it\/wp-content\/uploads\/2025\/10\/gemellaggio-campolongo-2025-06.jpg",1000,553,false],"newsup-featured":["https:\/\/imagazine.it\/wp-content\/uploads\/2025\/10\/gemellaggio-campolongo-2025-06.jpg",1000,553,false],"newsup-medium":["https:\/\/imagazine.it\/wp-content\/uploads\/2025\/10\/gemellaggio-campolongo-2025-06-720x380.jpg",720,380,true],"tptn_thumbnail":["https:\/\/imagazine.it\/wp-content\/uploads\/2025\/10\/gemellaggio-campolongo-2025-06-250x210.jpg",250,210,true],"sow-carousel-default":["https:\/\/imagazine.it\/wp-content\/uploads\/2025\/10\/gemellaggio-campolongo-2025-06-272x182.jpg",272,182,true]},"rttpg_author":{"display_name":"Livio Nonis","author_link":"https:\/\/imagazine.it\/home_desk\/author\/nonis\/"},"rttpg_comment":0,"rttpg_category":"<a href=\"https:\/\/imagazine.it\/home_desk\/category\/attualita\/\" rel=\"category tag\">ATTUALIT\u00c0<\/a>","rttpg_excerpt":"Una delegazione di Campolongo Tapogliano ospite a Montgiscard per celebrare i vent'anni del legame con la realt\u00e0 francese","_links":{"self":[{"href":"https:\/\/imagazine.it\/home_desk\/wp-json\/wp\/v2\/posts\/68950","targetHints":{"allow":["GET"]}}],"collection":[{"href":"https:\/\/imagazine.it\/home_desk\/wp-json\/wp\/v2\/posts"}],"about":[{"href":"https:\/\/imagazine.it\/home_desk\/wp-json\/wp\/v2\/types\/post"}],"author":[{"embeddable":true,"href":"https:\/\/imagazine.it\/home_desk\/wp-json\/wp\/v2\/users\/22"}],"replies":[{"embeddable":true,"href":"https:\/\/imagazine.it\/home_desk\/wp-json\/wp\/v2\/comments?post=68950"}],"version-history":[{"count":1,"href":"https:\/\/imagazine.it\/home_desk\/wp-json\/wp\/v2\/posts\/68950\/revisions"}],"predecessor-version":[{"id":68957,"href":"https:\/\/imagazine.it\/home_desk\/wp-json\/wp\/v2\/posts\/68950\/revisions\/68957"}],"wp:featuredmedia":[{"embeddable":true,"href":"https:\/\/imagazine.it\/home_desk\/wp-json\/wp\/v2\/media\/68956"}],"wp:attachment":[{"href":"https:\/\/imagazine.it\/home_desk\/wp-json\/wp\/v2\/media?parent=68950"}],"wp:term":[{"taxonomy":"category","embeddable":true,"href":"https:\/\/imagazine.it\/home_desk\/wp-json\/wp\/v2\/categories?post=68950"},{"taxonomy":"post_tag","embeddable":true,"href":"https:\/\/imagazine.it\/home_desk\/wp-json\/wp\/v2\/tags?post=68950"}],"curies":[{"name":"wp","href":"https:\/\/api.w.org\/{rel}","templated":true}]}}