{"id":68930,"date":"2025-10-22T12:21:58","date_gmt":"2025-10-22T10:21:58","guid":{"rendered":"https:\/\/imagazine.it\/home_desk\/?p=68930"},"modified":"2025-10-23T16:00:47","modified_gmt":"2025-10-23T14:00:47","slug":"il-presepe-lagunare-di-grado-sbarca-a-gorizia","status":"publish","type":"post","link":"https:\/\/imagazine.it\/home_desk\/il-presepe-lagunare-di-grado-sbarca-a-gorizia\/","title":{"rendered":"Il presepe lagunare di Grado sbarca a Gorizia"},"content":{"rendered":"<p><span style=\"font-size: 10pt;\"><em>L&#8217;illustrazione dell&#8217;allestimento ai Giardini pubblici<\/em><\/span><\/p>\n<p>GORIZIA \u2013 Dopo la vetrina dell\u2019esposizione in piazza San Pietro in Vaticano, il <strong>presepe lagunare di Grado<\/strong> sbarca a Gorizia in <strong>omaggio alla Capitale Europea della cultura<\/strong>.<\/p>\n<p>La presenza dell\u2019opera nel cuore della citt\u00e0 arricchir\u00e0 ulteriormente il programma del <em>Dicembre Goriziano<\/em>: il presepio sar\u00e0 esposto ai <strong>Giardini pubblici<\/strong> da sabato 20 dicembre, con inaugurazione prevista alle 17, per un mese.<\/p>\n<p>\u201cQuesto presepe \u00e8 espressione della storia, delle tradizioni e dello spirito di un territorio in cui Gorizia si riconosce: siamo entusiasti di poterlo esporre nell\u2019anno della Capitale europea della cultura, anche per suo profondo significato di pace\u201d, ha sottolineato il sindaco, <strong>Rodolfo Ziberna<\/strong>.<\/p>\n<p>L\u2019arcivescovo,\u00a0<strong>monsignor Carlo Roberto Maria Redaelli<\/strong>, ha ricordato come l\u2019opera nel periodo di esposizione in Vaticano sia stata apprezzata anche da papa Francesco: \u201cUn\u2019opera significativa, oltre che bellissima per la cura con cui \u00e8 stata realizzata. \u00c8 un segno di pace assoluta e disarmata: un bambino che nasce nella povert\u00e0\u201d.<\/p>\n<p>L\u2019opera \u00e8 stata voluta e ideata da <strong>Antonio Boemo<\/strong>, su progetto dell\u2019architetto <strong>Andrea de Walderstein<\/strong>, con il coordinamento dall\u2019<strong>Associazione Portatori della Madonna di Barbana <\/strong>in collaborazione con la<strong> Parrocchia di Grado<\/strong>.<\/p>\n<p>Tra gli altri erano presenti anche l\u2019assessore comunale di Grado, <strong>Giuseppe Marchesan<\/strong>, e il parroco, <strong>monsignor Paolo Nutarelli<\/strong>.<\/p>\n<p>&#8220;Quest&#8217;opera \u2013 ha evidenziato monsignor Nutarelli \u2013 \u00e8 stata possibile grazie al coordinamento di oltre 40 volontari che, con dedizione e passione, hanno curato ogni dettaglio dell\u2019allestimento e della trasferta a Roma.<br \/>\nA loro va il nostro pi\u00f9 sincero ringraziamento: hanno reso visibile, attraverso il loro servizio, la Fede e la laboriosit\u00e0 della <em>nostra zente<\/em>&#8220;.<\/p>\n<p>Il presepe misura <strong>14 metri per 30<\/strong>, con un telo di 350 metri quadri che conterr\u00e0 anche 30 metri cubi di acqua.<\/p>\n<p>La fedele ricostruzione di un grande casone di canne palustri ospita la Nativit\u00e0, con una ventina di statue, arricchite da particolari a caratterizzarne le vesti.<\/p>\n<p>L\u2019impatto \u00e8 quello di una rappresentazione viva, quasi in movimento, come lo \u00e8 l\u2019acqua che fa \u201cdondolare\u201d leggermente la <em>batela<\/em>, grazie a un sistema che simula il movimento del moto ondoso. Emerge dalla rappresentazione la vita vera dei casoneri, gli abitanti dei casoni: una vita di fatica, basata principalmente sull\u2019attivit\u00e0 di pesca. Un altro importante valore che viene ben messo in evidenza \u00e8 quello della famiglia, anche in questo caso con tante sfumature, come la nonna che si occupa dei pi\u00f9 piccoli controllandoli sopra una spiaggetta.<\/p>\n<p>Una delle tante curiosit\u00e0 di questa esposizione \u00e8 che i Re Magi giungono sino sulla mota della Nativit\u00e0 a bordo di una <em>batela<\/em>, dove a vogare non c\u2019\u00e8 un pescatore ma la moglie di uno di questi, poich\u00e9 l\u2019uomo \u00e8 impegnato col lavoro. Ecco cos\u00ec che il presepio diventa anche la rappresentazione della dell\u2019amore, delle fatiche, delle bellezze naturali che vanno assolutamente conservate.<\/p>\n<p>La laguna gradese, compresi acqua, vegetazione e uccelli, \u00e8 riprodotta con accurata attenzione per i dettagli. Sullo specchio acqueo vi sono due <em>batele<\/em>, le piccole barche a fondo piatto usate per navigare lungo i canali della laguna, e proprio come nella realt\u00e0 anche delle briccole, di cui una indicante i canali che portano verso l\u2019antica isola-santuario della Incoronata Madonna di Barbana.<\/p>\n<figure id=\"attachment_68931\" aria-describedby=\"caption-attachment-68931\" style=\"width: 1000px\" class=\"wp-caption aligncenter\"><img loading=\"lazy\" decoding=\"async\" class=\"size-full wp-image-68931\" src=\"https:\/\/imagazine.it\/wp-content\/uploads\/2025\/10\/Presepe-Grado-Roma.jpg\" alt=\"\" width=\"1000\" height=\"750\" title=\"\" srcset=\"https:\/\/imagazine.it\/wp-content\/uploads\/2025\/10\/Presepe-Grado-Roma.jpg 1000w, https:\/\/imagazine.it\/wp-content\/uploads\/2025\/10\/Presepe-Grado-Roma-300x225.jpg 300w, https:\/\/imagazine.it\/wp-content\/uploads\/2025\/10\/Presepe-Grado-Roma-768x576.jpg 768w\" sizes=\"auto, (max-width: 1000px) 100vw, 1000px\" \/><figcaption id=\"caption-attachment-68931\" class=\"wp-caption-text\">Il presepe di Grado lo scorso anno in piazza San Pietro<\/figcaption><\/figure>\n<p>La mota con il casone di canne e l\u2019argine \u00e8 formata da ben 102 pezzi di polistirolo lavorati a mano. Ricchi i particolari con cui sono realizzati gli uccelli, come gabbiano, sterna, chiurlo, cormorano, airone cinerino, cavaliere d\u2019Italia, germano reale, oca selvatica e alzavola, e la vegetazione, con piante arbustive e arboree autoctone, come pino da leppo, acero campestre, tamericio, canna indica, fillirea e carpino.<\/p>\n<p>Immancabili i <em>fiuri de tapo<\/em>, ovvero i fiori del <em>limonium<\/em>, tanto amati dai gradesi e adorati dai turisti per gli stupendi colori violacei.\u00a0L\u2019illuminazione artistica \u00e8 realizzata in modo da far risaltare di notte le peculiarit\u00e0 del presepe, come il singolare fondo marino dal colore verde-grigio.<\/p>\n","protected":false},"excerpt":{"rendered":"<p>L&#8217;anno scorso ospitato in Vaticano, quest&#8217;anno verr\u00e0 allestito nei Giardini pubblici in omaggio alla Capitale Europea della Cultura<\/p>\n","protected":false},"author":28,"featured_media":68932,"comment_status":"closed","ping_status":"closed","sticky":false,"template":"","format":"image","meta":{"dwc-title":[""],"dwc-content":[""],"footnotes":""},"categories":[37],"tags":[45,43,174,2322],"class_list":["post-68930","post","type-post","status-publish","format-image","has-post-thumbnail","hentry","category-cultura-e-spettacolo","tag-dicembre-goriziano","tag-gorizia","tag-grado","tag-presepe","post_format-post-format-image"],"rttpg_featured_image_url":{"full":["https:\/\/imagazine.it\/wp-content\/uploads\/2025\/10\/Presepe-2.jpeg",1366,846,false],"landscape":["https:\/\/imagazine.it\/wp-content\/uploads\/2025\/10\/Presepe-2.jpeg",1366,846,false],"portraits":["https:\/\/imagazine.it\/wp-content\/uploads\/2025\/10\/Presepe-2.jpeg",1366,846,false],"thumbnail":["https:\/\/imagazine.it\/wp-content\/uploads\/2025\/10\/Presepe-2-150x150.jpeg",150,150,true],"medium":["https:\/\/imagazine.it\/wp-content\/uploads\/2025\/10\/Presepe-2-300x186.jpeg",300,186,true],"large":["https:\/\/imagazine.it\/wp-content\/uploads\/2025\/10\/Presepe-2-1024x634.jpeg",640,396,true],"thumblist":["https:\/\/imagazine.it\/wp-content\/uploads\/2025\/10\/Presepe-2-300x300.jpeg",300,300,true],"thumbrelated":["https:\/\/imagazine.it\/wp-content\/uploads\/2025\/10\/Presepe-2-500x500.jpeg",500,500,true],"meccarouselthumb":["https:\/\/imagazine.it\/wp-content\/uploads\/2025\/10\/Presepe-2-474x324.jpeg",474,324,true],"gridsquare":["https:\/\/imagazine.it\/wp-content\/uploads\/2025\/10\/Presepe-2-391x260.jpeg",391,260,true],"tileview":["https:\/\/imagazine.it\/wp-content\/uploads\/2025\/10\/Presepe-2-300x400.jpeg",300,400,true],"1536x1536":["https:\/\/imagazine.it\/wp-content\/uploads\/2025\/10\/Presepe-2.jpeg",1366,846,false],"2048x2048":["https:\/\/imagazine.it\/wp-content\/uploads\/2025\/10\/Presepe-2.jpeg",1366,846,false],"newsup-slider-full":["https:\/\/imagazine.it\/wp-content\/uploads\/2025\/10\/Presepe-2-1280x720.jpeg",1280,720,true],"newsup-featured":["https:\/\/imagazine.it\/wp-content\/uploads\/2025\/10\/Presepe-2-1024x634.jpeg",1024,634,true],"newsup-medium":["https:\/\/imagazine.it\/wp-content\/uploads\/2025\/10\/Presepe-2-720x380.jpeg",720,380,true],"tptn_thumbnail":["https:\/\/imagazine.it\/wp-content\/uploads\/2025\/10\/Presepe-2-250x210.jpeg",250,210,true],"sow-carousel-default":["https:\/\/imagazine.it\/wp-content\/uploads\/2025\/10\/Presepe-2-272x182.jpeg",272,182,true]},"rttpg_author":{"display_name":"redazione","author_link":"https:\/\/imagazine.it\/home_desk\/author\/redazione\/"},"rttpg_comment":0,"rttpg_category":"<a href=\"https:\/\/imagazine.it\/home_desk\/category\/cultura-e-spettacolo\/\" rel=\"category tag\">CULTURA&amp;SPETTACOLO<\/a>","rttpg_excerpt":"L'anno scorso ospitato in Vaticano, quest'anno verr\u00e0 allestito nei Giardini pubblici in omaggio alla Capitale Europea della Cultura","_links":{"self":[{"href":"https:\/\/imagazine.it\/home_desk\/wp-json\/wp\/v2\/posts\/68930","targetHints":{"allow":["GET"]}}],"collection":[{"href":"https:\/\/imagazine.it\/home_desk\/wp-json\/wp\/v2\/posts"}],"about":[{"href":"https:\/\/imagazine.it\/home_desk\/wp-json\/wp\/v2\/types\/post"}],"author":[{"embeddable":true,"href":"https:\/\/imagazine.it\/home_desk\/wp-json\/wp\/v2\/users\/28"}],"replies":[{"embeddable":true,"href":"https:\/\/imagazine.it\/home_desk\/wp-json\/wp\/v2\/comments?post=68930"}],"version-history":[{"count":5,"href":"https:\/\/imagazine.it\/home_desk\/wp-json\/wp\/v2\/posts\/68930\/revisions"}],"predecessor-version":[{"id":68937,"href":"https:\/\/imagazine.it\/home_desk\/wp-json\/wp\/v2\/posts\/68930\/revisions\/68937"}],"wp:featuredmedia":[{"embeddable":true,"href":"https:\/\/imagazine.it\/home_desk\/wp-json\/wp\/v2\/media\/68932"}],"wp:attachment":[{"href":"https:\/\/imagazine.it\/home_desk\/wp-json\/wp\/v2\/media?parent=68930"}],"wp:term":[{"taxonomy":"category","embeddable":true,"href":"https:\/\/imagazine.it\/home_desk\/wp-json\/wp\/v2\/categories?post=68930"},{"taxonomy":"post_tag","embeddable":true,"href":"https:\/\/imagazine.it\/home_desk\/wp-json\/wp\/v2\/tags?post=68930"}],"curies":[{"name":"wp","href":"https:\/\/api.w.org\/{rel}","templated":true}]}}