{"id":68898,"date":"2025-10-20T16:48:33","date_gmt":"2025-10-20T14:48:33","guid":{"rendered":"https:\/\/imagazine.it\/home_desk\/?p=68898"},"modified":"2025-10-21T16:53:33","modified_gmt":"2025-10-21T14:53:33","slug":"dalle-cialde-per-il-caffe-alla-collaborazione-tra-parrocchie","status":"publish","type":"post","link":"https:\/\/imagazine.it\/home_desk\/dalle-cialde-per-il-caffe-alla-collaborazione-tra-parrocchie\/","title":{"rendered":"Dalle cialde per il caff\u00e8 alla collaborazione tra parrocchie"},"content":{"rendered":"<p>RUDA\/CERVIGNANO \u2013 Un gesto semplice ha posto le basi per una nascente collaborazione tra le <strong>parrocchie di Ruda<\/strong> e <strong>Cervignano del Friuli<\/strong>.<\/p>\n<p>La scintilla \u00e8 scoccata grazie a un piccolo atto di generosit\u00e0: alla parrocchia di Ruda \u00e8 stato fatto dono un <strong>sostanzioso pacco di cialde per il caff\u00e8<\/strong>.<\/p>\n<p>A questo, ha fatto seguito l&#8217;altrettanto premuroso gesto della parrocchia di Cervignano, che, per permettere l&#8217;utilizzo immediato del regalo, ha prontamente donato la <strong>macchinetta per il caff\u00e8 a cialde<\/strong>.<\/p>\n<p>Piccoli aiuti materiali che hanno rappresentato il primo concreto passo per l&#8217;incontro e la comunicazione tra i referenti delle due parrocchie, innescando l&#8217;opportunit\u00e0 di avviare una vera e propria collaborazione, finalizzata a condividere esperienze, iniziative e risorse a beneficio delle rispettive comunit\u00e0 giovanili.<\/p>\n<p>Anche il Ricreatorio di Ruda, intitolato al giovane sacerdote don Valeriano Lepre, scomparso prematuramente, vanta una struttura di prim\u2019ordine. Questa moderna e accogliente sede \u00e8 stata realizzata per volont\u00e0 dell&#8217;allora parroco, <strong>don Cesco Plet<\/strong>.<\/p>\n<p>Il Ricreatorio non \u00e8 concepito solo come un luogo ricreativo con spazi per i giochi, ma \u00e8 soprattutto un centro vitale dove si pu\u00f2 incontrare, socializzare, studiare, meditare e fare comunit\u00e0, un ruolo che sta gi\u00e0 svolgendo con successo.<\/p>\n<p>L&#8217;obiettivo \u00e8 duplice: continuare a consolidare le attivit\u00e0 interne e, al contempo, allargare gli orizzonti di conoscenza e promuovere un proficuo scambio reciproco di esperienze con altre realt\u00e0, come nel caso della recente collaborazione.<\/p>\n","protected":false},"excerpt":{"rendered":"<p>Nuovi legami tra le realt\u00e0 di Ruda e Cervignano, nati dall&#8217;occasione di condividere assieme momenti di confronto<\/p>\n","protected":false},"author":22,"featured_media":68899,"comment_status":"closed","ping_status":"closed","sticky":false,"template":"","format":"image","meta":{"dwc-title":[""],"dwc-content":[""],"footnotes":""},"categories":[5],"tags":[119,939,260,212],"class_list":["post-68898","post","type-post","status-publish","format-image","has-post-thumbnail","hentry","category-attualita","tag-cervignano","tag-chiesa","tag-parrocchia","tag-ruda","post_format-post-format-image"],"rttpg_featured_image_url":{"full":["https:\/\/imagazine.it\/wp-content\/uploads\/2025\/10\/IMG_0002.jpg",1366,860,false],"landscape":["https:\/\/imagazine.it\/wp-content\/uploads\/2025\/10\/IMG_0002.jpg",1366,860,false],"portraits":["https:\/\/imagazine.it\/wp-content\/uploads\/2025\/10\/IMG_0002.jpg",1366,860,false],"thumbnail":["https:\/\/imagazine.it\/wp-content\/uploads\/2025\/10\/IMG_0002-150x150.jpg",150,150,true],"medium":["https:\/\/imagazine.it\/wp-content\/uploads\/2025\/10\/IMG_0002-300x189.jpg",300,189,true],"large":["https:\/\/imagazine.it\/wp-content\/uploads\/2025\/10\/IMG_0002-1024x645.jpg",640,403,true],"thumblist":["https:\/\/imagazine.it\/wp-content\/uploads\/2025\/10\/IMG_0002-300x300.jpg",300,300,true],"thumbrelated":["https:\/\/imagazine.it\/wp-content\/uploads\/2025\/10\/IMG_0002-500x500.jpg",500,500,true],"meccarouselthumb":["https:\/\/imagazine.it\/wp-content\/uploads\/2025\/10\/IMG_0002-474x324.jpg",474,324,true],"gridsquare":["https:\/\/imagazine.it\/wp-content\/uploads\/2025\/10\/IMG_0002-391x260.jpg",391,260,true],"tileview":["https:\/\/imagazine.it\/wp-content\/uploads\/2025\/10\/IMG_0002-300x400.jpg",300,400,true],"1536x1536":["https:\/\/imagazine.it\/wp-content\/uploads\/2025\/10\/IMG_0002.jpg",1366,860,false],"2048x2048":["https:\/\/imagazine.it\/wp-content\/uploads\/2025\/10\/IMG_0002.jpg",1366,860,false],"newsup-slider-full":["https:\/\/imagazine.it\/wp-content\/uploads\/2025\/10\/IMG_0002-1280x720.jpg",1280,720,true],"newsup-featured":["https:\/\/imagazine.it\/wp-content\/uploads\/2025\/10\/IMG_0002-1024x645.jpg",1024,645,true],"newsup-medium":["https:\/\/imagazine.it\/wp-content\/uploads\/2025\/10\/IMG_0002-720x380.jpg",720,380,true],"tptn_thumbnail":["https:\/\/imagazine.it\/wp-content\/uploads\/2025\/10\/IMG_0002-250x210.jpg",250,210,true],"sow-carousel-default":["https:\/\/imagazine.it\/wp-content\/uploads\/2025\/10\/IMG_0002-272x182.jpg",272,182,true]},"rttpg_author":{"display_name":"Livio Nonis","author_link":"https:\/\/imagazine.it\/home_desk\/author\/nonis\/"},"rttpg_comment":0,"rttpg_category":"<a href=\"https:\/\/imagazine.it\/home_desk\/category\/attualita\/\" rel=\"category tag\">ATTUALIT\u00c0<\/a>","rttpg_excerpt":"Nuovi legami tra le realt\u00e0 di Ruda e Cervignano, nati dall'occasione di condividere assieme momenti di confronto","_links":{"self":[{"href":"https:\/\/imagazine.it\/home_desk\/wp-json\/wp\/v2\/posts\/68898","targetHints":{"allow":["GET"]}}],"collection":[{"href":"https:\/\/imagazine.it\/home_desk\/wp-json\/wp\/v2\/posts"}],"about":[{"href":"https:\/\/imagazine.it\/home_desk\/wp-json\/wp\/v2\/types\/post"}],"author":[{"embeddable":true,"href":"https:\/\/imagazine.it\/home_desk\/wp-json\/wp\/v2\/users\/22"}],"replies":[{"embeddable":true,"href":"https:\/\/imagazine.it\/home_desk\/wp-json\/wp\/v2\/comments?post=68898"}],"version-history":[{"count":1,"href":"https:\/\/imagazine.it\/home_desk\/wp-json\/wp\/v2\/posts\/68898\/revisions"}],"predecessor-version":[{"id":68900,"href":"https:\/\/imagazine.it\/home_desk\/wp-json\/wp\/v2\/posts\/68898\/revisions\/68900"}],"wp:featuredmedia":[{"embeddable":true,"href":"https:\/\/imagazine.it\/home_desk\/wp-json\/wp\/v2\/media\/68899"}],"wp:attachment":[{"href":"https:\/\/imagazine.it\/home_desk\/wp-json\/wp\/v2\/media?parent=68898"}],"wp:term":[{"taxonomy":"category","embeddable":true,"href":"https:\/\/imagazine.it\/home_desk\/wp-json\/wp\/v2\/categories?post=68898"},{"taxonomy":"post_tag","embeddable":true,"href":"https:\/\/imagazine.it\/home_desk\/wp-json\/wp\/v2\/tags?post=68898"}],"curies":[{"name":"wp","href":"https:\/\/api.w.org\/{rel}","templated":true}]}}