{"id":68887,"date":"2025-10-21T15:16:33","date_gmt":"2025-10-21T13:16:33","guid":{"rendered":"https:\/\/imagazine.it\/home_desk\/?p=68887"},"modified":"2025-10-22T12:24:04","modified_gmt":"2025-10-22T10:24:04","slug":"nuova-vita-per-le-cabine-telefoniche","status":"publish","type":"post","link":"https:\/\/imagazine.it\/home_desk\/nuova-vita-per-le-cabine-telefoniche\/","title":{"rendered":"Nuova vita per le cabine telefoniche"},"content":{"rendered":"<p><span style=\"font-size: 10pt;\"><em>L&#8217;inaugurazione della prima cabina telefonica recuperata<\/em><\/span><\/p>\n<p>GORIZIA \u2013 Raccontare ai pi\u00f9 giovani la storia del telefono valorizzando le cabine telefoniche.<\/p>\n<p>Questo l\u2019obiettivo del progetto \u201c<em>Il telefono nella nostra memoria<\/em>\u201d, avviato per la prima volta in Italia in sinergia da Comune di Gorizia e Telecom, con il coinvolgimento dell\u2019Archivio storico Tim di Torino.<\/p>\n<p>Il primo dei due manufatti che avr\u00e0 nuova vita \u00e8 stato collocato ai <strong>Giardini pubblici<\/strong>, nel <strong>controviale Mons. Pietro Cocolin<\/strong>.<\/p>\n<p>Per quanto riguarda il posizionamento della seconda cabina, l\u2019amministrazione sta valutando alcune soluzioni per ottenere il massimo risalto possibile: tra le possibili collocazioni vi \u00e8 il piazzale antistante la stazione ferroviaria.<\/p>\n<p>\u201cNel momento in cui \u00e8 stato avviato lo smantellamento delle cabine \u2013 ha sottolineato il sindaco, <strong>Rodolfo Ziberna<\/strong> \u2013 abbiamo avuto l\u2019idea di avviare questo progetto, che si propone di ricordare suscitando la curiosit\u00e0 anche dei pi\u00f9 giovani\u201d.<\/p>\n<p>Sono intervenuti all\u2019inaugurazione ai Giardini pubblici anche <strong>Giorgio Fersini<\/strong>, Area Manager del Gruppo TIM, che ha rimarcato l\u2019unicit\u00e0 dell\u2019iniziativa a livello nazionale, e <strong>Barbara Galopin<\/strong>, Account Manager del Gruppo TIM, inoltre \u00e8 stato letto il messaggio di saluto di <strong>Alessandra Marinacci<\/strong>, direttore del brand e dell\u2019Archivio storico del Gruppo TIM.<\/p>\n<p>Due cabine che erano in uso in via Roma e in via Vittorio Veneto faranno cos\u00ec bella mostra di s\u00e9 in citt\u00e0, rivestite di pannelli recanti la storia della telefonia fissa pubblica e privata nel nostro Paese.<\/p>\n<p>Sono stati individuati un modello L72, ovvero l\u2019iconica cabina gialla installata in Italia dal 1972, in coincidenza con la pubblicit\u00e0 SIP \u201c<em>Il telefono, la tua voce<\/em>\u201d, e un L79, di colore rosso, introdotto nel 1979 per essere pi\u00f9 visibile rispetto alle versioni precedenti.<\/p>\n","protected":false},"excerpt":{"rendered":"<p>Progetto unico in Italia avviato da Comune di Gorizia e Telecom: primo esemplare collocato vicino ai Giardini Pubblici. Un secondo in arrivo<\/p>\n","protected":false},"author":28,"featured_media":68888,"comment_status":"closed","ping_status":"closed","sticky":false,"template":"","format":"image","meta":{"dwc-title":[""],"dwc-content":[""],"footnotes":""},"categories":[5],"tags":[43,3603,568,3602],"class_list":["post-68887","post","type-post","status-publish","format-image","has-post-thumbnail","hentry","category-attualita","tag-gorizia","tag-recupero","tag-storia","tag-telefono","post_format-post-format-image"],"rttpg_featured_image_url":{"full":["https:\/\/imagazine.it\/wp-content\/uploads\/2025\/10\/Cabina-1.jpeg",1366,901,false],"landscape":["https:\/\/imagazine.it\/wp-content\/uploads\/2025\/10\/Cabina-1.jpeg",1366,901,false],"portraits":["https:\/\/imagazine.it\/wp-content\/uploads\/2025\/10\/Cabina-1.jpeg",1366,901,false],"thumbnail":["https:\/\/imagazine.it\/wp-content\/uploads\/2025\/10\/Cabina-1-150x150.jpeg",150,150,true],"medium":["https:\/\/imagazine.it\/wp-content\/uploads\/2025\/10\/Cabina-1-300x198.jpeg",300,198,true],"large":["https:\/\/imagazine.it\/wp-content\/uploads\/2025\/10\/Cabina-1-1024x675.jpeg",640,422,true],"thumblist":["https:\/\/imagazine.it\/wp-content\/uploads\/2025\/10\/Cabina-1-300x300.jpeg",300,300,true],"thumbrelated":["https:\/\/imagazine.it\/wp-content\/uploads\/2025\/10\/Cabina-1-500x500.jpeg",500,500,true],"meccarouselthumb":["https:\/\/imagazine.it\/wp-content\/uploads\/2025\/10\/Cabina-1-474x324.jpeg",474,324,true],"gridsquare":["https:\/\/imagazine.it\/wp-content\/uploads\/2025\/10\/Cabina-1-391x260.jpeg",391,260,true],"tileview":["https:\/\/imagazine.it\/wp-content\/uploads\/2025\/10\/Cabina-1-300x400.jpeg",300,400,true],"1536x1536":["https:\/\/imagazine.it\/wp-content\/uploads\/2025\/10\/Cabina-1.jpeg",1366,901,false],"2048x2048":["https:\/\/imagazine.it\/wp-content\/uploads\/2025\/10\/Cabina-1.jpeg",1366,901,false],"newsup-slider-full":["https:\/\/imagazine.it\/wp-content\/uploads\/2025\/10\/Cabina-1-1280x720.jpeg",1280,720,true],"newsup-featured":["https:\/\/imagazine.it\/wp-content\/uploads\/2025\/10\/Cabina-1-1024x675.jpeg",1024,675,true],"newsup-medium":["https:\/\/imagazine.it\/wp-content\/uploads\/2025\/10\/Cabina-1-720x380.jpeg",720,380,true],"tptn_thumbnail":["https:\/\/imagazine.it\/wp-content\/uploads\/2025\/10\/Cabina-1-250x210.jpeg",250,210,true],"sow-carousel-default":["https:\/\/imagazine.it\/wp-content\/uploads\/2025\/10\/Cabina-1-272x182.jpeg",272,182,true]},"rttpg_author":{"display_name":"redazione","author_link":"https:\/\/imagazine.it\/home_desk\/author\/redazione\/"},"rttpg_comment":0,"rttpg_category":"<a href=\"https:\/\/imagazine.it\/home_desk\/category\/attualita\/\" rel=\"category tag\">ATTUALIT\u00c0<\/a>","rttpg_excerpt":"Progetto unico in Italia avviato da Comune di Gorizia e Telecom: primo esemplare collocato vicino ai Giardini Pubblici. Un secondo in arrivo","_links":{"self":[{"href":"https:\/\/imagazine.it\/home_desk\/wp-json\/wp\/v2\/posts\/68887","targetHints":{"allow":["GET"]}}],"collection":[{"href":"https:\/\/imagazine.it\/home_desk\/wp-json\/wp\/v2\/posts"}],"about":[{"href":"https:\/\/imagazine.it\/home_desk\/wp-json\/wp\/v2\/types\/post"}],"author":[{"embeddable":true,"href":"https:\/\/imagazine.it\/home_desk\/wp-json\/wp\/v2\/users\/28"}],"replies":[{"embeddable":true,"href":"https:\/\/imagazine.it\/home_desk\/wp-json\/wp\/v2\/comments?post=68887"}],"version-history":[{"count":1,"href":"https:\/\/imagazine.it\/home_desk\/wp-json\/wp\/v2\/posts\/68887\/revisions"}],"predecessor-version":[{"id":68889,"href":"https:\/\/imagazine.it\/home_desk\/wp-json\/wp\/v2\/posts\/68887\/revisions\/68889"}],"wp:featuredmedia":[{"embeddable":true,"href":"https:\/\/imagazine.it\/home_desk\/wp-json\/wp\/v2\/media\/68888"}],"wp:attachment":[{"href":"https:\/\/imagazine.it\/home_desk\/wp-json\/wp\/v2\/media?parent=68887"}],"wp:term":[{"taxonomy":"category","embeddable":true,"href":"https:\/\/imagazine.it\/home_desk\/wp-json\/wp\/v2\/categories?post=68887"},{"taxonomy":"post_tag","embeddable":true,"href":"https:\/\/imagazine.it\/home_desk\/wp-json\/wp\/v2\/tags?post=68887"}],"curies":[{"name":"wp","href":"https:\/\/api.w.org\/{rel}","templated":true}]}}