{"id":68838,"date":"2025-10-20T17:10:46","date_gmt":"2025-10-20T15:10:46","guid":{"rendered":"https:\/\/imagazine.it\/home_desk\/?p=68838"},"modified":"2025-10-20T18:46:46","modified_gmt":"2025-10-20T16:46:46","slug":"monfalcone-apre-lo-sportello-di-consulenza-alla-genitorialita","status":"publish","type":"post","link":"https:\/\/imagazine.it\/home_desk\/monfalcone-apre-lo-sportello-di-consulenza-alla-genitorialita\/","title":{"rendered":"Monfalcone: apre lo Sportello di consulenza alla genitorialit\u00e0"},"content":{"rendered":"<p><span style=\"font-size: 10pt;\"><em>La vicesindaca di Monfalcone, Marta Calligaris<\/em><\/span><\/p>\n<p>MONFALCONE \u2013 Prende ufficialmente il via a Monfalcone il progetto \u201c<strong><em>Together \u2013 Stare insieme<\/em><\/strong>\u201d, promosso dal Comune di Monfalcone in qualit\u00e0 di Ente gestore del Servizio Sociale dei Comuni \u2013 Ambito Territoriale Carso Isonzo Adriatico e cofinanziato dal Fondo Sociale Europeo Plus (FSE+) e dal Programma Regionale FSE+ 2021-2027 della Regione Friuli Venezia Giulia.<\/p>\n<p>Il progetto si articola in due grandi aree d\u2019intervento: il <strong>supporto alla genitorialit\u00e0<\/strong>, con percorsi dedicati a genitori e figli, e la creazione di una <strong>rete di famiglie solidali<\/strong>, volta a rafforzare i legami di comunit\u00e0 e promuovere una \u201ccittadinanza educante\u201d capace di condividere esperienze e responsabilit\u00e0.<\/p>\n<p>\u00abSostenere le famiglie significa costruire le fondamenta di una comunit\u00e0 pi\u00f9 forte \u2013 ha evidenziato il sindaco, <strong>Luca Fasan<\/strong> \u2013. Con <em>Together &#8211; Stare Insieme<\/em> vogliamo offrire un aiuto concreto ai genitori, ma anche creare momenti in cui potersi confrontare, condividere esperienze e sentirsi meno soli. \u00c8 un progetto che parla di relazioni vere, di fiducia e di ascolto reciproco.\u00bb.<\/p>\n<p>\u00ab<em>Together &#8211; Stare Insieme<\/em> \u2013 ha aggiunto la vicesindaca <strong>Marta Calligaris<\/strong> \u2013 \u00e8 un modo per costruire legami, per riscoprire la forza della collaborazione e del sostegno. Quando le famiglie, le scuole e le istituzioni camminano nella stessa direzione, nascono esperienze che fanno bene a tutti\u00bb.<\/p>\n<p>Un\u2019iniziativa triennale, realizzata in partenariato con <strong>Duemilauno Agenzia Sociale<\/strong> di Trieste e <strong>Murice Cooperativa Sociale<\/strong> di Gorizia, che accompagner\u00e0 le famiglie fino al 2028, con attivit\u00e0 pensate per sostenere la genitorialit\u00e0 e la solidariet\u00e0.<\/p>\n<p>Tra le prime attivit\u00e0 in programma, l\u2019apertura dello <strong>Sportello di consulenza alla genitorialit\u00e0<\/strong> presso Casa Aurora (accanto alla Chiesa di San Nicol\u00f2 e Paolo, in via Primo Maggio 84), attivo ogni luned\u00ec dalle 10 alle 13 e gioved\u00ec dalle 15 alle 18, con <strong>accesso gratuito su prenotazione<\/strong>. Si tratta di uno spazio di ascolto e confronto con professionisti dedicati, pensato per accogliere dubbi, domande e riflessioni sull\u2019esperienza dell\u2019essere genitori.<\/p>\n<p>Seguir\u00e0 il laboratorio esperienziale \u201c<em>L\u2019ABC delle emozioni<\/em>\u201d, rivolto a genitori e studenti della scuola secondaria di primo grado residenti nei Comuni dell\u2019Ambito Carso-Isonzo-Adriatico.<\/p>\n<p>Gli incontri si terranno al Ricreatorio Mons. Foschian di Monfalcone nelle mattine di sabato 8 e 22 novembre e 6 e 13 dicembre, dalle 10 alle 12.<\/p>\n<p>Sempre al Ricreatorio Mons. Foschian, partir\u00e0 anche il ciclo di incontri \u201c<em>Famiglie solidali, la cura dei legami<\/em>\u201d, rivolto a genitori, nonni, educatori e cittadini interessati.<\/p>\n<p>Gli appuntamenti, guidati dalla pedagogista e mediatrice familiare <strong>Federica Cabas<\/strong>, si terranno gioved\u00ec 30 ottobre, 4 dicembre e 15 gennaio, dalle 17.30 alle 19.30, e proseguiranno nei mesi successivi.<\/p>\n<p>Tutte le attivit\u00e0 sono gratuite e ad accesso libero, previa prenotazione presso la segreteria del Servizio Sociale, chiamando il numero 0481 494537 o 0481 494887.<\/p>\n","protected":false},"excerpt":{"rendered":"<p>Al via il progetto \u201cTogether \u2013 Stare insieme\u201d: un percorso per sostenere le famiglie e rafforzare la rete educativa del territorio<\/p>\n","protected":false},"author":28,"featured_media":68839,"comment_status":"closed","ping_status":"closed","sticky":false,"template":"","format":"image","meta":{"dwc-title":[""],"dwc-content":[""],"footnotes":""},"categories":[5],"tags":[51,97,1723,820],"class_list":["post-68838","post","type-post","status-publish","format-image","has-post-thumbnail","hentry","category-attualita","tag-monfalcone","tag-salute","tag-servizi","tag-sociale","post_format-post-format-image"],"rttpg_featured_image_url":{"full":["https:\/\/imagazine.it\/wp-content\/uploads\/2025\/10\/Calligaris.jpg",1366,853,false],"landscape":["https:\/\/imagazine.it\/wp-content\/uploads\/2025\/10\/Calligaris.jpg",1366,853,false],"portraits":["https:\/\/imagazine.it\/wp-content\/uploads\/2025\/10\/Calligaris.jpg",1366,853,false],"thumbnail":["https:\/\/imagazine.it\/wp-content\/uploads\/2025\/10\/Calligaris-150x150.jpg",150,150,true],"medium":["https:\/\/imagazine.it\/wp-content\/uploads\/2025\/10\/Calligaris-300x187.jpg",300,187,true],"large":["https:\/\/imagazine.it\/wp-content\/uploads\/2025\/10\/Calligaris-1024x639.jpg",640,399,true],"thumblist":["https:\/\/imagazine.it\/wp-content\/uploads\/2025\/10\/Calligaris-300x300.jpg",300,300,true],"thumbrelated":["https:\/\/imagazine.it\/wp-content\/uploads\/2025\/10\/Calligaris-500x500.jpg",500,500,true],"meccarouselthumb":["https:\/\/imagazine.it\/wp-content\/uploads\/2025\/10\/Calligaris-474x324.jpg",474,324,true],"gridsquare":["https:\/\/imagazine.it\/wp-content\/uploads\/2025\/10\/Calligaris-391x260.jpg",391,260,true],"tileview":["https:\/\/imagazine.it\/wp-content\/uploads\/2025\/10\/Calligaris-300x400.jpg",300,400,true],"1536x1536":["https:\/\/imagazine.it\/wp-content\/uploads\/2025\/10\/Calligaris.jpg",1366,853,false],"2048x2048":["https:\/\/imagazine.it\/wp-content\/uploads\/2025\/10\/Calligaris.jpg",1366,853,false],"newsup-slider-full":["https:\/\/imagazine.it\/wp-content\/uploads\/2025\/10\/Calligaris-1280x720.jpg",1280,720,true],"newsup-featured":["https:\/\/imagazine.it\/wp-content\/uploads\/2025\/10\/Calligaris-1024x639.jpg",1024,639,true],"newsup-medium":["https:\/\/imagazine.it\/wp-content\/uploads\/2025\/10\/Calligaris-720x380.jpg",720,380,true],"tptn_thumbnail":["https:\/\/imagazine.it\/wp-content\/uploads\/2025\/10\/Calligaris-250x210.jpg",250,210,true],"sow-carousel-default":["https:\/\/imagazine.it\/wp-content\/uploads\/2025\/10\/Calligaris-272x182.jpg",272,182,true]},"rttpg_author":{"display_name":"redazione","author_link":"https:\/\/imagazine.it\/home_desk\/author\/redazione\/"},"rttpg_comment":0,"rttpg_category":"<a href=\"https:\/\/imagazine.it\/home_desk\/category\/attualita\/\" rel=\"category tag\">ATTUALIT\u00c0<\/a>","rttpg_excerpt":"Al via il progetto \u201cTogether \u2013 Stare insieme\u201d: un percorso per sostenere le famiglie e rafforzare la rete educativa del territorio","_links":{"self":[{"href":"https:\/\/imagazine.it\/home_desk\/wp-json\/wp\/v2\/posts\/68838","targetHints":{"allow":["GET"]}}],"collection":[{"href":"https:\/\/imagazine.it\/home_desk\/wp-json\/wp\/v2\/posts"}],"about":[{"href":"https:\/\/imagazine.it\/home_desk\/wp-json\/wp\/v2\/types\/post"}],"author":[{"embeddable":true,"href":"https:\/\/imagazine.it\/home_desk\/wp-json\/wp\/v2\/users\/28"}],"replies":[{"embeddable":true,"href":"https:\/\/imagazine.it\/home_desk\/wp-json\/wp\/v2\/comments?post=68838"}],"version-history":[{"count":2,"href":"https:\/\/imagazine.it\/home_desk\/wp-json\/wp\/v2\/posts\/68838\/revisions"}],"predecessor-version":[{"id":68841,"href":"https:\/\/imagazine.it\/home_desk\/wp-json\/wp\/v2\/posts\/68838\/revisions\/68841"}],"wp:featuredmedia":[{"embeddable":true,"href":"https:\/\/imagazine.it\/home_desk\/wp-json\/wp\/v2\/media\/68839"}],"wp:attachment":[{"href":"https:\/\/imagazine.it\/home_desk\/wp-json\/wp\/v2\/media?parent=68838"}],"wp:term":[{"taxonomy":"category","embeddable":true,"href":"https:\/\/imagazine.it\/home_desk\/wp-json\/wp\/v2\/categories?post=68838"},{"taxonomy":"post_tag","embeddable":true,"href":"https:\/\/imagazine.it\/home_desk\/wp-json\/wp\/v2\/tags?post=68838"}],"curies":[{"name":"wp","href":"https:\/\/api.w.org\/{rel}","templated":true}]}}