{"id":68822,"date":"2025-10-18T12:45:36","date_gmt":"2025-10-18T10:45:36","guid":{"rendered":"https:\/\/imagazine.it\/home_desk\/?p=68822"},"modified":"2025-10-20T17:11:11","modified_gmt":"2025-10-20T15:11:11","slug":"aggregazione-e-generosita-ruda-si-unisce-per-la-lucciolata","status":"publish","type":"post","link":"https:\/\/imagazine.it\/home_desk\/aggregazione-e-generosita-ruda-si-unisce-per-la-lucciolata\/","title":{"rendered":"Aggregazione e generosit\u00e0: Ruda si unisce per la &#8220;Lucciolata&#8221;"},"content":{"rendered":"<p><span style=\"font-size: 10pt;\"><em>La camminata serale, momento culmine della Lucciolata<\/em><\/span><\/p>\n<p>RUDA \u2013 La 33\u00aa edizione della \u201c<strong><em>Lucciolata<\/em><\/strong>\u201d ha unito festa e solidariet\u00e0 nella comunit\u00e0 di Ruda e delle sue frazioni: Perteole, San Nicol\u00f2, Saciletto e Mortesins.<\/p>\n<p>Il ricavato della manifestazione sar\u00e0 devoluto all\u2019associazione \u201c<strong><em>Via di Natale<\/em><\/strong>\u201d di Aviano, rafforzando lo spirito comunitario.<\/p>\n<p>Questa manifestazione va oltre la semplice camminata serale, trasformandosi in una vera e propria giornata di aggregazione e celebrazione comunitaria.<\/p>\n<p>Dietro l&#8217;evento c&#8217;\u00e8 stata una stretta collaborazione organizzativa, l&#8217;<strong>Amministrazione<\/strong> <strong>comunale<\/strong> ha guidato i lavori affiancata dal contributo del <strong>Gruppo Alpini di Ruda<\/strong>, della <strong>Squadra Comunale di Protezione Civile<\/strong> e del <strong>Gruppo Raccolta Tappi &#8220;Chei dai Taps&#8221;<\/strong>.<\/p>\n<p>Insieme, hanno garantito che la Lucciolata si confermasse un momento significativo per l&#8217;intera cittadinanza.<\/p>\n<p>L&#8217;atmosfera festosa si \u00e8 accesa fin dalla mattinata nelle diverse localit\u00e0 coinvolte, da Ruda a San Nicol\u00f2, Perteole, Saciletto e Mortesins. Queste piazze si sono riempite di bancarelle colorate, dove protagonisti indiscussi erano i ciclamini e le mele.<\/p>\n<p>A Ruda erano presenti rappresentanti del coro Multifariam, che hanno gestito un chiosco di dolci.<\/p>\n<p>Contemporaneamente, gli utenti del CAMPP-U.E.T. &#8220;Buon Vento&#8221; hanno partecipato attivamente, esponendo con orgoglio le loro originali creazioni.<\/p>\n<p>Quest&#8217;anno, il percorso della camminata \u00e8 partito da Perteole e, dopo circa un&#8217;ora e un quarto di tragitto, \u00e8 arrivato al Ricreatorio don Valeriano Lepre. Qui, si sono tenuti gli interventi delle autorit\u00e0: il sindaco <strong>Franco Lenarduzzi<\/strong>, il rappresentante degli Alpini, il capogruppo <strong>Flavio Fornasar<\/strong>, e per l\u2019associazione <em>Chei dai Taps<\/em> <strong>Patrizio Quargnal<\/strong>.<\/p>\n<p>L\u2019amministratore parrocchiale <strong>don Manuel Millo<\/strong> ha fatto pervenire un messaggio ai partecipanti.<\/p>\n<p>Come da tradizione per ogni fine serata della &#8220;Lucciolata&#8221;, l&#8217;evento si \u00e8 concluso con l&#8217;immancabile pastasciutta preparata dal Gruppo Alpini di Ruda.<\/p>\n","protected":false},"excerpt":{"rendered":"<p>Le associazioni della comunit\u00e0 hanno collaborato insieme per la raccolta fondi in favore della &#8220;Via di Natale&#8221;<\/p>\n","protected":false},"author":22,"featured_media":68823,"comment_status":"closed","ping_status":"closed","sticky":false,"template":"","format":"image","meta":{"dwc-title":[""],"dwc-content":[""],"footnotes":""},"categories":[5],"tags":[146,2046,212,145],"class_list":["post-68822","post","type-post","status-publish","format-image","has-post-thumbnail","hentry","category-attualita","tag-beneficenza","tag-lucciolata","tag-ruda","tag-solidarieta","post_format-post-format-image"],"rttpg_featured_image_url":{"full":["https:\/\/imagazine.it\/wp-content\/uploads\/2025\/10\/lucciolata-ruda-2025-03.jpg",1366,733,false],"landscape":["https:\/\/imagazine.it\/wp-content\/uploads\/2025\/10\/lucciolata-ruda-2025-03.jpg",1366,733,false],"portraits":["https:\/\/imagazine.it\/wp-content\/uploads\/2025\/10\/lucciolata-ruda-2025-03.jpg",1366,733,false],"thumbnail":["https:\/\/imagazine.it\/wp-content\/uploads\/2025\/10\/lucciolata-ruda-2025-03-150x150.jpg",150,150,true],"medium":["https:\/\/imagazine.it\/wp-content\/uploads\/2025\/10\/lucciolata-ruda-2025-03-300x161.jpg",300,161,true],"large":["https:\/\/imagazine.it\/wp-content\/uploads\/2025\/10\/lucciolata-ruda-2025-03-1024x549.jpg",640,343,true],"thumblist":["https:\/\/imagazine.it\/wp-content\/uploads\/2025\/10\/lucciolata-ruda-2025-03-300x300.jpg",300,300,true],"thumbrelated":["https:\/\/imagazine.it\/wp-content\/uploads\/2025\/10\/lucciolata-ruda-2025-03-500x500.jpg",500,500,true],"meccarouselthumb":["https:\/\/imagazine.it\/wp-content\/uploads\/2025\/10\/lucciolata-ruda-2025-03-474x324.jpg",474,324,true],"gridsquare":["https:\/\/imagazine.it\/wp-content\/uploads\/2025\/10\/lucciolata-ruda-2025-03-391x260.jpg",391,260,true],"tileview":["https:\/\/imagazine.it\/wp-content\/uploads\/2025\/10\/lucciolata-ruda-2025-03-300x400.jpg",300,400,true],"1536x1536":["https:\/\/imagazine.it\/wp-content\/uploads\/2025\/10\/lucciolata-ruda-2025-03.jpg",1366,733,false],"2048x2048":["https:\/\/imagazine.it\/wp-content\/uploads\/2025\/10\/lucciolata-ruda-2025-03.jpg",1366,733,false],"newsup-slider-full":["https:\/\/imagazine.it\/wp-content\/uploads\/2025\/10\/lucciolata-ruda-2025-03-1280x720.jpg",1280,720,true],"newsup-featured":["https:\/\/imagazine.it\/wp-content\/uploads\/2025\/10\/lucciolata-ruda-2025-03-1024x549.jpg",1024,549,true],"newsup-medium":["https:\/\/imagazine.it\/wp-content\/uploads\/2025\/10\/lucciolata-ruda-2025-03-720x380.jpg",720,380,true],"tptn_thumbnail":["https:\/\/imagazine.it\/wp-content\/uploads\/2025\/10\/lucciolata-ruda-2025-03-250x210.jpg",250,210,true],"sow-carousel-default":["https:\/\/imagazine.it\/wp-content\/uploads\/2025\/10\/lucciolata-ruda-2025-03-272x182.jpg",272,182,true]},"rttpg_author":{"display_name":"Livio Nonis","author_link":"https:\/\/imagazine.it\/home_desk\/author\/nonis\/"},"rttpg_comment":0,"rttpg_category":"<a href=\"https:\/\/imagazine.it\/home_desk\/category\/attualita\/\" rel=\"category tag\">ATTUALIT\u00c0<\/a>","rttpg_excerpt":"Le associazioni della comunit\u00e0 hanno collaborato insieme per la raccolta fondi in favore della \"Via di Natale\"","_links":{"self":[{"href":"https:\/\/imagazine.it\/home_desk\/wp-json\/wp\/v2\/posts\/68822","targetHints":{"allow":["GET"]}}],"collection":[{"href":"https:\/\/imagazine.it\/home_desk\/wp-json\/wp\/v2\/posts"}],"about":[{"href":"https:\/\/imagazine.it\/home_desk\/wp-json\/wp\/v2\/types\/post"}],"author":[{"embeddable":true,"href":"https:\/\/imagazine.it\/home_desk\/wp-json\/wp\/v2\/users\/22"}],"replies":[{"embeddable":true,"href":"https:\/\/imagazine.it\/home_desk\/wp-json\/wp\/v2\/comments?post=68822"}],"version-history":[{"count":2,"href":"https:\/\/imagazine.it\/home_desk\/wp-json\/wp\/v2\/posts\/68822\/revisions"}],"predecessor-version":[{"id":68825,"href":"https:\/\/imagazine.it\/home_desk\/wp-json\/wp\/v2\/posts\/68822\/revisions\/68825"}],"wp:featuredmedia":[{"embeddable":true,"href":"https:\/\/imagazine.it\/home_desk\/wp-json\/wp\/v2\/media\/68823"}],"wp:attachment":[{"href":"https:\/\/imagazine.it\/home_desk\/wp-json\/wp\/v2\/media?parent=68822"}],"wp:term":[{"taxonomy":"category","embeddable":true,"href":"https:\/\/imagazine.it\/home_desk\/wp-json\/wp\/v2\/categories?post=68822"},{"taxonomy":"post_tag","embeddable":true,"href":"https:\/\/imagazine.it\/home_desk\/wp-json\/wp\/v2\/tags?post=68822"}],"curies":[{"name":"wp","href":"https:\/\/api.w.org\/{rel}","templated":true}]}}