{"id":68807,"date":"2025-10-20T10:04:48","date_gmt":"2025-10-20T08:04:48","guid":{"rendered":"https:\/\/imagazine.it\/home_desk\/?p=68807"},"modified":"2025-10-20T10:04:48","modified_gmt":"2025-10-20T08:04:48","slug":"ute-cervignano-la-carica-dei-900","status":"publish","type":"post","link":"https:\/\/imagazine.it\/home_desk\/ute-cervignano-la-carica-dei-900\/","title":{"rendered":"Ute Cervignano: la carica dei 900"},"content":{"rendered":"<p><span style=\"font-size: 10pt;\"><em>La sede dell&#8217;Ute a Cervignano<\/em><\/span><\/p>\n<p>CERVIGNANO DEL FRIULI \u2013 Ricomincia l&#8217;anno accademico dell&#8217;Universit\u00e0 della Terza Et\u00e0 &#8220;Citt\u00e0 di Cervignano del Friuli e Bassa Friulana&#8221;.<\/p>\n<p>Con la riapertura delle aule, avvenuta oggi, ha preso il via il nuovo anno.<\/p>\n<p>\u00c8 naturale guardare innanzitutto ai numeri, che sono sintomo della vitalit\u00e0 e funzionalit\u00e0 di questa struttura.<\/p>\n<p>Rispetto all&#8217;anno scorso, infatti, risultano positivi e in miglioramento: dagli 830 iscritti del 2024\/25 si \u00e8 arrivati, al momento, a inizio dell\u2019anno accademico, a <strong>871 iscritti<\/strong>. Dato che le iscrizioni sono ancora aperte, si pu\u00f2 prevedere ottimisticamente il <strong>raggiungimento dei 900 iscritti<\/strong>, che non \u00e8 un\u2019utopia e che rappresenterebbe un incremento del 10% rispetto allo scorso anno.<\/p>\n<p>Rimanendo in tema di cifre, lo scorso anno sono state effettuate 3.197 ore di lezione complessive. La maggior parte di queste \u00e8 stata assorbita dai laboratori manuali (cuoio, cucito, disegno, pittura, ecc.) con 1.270 ore, pari a circa un terzo del totale. Anche lo studio delle lingue straniere ha riscosso un largo consenso, con 534 ore di lezione.<\/p>\n<p>Al settore della salute e del benessere personale sono state dedicate 475 ore di impegno, mentre il campo umanistico ha registrato un notevole riscontro con 268 ore. Quest\u2019anno, con l&#8217;introduzione di 12 nuovi corsi, l&#8217;offerta complessiva raggiunge un totale di 140 proposte didattiche.<\/p>\n<p>\u00c8 un segnale di grande successo il fatto che molti di questi corsi abbiano gi\u00e0 raggiunto il numero massimo di partecipanti e che numerosi insegnanti abbiano ritenuto di proporre un raddoppio dei loro corsi per favorire l\u2019inserimento di coloro che si erano pazientemente iscritti in lista d\u2019attesa.<\/p>\n","protected":false},"excerpt":{"rendered":"<p>Al via i corsi del nuovo anno accademico. A oggi 871 iscritti, ma i numeri sono destinati a salire nei prossimi giorni<\/p>\n","protected":false},"author":22,"featured_media":68808,"comment_status":"closed","ping_status":"closed","sticky":false,"template":"","format":"image","meta":{"dwc-title":[""],"dwc-content":[""],"footnotes":""},"categories":[5],"tags":[189,119,400,1186,214],"class_list":["post-68807","post","type-post","status-publish","format-image","has-post-thumbnail","hentry","category-attualita","tag-anziani","tag-cervignano","tag-formazione","tag-ute","tag-volontariato","post_format-post-format-image"],"rttpg_featured_image_url":{"full":["https:\/\/imagazine.it\/wp-content\/uploads\/2025\/10\/sedeOK.jpg",1366,697,false],"landscape":["https:\/\/imagazine.it\/wp-content\/uploads\/2025\/10\/sedeOK.jpg",1366,697,false],"portraits":["https:\/\/imagazine.it\/wp-content\/uploads\/2025\/10\/sedeOK.jpg",1366,697,false],"thumbnail":["https:\/\/imagazine.it\/wp-content\/uploads\/2025\/10\/sedeOK-150x150.jpg",150,150,true],"medium":["https:\/\/imagazine.it\/wp-content\/uploads\/2025\/10\/sedeOK-300x153.jpg",300,153,true],"large":["https:\/\/imagazine.it\/wp-content\/uploads\/2025\/10\/sedeOK-1024x522.jpg",640,326,true],"thumblist":["https:\/\/imagazine.it\/wp-content\/uploads\/2025\/10\/sedeOK-300x300.jpg",300,300,true],"thumbrelated":["https:\/\/imagazine.it\/wp-content\/uploads\/2025\/10\/sedeOK-500x500.jpg",500,500,true],"meccarouselthumb":["https:\/\/imagazine.it\/wp-content\/uploads\/2025\/10\/sedeOK-474x324.jpg",474,324,true],"gridsquare":["https:\/\/imagazine.it\/wp-content\/uploads\/2025\/10\/sedeOK-391x260.jpg",391,260,true],"tileview":["https:\/\/imagazine.it\/wp-content\/uploads\/2025\/10\/sedeOK-300x400.jpg",300,400,true],"1536x1536":["https:\/\/imagazine.it\/wp-content\/uploads\/2025\/10\/sedeOK.jpg",1366,697,false],"2048x2048":["https:\/\/imagazine.it\/wp-content\/uploads\/2025\/10\/sedeOK.jpg",1366,697,false],"newsup-slider-full":["https:\/\/imagazine.it\/wp-content\/uploads\/2025\/10\/sedeOK-1280x697.jpg",1280,697,true],"newsup-featured":["https:\/\/imagazine.it\/wp-content\/uploads\/2025\/10\/sedeOK-1024x522.jpg",1024,522,true],"newsup-medium":["https:\/\/imagazine.it\/wp-content\/uploads\/2025\/10\/sedeOK-720x380.jpg",720,380,true],"tptn_thumbnail":["https:\/\/imagazine.it\/wp-content\/uploads\/2025\/10\/sedeOK-250x210.jpg",250,210,true],"sow-carousel-default":["https:\/\/imagazine.it\/wp-content\/uploads\/2025\/10\/sedeOK-272x182.jpg",272,182,true]},"rttpg_author":{"display_name":"Livio Nonis","author_link":"https:\/\/imagazine.it\/home_desk\/author\/nonis\/"},"rttpg_comment":0,"rttpg_category":"<a href=\"https:\/\/imagazine.it\/home_desk\/category\/attualita\/\" rel=\"category tag\">ATTUALIT\u00c0<\/a>","rttpg_excerpt":"Al via i corsi del nuovo anno accademico. A oggi 871 iscritti, ma i numeri sono destinati a salire nei prossimi giorni","_links":{"self":[{"href":"https:\/\/imagazine.it\/home_desk\/wp-json\/wp\/v2\/posts\/68807","targetHints":{"allow":["GET"]}}],"collection":[{"href":"https:\/\/imagazine.it\/home_desk\/wp-json\/wp\/v2\/posts"}],"about":[{"href":"https:\/\/imagazine.it\/home_desk\/wp-json\/wp\/v2\/types\/post"}],"author":[{"embeddable":true,"href":"https:\/\/imagazine.it\/home_desk\/wp-json\/wp\/v2\/users\/22"}],"replies":[{"embeddable":true,"href":"https:\/\/imagazine.it\/home_desk\/wp-json\/wp\/v2\/comments?post=68807"}],"version-history":[{"count":1,"href":"https:\/\/imagazine.it\/home_desk\/wp-json\/wp\/v2\/posts\/68807\/revisions"}],"predecessor-version":[{"id":68809,"href":"https:\/\/imagazine.it\/home_desk\/wp-json\/wp\/v2\/posts\/68807\/revisions\/68809"}],"wp:featuredmedia":[{"embeddable":true,"href":"https:\/\/imagazine.it\/home_desk\/wp-json\/wp\/v2\/media\/68808"}],"wp:attachment":[{"href":"https:\/\/imagazine.it\/home_desk\/wp-json\/wp\/v2\/media?parent=68807"}],"wp:term":[{"taxonomy":"category","embeddable":true,"href":"https:\/\/imagazine.it\/home_desk\/wp-json\/wp\/v2\/categories?post=68807"},{"taxonomy":"post_tag","embeddable":true,"href":"https:\/\/imagazine.it\/home_desk\/wp-json\/wp\/v2\/tags?post=68807"}],"curies":[{"name":"wp","href":"https:\/\/api.w.org\/{rel}","templated":true}]}}