{"id":68781,"date":"2025-10-16T17:41:28","date_gmt":"2025-10-16T15:41:28","guid":{"rendered":"https:\/\/imagazine.it\/home_desk\/?p=68781"},"modified":"2025-10-17T16:59:09","modified_gmt":"2025-10-17T14:59:09","slug":"agricoltura-meno-raccolto-buona-la-qualita-pesa-il-meteo","status":"publish","type":"post","link":"https:\/\/imagazine.it\/home_desk\/agricoltura-meno-raccolto-buona-la-qualita-pesa-il-meteo\/","title":{"rendered":"Agricoltura: meno raccolto, buona la qualit\u00e0. Pesa il meteo"},"content":{"rendered":"<p><span style=\"font-size: 10pt;\"><em>Coltivazione di kiwi<\/em><\/span><\/p>\n<p>UDINE \u2013 Il meteo ha ridotto in maniera contenuta ma comunque significativa i raccolti 2025 in Friuli Venezia Giulia.<\/p>\n<p>\u00c8 questo il quadro generale tracciato da <strong>Fedagripesca Confcooperative<\/strong> <strong>del Friuli Venezia Giulia<\/strong> (111 cooperative che fatturano complessivamente circa 640 milioni di euro), esaminando le stime delle principali cooperative agricole regionali alla luce dei conferimenti delle scorse settimane.<\/p>\n<p>Un quadro generale su cui pesa \u2013 fa notare <strong>Venanzio Francescutti<\/strong>, presidente di Fedagripesca Confcooperative Friuli Venezia Giulia \u2013 anche il tema del passaggio generazionale e quello dell\u2019incertezza dei mercati internazionali sull\u2019onda di dazi e scenari geopolitici.<\/p>\n<p>\u00abAnche nel 2025 \u2013 spiega Francescutti \u2013 le condizioni meteo hanno rappresentato uno dei maggiori elementi di instabilit\u00e0 rispetto alle previsioni di raccolto, mentre un elemento costante \u00e8 anche l\u2019elevato livello dei costi di produzione che pesa sui margini degli agricoltori. Le difficolt\u00e0 di passaggio generazionale nelle piccole aziende, che riscontriamo sia nell\u2019agricoltura che nella pesca, \u00e8 un tema di politica agricola sul quale misurarci perch\u00e9 potr\u00e0 incidere in maniera rilevante nei prossimi anni sotto il profilo della tipicit\u00e0 delle nostre produzioni e di un certo modo di vivere e interpretare le nostre campagne\u00bb.<\/p>\n<h3><strong>Viticoltura e vivaismo<\/strong><\/h3>\n<p>Nel settore del vino \u2013 dove le cantine cooperative coprono circa il 40% della produzione regionale, con percentuali ancora pi\u00f9 elevate per il Pinot Grigio \u2013 la qualit\u00e0 \u00e8 buona ma la quantit\u00e0 raccolta non ha sempre rispettato le aspettative pre-vendemmia, con cali nella quantit\u00e0 di uva conferita tra il 15% e il 20%, soprattutto a causa delle condizioni meteo negative di agosto con piogge eccessive, in particolare per la viticoltura di pianura, per la quale gi\u00e0 la vendemmia 2024 non aveva raggiunto livelli quantitativi elevati.<\/p>\n<p>Migliore invece la vendemmia nella zona collinare, fatta eccezione per le zone colpite dalle grandinate nei primi giorni di settembre.<\/p>\n<p>Cali simili sono attesi anche per le barbatelle il cui mercato \u00e8 condizionato dalla minore propensione all\u2019espansione dei vigneti.<\/p>\n<figure id=\"attachment_68782\" aria-describedby=\"caption-attachment-68782\" style=\"width: 1000px\" class=\"wp-caption aligncenter\"><img loading=\"lazy\" decoding=\"async\" class=\"size-full wp-image-68782\" src=\"https:\/\/imagazine.it\/wp-content\/uploads\/2025\/10\/Venanzio-Francescutti-2018.jpg\" alt=\"\" width=\"1000\" height=\"773\" title=\"\" srcset=\"https:\/\/imagazine.it\/wp-content\/uploads\/2025\/10\/Venanzio-Francescutti-2018.jpg 1000w, https:\/\/imagazine.it\/wp-content\/uploads\/2025\/10\/Venanzio-Francescutti-2018-300x232.jpg 300w, https:\/\/imagazine.it\/wp-content\/uploads\/2025\/10\/Venanzio-Francescutti-2018-768x594.jpg 768w\" sizes=\"auto, (max-width: 1000px) 100vw, 1000px\" \/><figcaption id=\"caption-attachment-68782\" class=\"wp-caption-text\">Venanzio Francescutti<\/figcaption><\/figure>\n<h3><strong>Cerealicoltura<\/strong><\/h3>\n<p>Per il mais e il girasole la produzione \u00e8 sulla norma, fatta eccezione per le aree colpite dalla grandine: aree distribuite a macchia di leopardo sul territorio regionale dove la produzione ha subito un calo anche del 30%.<\/p>\n<p>Per la soia si preannuncia un buon raccolto.<\/p>\n<p>\u00abA pesare sulle aziende cerealicole \u2013 spiega <strong>Daniele Castagnaviz<\/strong>, presidente di Confcooperative Friuli Venezia Giulia e del Comitato Grandi colture della Confcooperative Fedagripesca nazionale \u2013 \u00e8 soprattutto la compressione dei margini: i prezzi sono in forte calo mentre i costi di produzione sono cresciuti. ISMEA ha recentemente diffuso i dati sui costi di produzione per il grano tenero, coltivato anche nella nostra Regione: si parla di 230-240 euro a tonnellata. Dati di questo tipo indicano che le aziende cerealicole sono costrette a produrre in perdita\u00bb.<\/p>\n<h3><strong>Frutticoltura e patate<\/strong><\/h3>\n<p>Calo anche per le mele (-15% circa) e i kiwi conferiti alla cooperativa Fruttafriuli: nel caso di questi ultimi nei prossimi anni il raccolto dovrebbe crescere con l\u2019entrata in produzione di nuovi impianti e in particolare i kiwi gialli e rossi hanno ottime prospettive di mercato.<\/p>\n<p>Per l\u2019actinidia si conferma l\u2019importanza dell\u2019innovazione e degli investimenti alla luce della produttivit\u00e0 molto maggiore degli impianti pi\u00f9 recenti rispetto a quelli pi\u00f9 datati.<\/p>\n<p>Per le patate (Copropa) l\u2019incremento delle superfici ha sostenuto il raccolto, in particolare per le variet\u00e0 pi\u00f9 precoci che sono state meno colpite dall\u2019instabilit\u00e0 del meteo.<\/p>\n<p>\u00abNella frutticoltura sono diventate ormai indispensabili le reti antigrandine e, in generale, sono cresciuti in maniera importante gli investimenti necessari a realizzare nuovi impianti\u00bb, spiega Francescutti.<\/p>\n<p>Per le mele, una delle colture frutticole pi\u00f9 importanti per il Friuli Venezia Giulia, rispetto al passato si sono moltiplicate le variet\u00e0 coltivate, nell\u2019ambito di un settore dinamico ed in espansione in cui \u00e8 importante diversificare i mercati e affrontare significative sfide logistiche.<\/p>\n<h3><strong>Latte e zootecnia<\/strong><\/h3>\n<p>I prezzi alti che caratterizzano il settore da almeno un anno sono bilanciati dai costi di produzione anch\u2019essi elevati e su cui in particolare si ripercuotono i prezzi del settore cerealicolo.<\/p>\n<p>\u00c8 nel settore zootecnico, inoltre, come emerso in occasione dell\u2019ultima riunione del consiglio di Fedagripesca Fvg, che si registrano le maggiori preoccupazioni per il passaggio generazionale di tante aziende: 690 quelle associate alle 34 cooperative della filiera lattiero-casearia regionale.<\/p>\n","protected":false},"excerpt":{"rendered":"<p>Grandine e pioggia producono cali fino al 30% in alcune zone. Le stime 2025 in base ai conferimenti delle scorse settimane<\/p>\n","protected":false},"author":28,"featured_media":68783,"comment_status":"closed","ping_status":"closed","sticky":false,"template":"","format":"image","meta":{"dwc-title":[""],"dwc-content":[""],"footnotes":""},"categories":[5],"tags":[1373,66,2171,72],"class_list":["post-68781","post","type-post","status-publish","format-image","has-post-thumbnail","hentry","category-attualita","tag-agricoltura","tag-ambiente","tag-meteo","tag-natura","post_format-post-format-image"],"rttpg_featured_image_url":{"full":["https:\/\/imagazine.it\/wp-content\/uploads\/2025\/10\/kiwi-coop-Fruttafriuli.jpeg",1366,810,false],"landscape":["https:\/\/imagazine.it\/wp-content\/uploads\/2025\/10\/kiwi-coop-Fruttafriuli.jpeg",1366,810,false],"portraits":["https:\/\/imagazine.it\/wp-content\/uploads\/2025\/10\/kiwi-coop-Fruttafriuli.jpeg",1366,810,false],"thumbnail":["https:\/\/imagazine.it\/wp-content\/uploads\/2025\/10\/kiwi-coop-Fruttafriuli-150x150.jpeg",150,150,true],"medium":["https:\/\/imagazine.it\/wp-content\/uploads\/2025\/10\/kiwi-coop-Fruttafriuli-300x178.jpeg",300,178,true],"large":["https:\/\/imagazine.it\/wp-content\/uploads\/2025\/10\/kiwi-coop-Fruttafriuli-1024x607.jpeg",640,379,true],"thumblist":["https:\/\/imagazine.it\/wp-content\/uploads\/2025\/10\/kiwi-coop-Fruttafriuli-300x300.jpeg",300,300,true],"thumbrelated":["https:\/\/imagazine.it\/wp-content\/uploads\/2025\/10\/kiwi-coop-Fruttafriuli-500x500.jpeg",500,500,true],"meccarouselthumb":["https:\/\/imagazine.it\/wp-content\/uploads\/2025\/10\/kiwi-coop-Fruttafriuli-474x324.jpeg",474,324,true],"gridsquare":["https:\/\/imagazine.it\/wp-content\/uploads\/2025\/10\/kiwi-coop-Fruttafriuli-391x260.jpeg",391,260,true],"tileview":["https:\/\/imagazine.it\/wp-content\/uploads\/2025\/10\/kiwi-coop-Fruttafriuli-300x400.jpeg",300,400,true],"1536x1536":["https:\/\/imagazine.it\/wp-content\/uploads\/2025\/10\/kiwi-coop-Fruttafriuli.jpeg",1366,810,false],"2048x2048":["https:\/\/imagazine.it\/wp-content\/uploads\/2025\/10\/kiwi-coop-Fruttafriuli.jpeg",1366,810,false],"newsup-slider-full":["https:\/\/imagazine.it\/wp-content\/uploads\/2025\/10\/kiwi-coop-Fruttafriuli-1280x720.jpeg",1280,720,true],"newsup-featured":["https:\/\/imagazine.it\/wp-content\/uploads\/2025\/10\/kiwi-coop-Fruttafriuli-1024x607.jpeg",1024,607,true],"newsup-medium":["https:\/\/imagazine.it\/wp-content\/uploads\/2025\/10\/kiwi-coop-Fruttafriuli-720x380.jpeg",720,380,true],"tptn_thumbnail":["https:\/\/imagazine.it\/wp-content\/uploads\/2025\/10\/kiwi-coop-Fruttafriuli-250x210.jpeg",250,210,true],"sow-carousel-default":["https:\/\/imagazine.it\/wp-content\/uploads\/2025\/10\/kiwi-coop-Fruttafriuli-272x182.jpeg",272,182,true]},"rttpg_author":{"display_name":"redazione","author_link":"https:\/\/imagazine.it\/home_desk\/author\/redazione\/"},"rttpg_comment":0,"rttpg_category":"<a href=\"https:\/\/imagazine.it\/home_desk\/category\/attualita\/\" rel=\"category tag\">ATTUALIT\u00c0<\/a>","rttpg_excerpt":"Grandine e pioggia producono cali fino al 30% in alcune zone. Le stime 2025 in base ai conferimenti delle scorse settimane","_links":{"self":[{"href":"https:\/\/imagazine.it\/home_desk\/wp-json\/wp\/v2\/posts\/68781","targetHints":{"allow":["GET"]}}],"collection":[{"href":"https:\/\/imagazine.it\/home_desk\/wp-json\/wp\/v2\/posts"}],"about":[{"href":"https:\/\/imagazine.it\/home_desk\/wp-json\/wp\/v2\/types\/post"}],"author":[{"embeddable":true,"href":"https:\/\/imagazine.it\/home_desk\/wp-json\/wp\/v2\/users\/28"}],"replies":[{"embeddable":true,"href":"https:\/\/imagazine.it\/home_desk\/wp-json\/wp\/v2\/comments?post=68781"}],"version-history":[{"count":2,"href":"https:\/\/imagazine.it\/home_desk\/wp-json\/wp\/v2\/posts\/68781\/revisions"}],"predecessor-version":[{"id":68785,"href":"https:\/\/imagazine.it\/home_desk\/wp-json\/wp\/v2\/posts\/68781\/revisions\/68785"}],"wp:featuredmedia":[{"embeddable":true,"href":"https:\/\/imagazine.it\/home_desk\/wp-json\/wp\/v2\/media\/68783"}],"wp:attachment":[{"href":"https:\/\/imagazine.it\/home_desk\/wp-json\/wp\/v2\/media?parent=68781"}],"wp:term":[{"taxonomy":"category","embeddable":true,"href":"https:\/\/imagazine.it\/home_desk\/wp-json\/wp\/v2\/categories?post=68781"},{"taxonomy":"post_tag","embeddable":true,"href":"https:\/\/imagazine.it\/home_desk\/wp-json\/wp\/v2\/tags?post=68781"}],"curies":[{"name":"wp","href":"https:\/\/api.w.org\/{rel}","templated":true}]}}