{"id":68765,"date":"2025-10-16T13:04:14","date_gmt":"2025-10-16T11:04:14","guid":{"rendered":"https:\/\/imagazine.it\/home_desk\/?p=68765"},"modified":"2025-10-17T15:07:44","modified_gmt":"2025-10-17T13:07:44","slug":"cresce-la-piccola-formula-uno-elettrica-made-in-friuli","status":"publish","type":"post","link":"https:\/\/imagazine.it\/home_desk\/cresce-la-piccola-formula-uno-elettrica-made-in-friuli\/","title":{"rendered":"Cresce la piccola Formula Uno elettrica made in Friuli"},"content":{"rendered":"<p><span style=\"font-size: 10pt;\"><em>Il team Uniud E-Racing con Serena II Evo<\/em><\/span><\/p>\n<p>UDINE \u2013 Per la prima volta tutte le gare internazionali portate a termine, tre su tre; quarto posto alla valutazione del progetto; 11\u00b0 e 12\u00b0 posto su oltre 30 partecipanti in due delle tre competizioni.<\/p>\n<p>\u00c8 in crescita il bilancio della stagione di gare 2025 di Serena II Evo, la monoposto elettrica da competizione ideata e realizzata dai 50 studenti della scuderia dell\u2019Universit\u00e0 di Udine, l\u2019Uniud Racing Team.<\/p>\n<p>\u00c8 il terzo anno che il prototipo dell\u2019Ateneo friulano partecipa al campionato universitario studentesco Formula Student confrontandosi con squadre di tutta Europa.<\/p>\n<h3><strong>Nuova vettura nel 2027<\/strong><\/h3>\n<p>Un\u2019annata che guarda al futuro perch\u00e9 \u00e8 gi\u00e0 iniziata la progettazione di una vettura completamente nuova che scender\u00e0 in pista nel 2027.<\/p>\n<p>L\u2019obiettivo \u00e8 una macchina pi\u00f9 leggera e performante. Il team sta lavorando a un nuovo telaio, a un sistema di propulsione a due motori anzich\u00e9 singolo come adesso e a un nuovo pacco batteria.<\/p>\n<p>\u00abIl 2025 rappresenta una tappa fondamentale per il nostro percorso \u2013 spiega il coordinatore del progetto Uniud E-Racing Team, <strong>Luca Casarsa<\/strong> \u2013. Con Serena II Evo abbiamo raggiunto traguardi mai toccati prima, dimostrando la solidit\u00e0 tecnica del progetto e la determinazione del team\u00bb.<\/p>\n<p>\u00abOltre agli ottimi piazzamenti, torniamo dalle competizioni con feedback preziosi per migliorare ulteriormente la nostra monoposto per il 2026 \u2013 sottolinea il professor Casarsa \u2013. Un ringraziamento speciale va a tutti i partner, sponsor e sostenitori che hanno reso possibile questa esperienza\u00bb.<\/p>\n<h3><strong>Le gare <\/strong><\/h3>\n<p>La vettura ha partecipato a tre competizioni internazionali: l\u2019FS Easter in Ungheria, all\u2019FS Alpe Adria in Croazia e alla Formula Ata in Italia.<\/p>\n<p><iframe loading=\"lazy\" title=\"Serena II Evo, la nuova monoposto elettrica dell\u2019Universit\u00e0 di Udine\" width=\"640\" height=\"360\" src=\"https:\/\/www.youtube.com\/embed\/Mak_5bK1yfU?feature=oembed\" frameborder=\"0\" allow=\"accelerometer; autoplay; clipboard-write; encrypted-media; gyroscope; picture-in-picture; web-share\" referrerpolicy=\"strict-origin-when-cross-origin\" allowfullscreen><\/iframe><\/p>\n<p>La stagione \u00e8 iniziata in terra magiara, a Gy\u0151r\u00fajbar\u00e1t, con l\u2019FS Easter. La competizione \u00e8 stato un banco di prova per valutare lo stato della monoposto e allenare il team allo stress delle gare successive. Tutte le ispezioni tecniche sono state superate ed \u00e8 stata conclusa con successo la prova di endurance, ottenendo dai giudici ispettori dei riscontri fondamentali.<\/p>\n<p>Il miglior risultato di sempre \u00e8 stato raggiunto sul prestigioso circuito Bugatti-Rimac di Zagabria, che ospita una delle gare pi\u00f9 ambite del circuito Formula Student. Serena II Evo ha conquistato l\u201911esimo posto assoluto su 30 squadre, seconda squadra italiana in classifica, completando tutte le prove dinamiche, inclusa la prima endurance.<\/p>\n<p>A Varano de\u2019 Melegari l\u2019Uniud E-racing team ha partecipato a Formula Ata, l\u2019evento che tradizionalmente conclude la stagione. Anche in questa occasione sono state portate a termine tutte le prove statiche e dinamiche, confermando la solidit\u00e0 del progetto e la crescita del team. Tra i risultati spicca il 4\u00b0 posto nella Business plan presentation e il 12\u00b0 nella classifica generale.<\/p>\n<h3><strong>Serena II Evo<\/strong><\/h3>\n<p>La piccola Formula uno elettrica dell\u2019Ateneo friulano raggiunge i 120 chilometri orari, ha un motore da 80 chilowatt di potenza (circa 100 cavalli) e pesa 295 chilogrammi.<\/p>\n<p>Il progetto l\u2019Uniud Racing Team, capofila il Dipartimento Politecnico di ingegneria e architettura, \u00e8 nato nel 2021 all\u2019Uniud Lab Village, il polo di ricerca applicata e integrata con le imprese dell\u2019Ateneo.<\/p>\n<p>La monoposto \u2013 i colori \u201csociali\u201d sono bianco, blu e nero \u2013 ha debuttato in pista nel 2023. Il valore del progetto \u00e8 di circa 100 mila euro finanziati dall\u2019Ateneo e da 33 aziende ed enti che collaborano e lo sostengono con risorse e componentistica.<\/p>\n","protected":false},"excerpt":{"rendered":"<p>La monoposto ideata e realizzata dagli studenti dell\u2019Universit\u00e0 di Udine \u00e8 scesa in pista in Ungheria, Croazia e Italia e nel 2027 sar\u00e0 pronta una nuova vettura gi\u00e0 in progettazione<\/p>\n","protected":false},"author":28,"featured_media":68766,"comment_status":"closed","ping_status":"closed","sticky":false,"template":"","format":"image","meta":{"dwc-title":[""],"dwc-content":[""],"footnotes":""},"categories":[38],"tags":[1287,898,98,101,206],"class_list":["post-68765","post","type-post","status-publish","format-image","has-post-thumbnail","hentry","category-sport","tag-auto","tag-motori","tag-ricerca","tag-udine","tag-uniud","post_format-post-format-image"],"rttpg_featured_image_url":{"full":["https:\/\/imagazine.it\/wp-content\/uploads\/2025\/10\/Il-team-Uniud-E-Racing-con-Serena-II-Evo.jpg",1366,788,false],"landscape":["https:\/\/imagazine.it\/wp-content\/uploads\/2025\/10\/Il-team-Uniud-E-Racing-con-Serena-II-Evo.jpg",1366,788,false],"portraits":["https:\/\/imagazine.it\/wp-content\/uploads\/2025\/10\/Il-team-Uniud-E-Racing-con-Serena-II-Evo.jpg",1366,788,false],"thumbnail":["https:\/\/imagazine.it\/wp-content\/uploads\/2025\/10\/Il-team-Uniud-E-Racing-con-Serena-II-Evo-150x150.jpg",150,150,true],"medium":["https:\/\/imagazine.it\/wp-content\/uploads\/2025\/10\/Il-team-Uniud-E-Racing-con-Serena-II-Evo-300x173.jpg",300,173,true],"large":["https:\/\/imagazine.it\/wp-content\/uploads\/2025\/10\/Il-team-Uniud-E-Racing-con-Serena-II-Evo-1024x591.jpg",640,369,true],"thumblist":["https:\/\/imagazine.it\/wp-content\/uploads\/2025\/10\/Il-team-Uniud-E-Racing-con-Serena-II-Evo-300x300.jpg",300,300,true],"thumbrelated":["https:\/\/imagazine.it\/wp-content\/uploads\/2025\/10\/Il-team-Uniud-E-Racing-con-Serena-II-Evo-500x500.jpg",500,500,true],"meccarouselthumb":["https:\/\/imagazine.it\/wp-content\/uploads\/2025\/10\/Il-team-Uniud-E-Racing-con-Serena-II-Evo-474x324.jpg",474,324,true],"gridsquare":["https:\/\/imagazine.it\/wp-content\/uploads\/2025\/10\/Il-team-Uniud-E-Racing-con-Serena-II-Evo-391x260.jpg",391,260,true],"tileview":["https:\/\/imagazine.it\/wp-content\/uploads\/2025\/10\/Il-team-Uniud-E-Racing-con-Serena-II-Evo-300x400.jpg",300,400,true],"1536x1536":["https:\/\/imagazine.it\/wp-content\/uploads\/2025\/10\/Il-team-Uniud-E-Racing-con-Serena-II-Evo.jpg",1366,788,false],"2048x2048":["https:\/\/imagazine.it\/wp-content\/uploads\/2025\/10\/Il-team-Uniud-E-Racing-con-Serena-II-Evo.jpg",1366,788,false],"newsup-slider-full":["https:\/\/imagazine.it\/wp-content\/uploads\/2025\/10\/Il-team-Uniud-E-Racing-con-Serena-II-Evo-1280x720.jpg",1280,720,true],"newsup-featured":["https:\/\/imagazine.it\/wp-content\/uploads\/2025\/10\/Il-team-Uniud-E-Racing-con-Serena-II-Evo-1024x591.jpg",1024,591,true],"newsup-medium":["https:\/\/imagazine.it\/wp-content\/uploads\/2025\/10\/Il-team-Uniud-E-Racing-con-Serena-II-Evo-720x380.jpg",720,380,true],"tptn_thumbnail":["https:\/\/imagazine.it\/wp-content\/uploads\/2025\/10\/Il-team-Uniud-E-Racing-con-Serena-II-Evo-250x210.jpg",250,210,true],"sow-carousel-default":["https:\/\/imagazine.it\/wp-content\/uploads\/2025\/10\/Il-team-Uniud-E-Racing-con-Serena-II-Evo-272x182.jpg",272,182,true]},"rttpg_author":{"display_name":"redazione","author_link":"https:\/\/imagazine.it\/home_desk\/author\/redazione\/"},"rttpg_comment":0,"rttpg_category":"<a href=\"https:\/\/imagazine.it\/home_desk\/category\/sport\/\" rel=\"category tag\">SPORT<\/a>","rttpg_excerpt":"La monoposto ideata e realizzata dagli studenti dell\u2019Universit\u00e0 di Udine \u00e8 scesa in pista in Ungheria, Croazia e Italia e nel 2027 sar\u00e0 pronta una nuova vettura gi\u00e0 in progettazione","_links":{"self":[{"href":"https:\/\/imagazine.it\/home_desk\/wp-json\/wp\/v2\/posts\/68765","targetHints":{"allow":["GET"]}}],"collection":[{"href":"https:\/\/imagazine.it\/home_desk\/wp-json\/wp\/v2\/posts"}],"about":[{"href":"https:\/\/imagazine.it\/home_desk\/wp-json\/wp\/v2\/types\/post"}],"author":[{"embeddable":true,"href":"https:\/\/imagazine.it\/home_desk\/wp-json\/wp\/v2\/users\/28"}],"replies":[{"embeddable":true,"href":"https:\/\/imagazine.it\/home_desk\/wp-json\/wp\/v2\/comments?post=68765"}],"version-history":[{"count":2,"href":"https:\/\/imagazine.it\/home_desk\/wp-json\/wp\/v2\/posts\/68765\/revisions"}],"predecessor-version":[{"id":68769,"href":"https:\/\/imagazine.it\/home_desk\/wp-json\/wp\/v2\/posts\/68765\/revisions\/68769"}],"wp:featuredmedia":[{"embeddable":true,"href":"https:\/\/imagazine.it\/home_desk\/wp-json\/wp\/v2\/media\/68766"}],"wp:attachment":[{"href":"https:\/\/imagazine.it\/home_desk\/wp-json\/wp\/v2\/media?parent=68765"}],"wp:term":[{"taxonomy":"category","embeddable":true,"href":"https:\/\/imagazine.it\/home_desk\/wp-json\/wp\/v2\/categories?post=68765"},{"taxonomy":"post_tag","embeddable":true,"href":"https:\/\/imagazine.it\/home_desk\/wp-json\/wp\/v2\/tags?post=68765"}],"curies":[{"name":"wp","href":"https:\/\/api.w.org\/{rel}","templated":true}]}}