{"id":68684,"date":"2025-10-05T17:27:27","date_gmt":"2025-10-05T15:27:27","guid":{"rendered":"https:\/\/imagazine.it\/home_desk\/?p=68684"},"modified":"2025-10-13T17:43:25","modified_gmt":"2025-10-13T15:43:25","slug":"gli-studenti-ripuliscono-la-sporcizia-degli-adulti","status":"publish","type":"post","link":"https:\/\/imagazine.it\/home_desk\/gli-studenti-ripuliscono-la-sporcizia-degli-adulti\/","title":{"rendered":"Gli studenti ripuliscono la sporcizia degli adulti"},"content":{"rendered":"<p><span style=\"font-size: 10pt;\"><em>I mozziconi raccolti alla giornata ecologica di Aiello<\/em><\/span><\/p>\n<p>AIELLO DEL FRIULI \u2013 Il <strong>Consiglio Comunale dei Ragazzi<\/strong>, in collaborazione con la <strong>Protezione Civile<\/strong>, ha organizzato ad Aiello la <strong><em>Giornata Ecologica<\/em><\/strong>.<\/p>\n<p>All\u2019evento hanno partecipato alcuni studenti delle scuole primarie e secondarie di primo grado, genitori e volontari, tutti uniti dall\u2019obiettivo comune di prendersi cura del proprio paese.<\/p>\n<p>Muniti di guanti, sacchi e tanta buona volont\u00e0, i giovani consiglieri e i loro compagni hanno ripulito marciapiedi e spazi pubblici.<\/p>\n<p>Partiti dalla sede della Protezione Civile, sono stati divisi in quattro gruppi, due diretti verso Aiello e due verso Joannis; hanno raccolto rifiuti, contribuendo a rendere il territorio pi\u00f9 pulito e accogliente.<\/p>\n<p>L\u2019attivit\u00e0, promossa in collaborazione con l\u2019amministrazione comunale, ha rappresentato anche un momento educativo, per ricordare quanto siano importanti i piccoli gesti quotidiani nella tutela dell\u2019ambiente.<\/p>\n<p>\u201cSiamo orgogliosi dei nostri ragazzi \u2013 ha commentato la vicesindaca <strong>Lucia Giaiot<\/strong> \u2013 perch\u00e9 con il loro entusiasmo e senso civico ci ricordano che la cura del paese \u00e8 responsabilit\u00e0 di tutti\u201d.<\/p>\n<p>Dopo un paio d\u2019ore di lavoro, si sono ritrovati nella sede di partenza, proseguendo il lavoro differenziando i rifiuti raccolti: plastica, carta, molti mozziconi di sigarette, vetro\u2026<\/p>\n<p>Alla fine, orgogliosi di quanto fatto, hanno concluso la mattinata con un momento conviviale organizzato dalla Protezione Civile e con la soddisfazione di aver lasciato un segno concreto a favore dell\u2019ambiente e della comunit\u00e0.<\/p>\n","protected":false},"excerpt":{"rendered":"<p>Plastica, carta, vetro e mozziconi di sigarette. Successo per la giornata ecologica promossa dal Consiglio Comunale dei Ragazzi di Aiello <\/p>\n","protected":false},"author":22,"featured_media":68685,"comment_status":"closed","ping_status":"closed","sticky":false,"template":"","format":"image","meta":{"dwc-title":[""],"dwc-content":[""],"footnotes":""},"categories":[5],"tags":[126,66,2476,72,1082,128],"class_list":["post-68684","post","type-post","status-publish","format-image","has-post-thumbnail","hentry","category-attualita","tag-aiello","tag-ambiente","tag-ecologia","tag-natura","tag-rifiuti","tag-studenti","post_format-post-format-image"],"rttpg_featured_image_url":{"full":["https:\/\/imagazine.it\/wp-content\/uploads\/2025\/10\/giornata-ecologica-12-10-2025-02.jpg",1366,1023,false],"landscape":["https:\/\/imagazine.it\/wp-content\/uploads\/2025\/10\/giornata-ecologica-12-10-2025-02.jpg",1366,1023,false],"portraits":["https:\/\/imagazine.it\/wp-content\/uploads\/2025\/10\/giornata-ecologica-12-10-2025-02.jpg",1366,1023,false],"thumbnail":["https:\/\/imagazine.it\/wp-content\/uploads\/2025\/10\/giornata-ecologica-12-10-2025-02-150x150.jpg",150,150,true],"medium":["https:\/\/imagazine.it\/wp-content\/uploads\/2025\/10\/giornata-ecologica-12-10-2025-02-300x225.jpg",300,225,true],"large":["https:\/\/imagazine.it\/wp-content\/uploads\/2025\/10\/giornata-ecologica-12-10-2025-02-1024x767.jpg",640,479,true],"thumblist":["https:\/\/imagazine.it\/wp-content\/uploads\/2025\/10\/giornata-ecologica-12-10-2025-02-300x300.jpg",300,300,true],"thumbrelated":["https:\/\/imagazine.it\/wp-content\/uploads\/2025\/10\/giornata-ecologica-12-10-2025-02-500x500.jpg",500,500,true],"meccarouselthumb":["https:\/\/imagazine.it\/wp-content\/uploads\/2025\/10\/giornata-ecologica-12-10-2025-02-474x324.jpg",474,324,true],"gridsquare":["https:\/\/imagazine.it\/wp-content\/uploads\/2025\/10\/giornata-ecologica-12-10-2025-02-391x260.jpg",391,260,true],"tileview":["https:\/\/imagazine.it\/wp-content\/uploads\/2025\/10\/giornata-ecologica-12-10-2025-02-300x400.jpg",300,400,true],"1536x1536":["https:\/\/imagazine.it\/wp-content\/uploads\/2025\/10\/giornata-ecologica-12-10-2025-02.jpg",1366,1023,false],"2048x2048":["https:\/\/imagazine.it\/wp-content\/uploads\/2025\/10\/giornata-ecologica-12-10-2025-02.jpg",1366,1023,false],"newsup-slider-full":["https:\/\/imagazine.it\/wp-content\/uploads\/2025\/10\/giornata-ecologica-12-10-2025-02-1280x720.jpg",1280,720,true],"newsup-featured":["https:\/\/imagazine.it\/wp-content\/uploads\/2025\/10\/giornata-ecologica-12-10-2025-02-1024x767.jpg",1024,767,true],"newsup-medium":["https:\/\/imagazine.it\/wp-content\/uploads\/2025\/10\/giornata-ecologica-12-10-2025-02-720x380.jpg",720,380,true],"tptn_thumbnail":["https:\/\/imagazine.it\/wp-content\/uploads\/2025\/10\/giornata-ecologica-12-10-2025-02-250x210.jpg",250,210,true],"sow-carousel-default":["https:\/\/imagazine.it\/wp-content\/uploads\/2025\/10\/giornata-ecologica-12-10-2025-02-272x182.jpg",272,182,true]},"rttpg_author":{"display_name":"Livio Nonis","author_link":"https:\/\/imagazine.it\/home_desk\/author\/nonis\/"},"rttpg_comment":0,"rttpg_category":"<a href=\"https:\/\/imagazine.it\/home_desk\/category\/attualita\/\" rel=\"category tag\">ATTUALIT\u00c0<\/a>","rttpg_excerpt":"Plastica, carta, vetro e mozziconi di sigarette. Successo per la giornata ecologica promossa dal Consiglio Comunale dei Ragazzi di Aiello","_links":{"self":[{"href":"https:\/\/imagazine.it\/home_desk\/wp-json\/wp\/v2\/posts\/68684","targetHints":{"allow":["GET"]}}],"collection":[{"href":"https:\/\/imagazine.it\/home_desk\/wp-json\/wp\/v2\/posts"}],"about":[{"href":"https:\/\/imagazine.it\/home_desk\/wp-json\/wp\/v2\/types\/post"}],"author":[{"embeddable":true,"href":"https:\/\/imagazine.it\/home_desk\/wp-json\/wp\/v2\/users\/22"}],"replies":[{"embeddable":true,"href":"https:\/\/imagazine.it\/home_desk\/wp-json\/wp\/v2\/comments?post=68684"}],"version-history":[{"count":2,"href":"https:\/\/imagazine.it\/home_desk\/wp-json\/wp\/v2\/posts\/68684\/revisions"}],"predecessor-version":[{"id":68687,"href":"https:\/\/imagazine.it\/home_desk\/wp-json\/wp\/v2\/posts\/68684\/revisions\/68687"}],"wp:featuredmedia":[{"embeddable":true,"href":"https:\/\/imagazine.it\/home_desk\/wp-json\/wp\/v2\/media\/68685"}],"wp:attachment":[{"href":"https:\/\/imagazine.it\/home_desk\/wp-json\/wp\/v2\/media?parent=68684"}],"wp:term":[{"taxonomy":"category","embeddable":true,"href":"https:\/\/imagazine.it\/home_desk\/wp-json\/wp\/v2\/categories?post=68684"},{"taxonomy":"post_tag","embeddable":true,"href":"https:\/\/imagazine.it\/home_desk\/wp-json\/wp\/v2\/tags?post=68684"}],"curies":[{"name":"wp","href":"https:\/\/api.w.org\/{rel}","templated":true}]}}