{"id":68620,"date":"2025-09-28T10:58:52","date_gmt":"2025-09-28T08:58:52","guid":{"rendered":"https:\/\/imagazine.it\/home_desk\/?p=68620"},"modified":"2025-10-10T11:10:08","modified_gmt":"2025-10-10T09:10:08","slug":"tumori-al-seno-in-400-a-sostegno-della-ricerca","status":"publish","type":"post","link":"https:\/\/imagazine.it\/home_desk\/tumori-al-seno-in-400-a-sostegno-della-ricerca\/","title":{"rendered":"Tumori al seno: in 400 a sostegno della ricerca"},"content":{"rendered":"<p><span style=\"font-size: 10pt;\"><em>La festa finale<\/em><\/span><\/p>\n<p>CAMPOLONGO TAPOGLIANO \u2013 &#8220;<strong><em>Walk for the Cure<\/em><\/strong>&#8221; ha coinvolto quasi 400 persone.<\/p>\n<p>L&#8217;evento aveva l&#8217;obiettivo di <strong>raccogliere fondi per i progetti di Komen Italia<\/strong>, un&#8217;organizzazione che da anni finanzia la ricerca per la lotta contro i tumori al seno. I partecipanti hanno potuto scegliere una camminata con <strong>due percorsi, da 6 e 10 chilometri<\/strong>, adatti a tutte le et\u00e0.<\/p>\n<p>I tracciati hanno costeggiato il torrente Torre per poi addentrarsi nel paese e terminare nei pressi dell&#8217;ex palazzo comunale.<\/p>\n<p>L&#8217;organizzazione \u00e8 stata un successo grazie all&#8217;impegno del <strong>Circolo Culturale Corsig<\/strong>, della <strong>Protezione Civile<\/strong> locale, che ha curato il percorso, dell&#8217;Amministrazione comunale e dei tanti volontari che si sono adoperati per la buona riuscita dell&#8217;evento.<\/p>\n<p>La comunit\u00e0 ha inoltre preparato il buffet che i partecipanti hanno potuto gustare. Dopo i saluti del sindaco <strong>Gabriele Gregorat<\/strong>, <strong>Chiara Dal Fiume<\/strong>, responsabile della raccolta fondi, ha illustrato l&#8217;impegno ventennale di Komen Italia nell&#8217;aiutare le donne a fare prevenzione e a sostenerle durante la malattia. Ha spiegato che a ottobre, mese internazionale della prevenzione, si terranno diversi screening.<\/p>\n<p>Ha inoltre sottolineato l&#8217;importanza del progetto &#8220;<em>La Carovana della Prevenzione<\/em>&#8220;, che con sette camper-unit\u00e0 mobili si muove in tutta Italia per portare la prevenzione in aree meno accessibili.<\/p>\n<p>Infine, ha specificato che l&#8217;associazione finanzia progetti specifici nella provincia di Udine e a Monfalcone.<\/p>\n<figure id=\"attachment_68621\" aria-describedby=\"caption-attachment-68621\" style=\"width: 1000px\" class=\"wp-caption aligncenter\"><img loading=\"lazy\" decoding=\"async\" class=\"size-full wp-image-68621\" src=\"https:\/\/imagazine.it\/wp-content\/uploads\/2025\/10\/walk-for-the-cure-01-conclusione-2025.jpg\" alt=\"\" width=\"1000\" height=\"648\" title=\"\" srcset=\"https:\/\/imagazine.it\/wp-content\/uploads\/2025\/10\/walk-for-the-cure-01-conclusione-2025.jpg 1000w, https:\/\/imagazine.it\/wp-content\/uploads\/2025\/10\/walk-for-the-cure-01-conclusione-2025-300x194.jpg 300w, https:\/\/imagazine.it\/wp-content\/uploads\/2025\/10\/walk-for-the-cure-01-conclusione-2025-768x498.jpg 768w\" sizes=\"auto, (max-width: 1000px) 100vw, 1000px\" \/><figcaption id=\"caption-attachment-68621\" class=\"wp-caption-text\">I partecipanti in cammino<\/figcaption><\/figure>\n<p>Per il prossimo anno \u00e8 gi\u00e0 in programma la quarta edizione della camminata. L&#8217;obiettivo \u00e8 organizzare per il giorno seguente un convegno, utile non solo per sensibilizzare il pubblico, ma anche per aggiornare sui progressi della ricerca in questo campo.<\/p>\n","protected":false},"excerpt":{"rendered":"<p>Affollata partecipazione a Campolongo Tapogliano per la terza edizione di &#8220;Walk for the Cure&#8221;<\/p>\n","protected":false},"author":22,"featured_media":68623,"comment_status":"closed","ping_status":"closed","sticky":false,"template":"","format":"image","meta":{"dwc-title":[""],"dwc-content":[""],"footnotes":""},"categories":[5],"tags":[1822,376,98,145,377],"class_list":["post-68620","post","type-post","status-publish","format-image","has-post-thumbnail","hentry","category-attualita","tag-cammino","tag-campolongo","tag-ricerca","tag-solidarieta","tag-tapogliano","post_format-post-format-image"],"rttpg_featured_image_url":{"full":["https:\/\/imagazine.it\/wp-content\/uploads\/2025\/10\/walk-for-the-cure-03-conclusione-2025.jpg",1366,775,false],"landscape":["https:\/\/imagazine.it\/wp-content\/uploads\/2025\/10\/walk-for-the-cure-03-conclusione-2025.jpg",1366,775,false],"portraits":["https:\/\/imagazine.it\/wp-content\/uploads\/2025\/10\/walk-for-the-cure-03-conclusione-2025.jpg",1366,775,false],"thumbnail":["https:\/\/imagazine.it\/wp-content\/uploads\/2025\/10\/walk-for-the-cure-03-conclusione-2025-150x150.jpg",150,150,true],"medium":["https:\/\/imagazine.it\/wp-content\/uploads\/2025\/10\/walk-for-the-cure-03-conclusione-2025-300x170.jpg",300,170,true],"large":["https:\/\/imagazine.it\/wp-content\/uploads\/2025\/10\/walk-for-the-cure-03-conclusione-2025-1024x581.jpg",640,363,true],"thumblist":["https:\/\/imagazine.it\/wp-content\/uploads\/2025\/10\/walk-for-the-cure-03-conclusione-2025-300x300.jpg",300,300,true],"thumbrelated":["https:\/\/imagazine.it\/wp-content\/uploads\/2025\/10\/walk-for-the-cure-03-conclusione-2025-500x500.jpg",500,500,true],"meccarouselthumb":["https:\/\/imagazine.it\/wp-content\/uploads\/2025\/10\/walk-for-the-cure-03-conclusione-2025-474x324.jpg",474,324,true],"gridsquare":["https:\/\/imagazine.it\/wp-content\/uploads\/2025\/10\/walk-for-the-cure-03-conclusione-2025-391x260.jpg",391,260,true],"tileview":["https:\/\/imagazine.it\/wp-content\/uploads\/2025\/10\/walk-for-the-cure-03-conclusione-2025-300x400.jpg",300,400,true],"1536x1536":["https:\/\/imagazine.it\/wp-content\/uploads\/2025\/10\/walk-for-the-cure-03-conclusione-2025.jpg",1366,775,false],"2048x2048":["https:\/\/imagazine.it\/wp-content\/uploads\/2025\/10\/walk-for-the-cure-03-conclusione-2025.jpg",1366,775,false],"newsup-slider-full":["https:\/\/imagazine.it\/wp-content\/uploads\/2025\/10\/walk-for-the-cure-03-conclusione-2025-1280x720.jpg",1280,720,true],"newsup-featured":["https:\/\/imagazine.it\/wp-content\/uploads\/2025\/10\/walk-for-the-cure-03-conclusione-2025-1024x581.jpg",1024,581,true],"newsup-medium":["https:\/\/imagazine.it\/wp-content\/uploads\/2025\/10\/walk-for-the-cure-03-conclusione-2025-720x380.jpg",720,380,true],"tptn_thumbnail":["https:\/\/imagazine.it\/wp-content\/uploads\/2025\/10\/walk-for-the-cure-03-conclusione-2025-250x210.jpg",250,210,true],"sow-carousel-default":["https:\/\/imagazine.it\/wp-content\/uploads\/2025\/10\/walk-for-the-cure-03-conclusione-2025-272x182.jpg",272,182,true]},"rttpg_author":{"display_name":"Livio Nonis","author_link":"https:\/\/imagazine.it\/home_desk\/author\/nonis\/"},"rttpg_comment":0,"rttpg_category":"<a href=\"https:\/\/imagazine.it\/home_desk\/category\/attualita\/\" rel=\"category tag\">ATTUALIT\u00c0<\/a>","rttpg_excerpt":"Affollata partecipazione a Campolongo Tapogliano per la terza edizione di \"Walk for the Cure\"","_links":{"self":[{"href":"https:\/\/imagazine.it\/home_desk\/wp-json\/wp\/v2\/posts\/68620","targetHints":{"allow":["GET"]}}],"collection":[{"href":"https:\/\/imagazine.it\/home_desk\/wp-json\/wp\/v2\/posts"}],"about":[{"href":"https:\/\/imagazine.it\/home_desk\/wp-json\/wp\/v2\/types\/post"}],"author":[{"embeddable":true,"href":"https:\/\/imagazine.it\/home_desk\/wp-json\/wp\/v2\/users\/22"}],"replies":[{"embeddable":true,"href":"https:\/\/imagazine.it\/home_desk\/wp-json\/wp\/v2\/comments?post=68620"}],"version-history":[{"count":1,"href":"https:\/\/imagazine.it\/home_desk\/wp-json\/wp\/v2\/posts\/68620\/revisions"}],"predecessor-version":[{"id":68624,"href":"https:\/\/imagazine.it\/home_desk\/wp-json\/wp\/v2\/posts\/68620\/revisions\/68624"}],"wp:featuredmedia":[{"embeddable":true,"href":"https:\/\/imagazine.it\/home_desk\/wp-json\/wp\/v2\/media\/68623"}],"wp:attachment":[{"href":"https:\/\/imagazine.it\/home_desk\/wp-json\/wp\/v2\/media?parent=68620"}],"wp:term":[{"taxonomy":"category","embeddable":true,"href":"https:\/\/imagazine.it\/home_desk\/wp-json\/wp\/v2\/categories?post=68620"},{"taxonomy":"post_tag","embeddable":true,"href":"https:\/\/imagazine.it\/home_desk\/wp-json\/wp\/v2\/tags?post=68620"}],"curies":[{"name":"wp","href":"https:\/\/api.w.org\/{rel}","templated":true}]}}