{"id":68609,"date":"2025-10-09T17:34:57","date_gmt":"2025-10-09T15:34:57","guid":{"rendered":"https:\/\/imagazine.it\/home_desk\/?p=68609"},"modified":"2025-10-09T17:34:57","modified_gmt":"2025-10-09T15:34:57","slug":"grado-in-partenza-il-servizio-di-doposcuola","status":"publish","type":"post","link":"https:\/\/imagazine.it\/home_desk\/grado-in-partenza-il-servizio-di-doposcuola\/","title":{"rendered":"Grado: in partenza il servizio di doposcuola"},"content":{"rendered":"<p>GRADO \u2013 Partir\u00e0 a met\u00e0 ottobre \u201c<em>Fare i compiti insieme d\u00e0 &#8230; SPES<\/em>\u201d grazie a un contributo della Fondazione CA.RI.GO e della Parrocchia.<\/p>\n<p>L&#8217;Associazione Noi Spes Grado &#8211; Aps offrir\u00e0 un supporto qualificato per lo studio ai <strong>ragazzi delle scuole primarie e secondarie di primo grado<\/strong>.<\/p>\n<p>L&#8217;obiettivo \u00e8 aiutarli con i compiti e le ricerche, accompagnandoli nel loro percorso di apprendimento.<\/p>\n<p>Il Ricreatorio SPES, grazie a una recente ristrutturazione, \u00e8 un luogo d&#8217;incontro con ampi spazi esterni e interni, un locale dedicato \u00e8 stato attrezzato con tecnologia e risorse didattiche per creare un ambiente educativo moderno.<\/p>\n<p>Questa struttura permette di personalizzare l&#8217;esperienza di apprendimento, supportando lo studio in base alle esigenze di ogni studente.<\/p>\n<p>Studiare da soli \u00e8 spesso una sfida, dato che i genitori non sempre riescono a supportare i figli, per cui l&#8217;ambiente di studio diventa cruciale. Un luogo strutturato e un supporto che incoraggia l&#8217;autonomia, anzich\u00e9 il controllo, accendono il desiderio di imparare.<\/p>\n<p>I tutor si dedicheranno a trasmettere il valore dell&#8217;apprendimento, aiutando i ragazzi a coltivare la curiosit\u00e0 e a vedere lo studio come un&#8217;opportunit\u00e0 per sviluppare competenze, ampliare le proprie prospettive e contribuire al proprio benessere e a quello della comunit\u00e0.<\/p>\n<p>Gli obiettivi sono il contrasto alla povert\u00e0 educativa, garantendo un apprendimento equo e inclusivo, potenziare le competenze dei ragazzi coinvolgendo gli attori del territorio e puntando sul protagonismo delle nuove generazioni e creare un gruppo di tutor motivati, fornendo loro gli strumenti per replicare l&#8217;esperienza.<\/p>\n<p>L&#8217;iniziativa si basa sull&#8217;insegnamento tra pari (<em>peer tutoring<\/em>) e sulla comprensione delle dinamiche di gruppo per motivare al meglio i ragazzi.<\/p>\n<p>Tra i risultati attesi, spiccano lo sviluppo di servizi accessibili per una societ\u00e0 inclusiva e il rafforzamento dei valori per guidare le azioni, si punta a migliorare le competenze di <em>problem solving<\/em> e a ridurre l&#8217;esclusione sociale, potenziando le relazioni.<\/p>\n<p>Il progetto prevede anche la documentazione del modello di collaborazione e il coinvolgimento attivo di istituzioni e realt\u00e0 locali, per garantire la replicabilit\u00e0 e la sostenibilit\u00e0 dell&#8217;iniziativa.<\/p>\n","protected":false},"excerpt":{"rendered":"<p>Nei locali dello Spes offrir\u00e0 un supporto qualificato per lo studio ai ragazzi delle scuole primarie e medie<\/p>\n","protected":false},"author":22,"featured_media":68610,"comment_status":"closed","ping_status":"closed","sticky":false,"template":"","format":"image","meta":{"dwc-title":[""],"dwc-content":[""],"footnotes":""},"categories":[5],"tags":[2689,83,174],"class_list":["post-68609","post","type-post","status-publish","format-image","has-post-thumbnail","hentry","category-attualita","tag-doposcuola","tag-giovani","tag-grado","post_format-post-format-image"],"rttpg_featured_image_url":{"full":["https:\/\/imagazine.it\/wp-content\/uploads\/2025\/10\/compiti.jpg",1366,902,false],"landscape":["https:\/\/imagazine.it\/wp-content\/uploads\/2025\/10\/compiti.jpg",1366,902,false],"portraits":["https:\/\/imagazine.it\/wp-content\/uploads\/2025\/10\/compiti.jpg",1366,902,false],"thumbnail":["https:\/\/imagazine.it\/wp-content\/uploads\/2025\/10\/compiti-150x150.jpg",150,150,true],"medium":["https:\/\/imagazine.it\/wp-content\/uploads\/2025\/10\/compiti-300x198.jpg",300,198,true],"large":["https:\/\/imagazine.it\/wp-content\/uploads\/2025\/10\/compiti-1024x676.jpg",640,423,true],"thumblist":["https:\/\/imagazine.it\/wp-content\/uploads\/2025\/10\/compiti-300x300.jpg",300,300,true],"thumbrelated":["https:\/\/imagazine.it\/wp-content\/uploads\/2025\/10\/compiti-500x500.jpg",500,500,true],"meccarouselthumb":["https:\/\/imagazine.it\/wp-content\/uploads\/2025\/10\/compiti-474x324.jpg",474,324,true],"gridsquare":["https:\/\/imagazine.it\/wp-content\/uploads\/2025\/10\/compiti-391x260.jpg",391,260,true],"tileview":["https:\/\/imagazine.it\/wp-content\/uploads\/2025\/10\/compiti-300x400.jpg",300,400,true],"1536x1536":["https:\/\/imagazine.it\/wp-content\/uploads\/2025\/10\/compiti.jpg",1366,902,false],"2048x2048":["https:\/\/imagazine.it\/wp-content\/uploads\/2025\/10\/compiti.jpg",1366,902,false],"newsup-slider-full":["https:\/\/imagazine.it\/wp-content\/uploads\/2025\/10\/compiti-1280x720.jpg",1280,720,true],"newsup-featured":["https:\/\/imagazine.it\/wp-content\/uploads\/2025\/10\/compiti-1024x676.jpg",1024,676,true],"newsup-medium":["https:\/\/imagazine.it\/wp-content\/uploads\/2025\/10\/compiti-720x380.jpg",720,380,true],"tptn_thumbnail":["https:\/\/imagazine.it\/wp-content\/uploads\/2025\/10\/compiti-250x210.jpg",250,210,true],"sow-carousel-default":["https:\/\/imagazine.it\/wp-content\/uploads\/2025\/10\/compiti-272x182.jpg",272,182,true]},"rttpg_author":{"display_name":"Livio Nonis","author_link":"https:\/\/imagazine.it\/home_desk\/author\/nonis\/"},"rttpg_comment":0,"rttpg_category":"<a href=\"https:\/\/imagazine.it\/home_desk\/category\/attualita\/\" rel=\"category tag\">ATTUALIT\u00c0<\/a>","rttpg_excerpt":"Nei locali dello Spes offrir\u00e0 un supporto qualificato per lo studio ai ragazzi delle scuole primarie e medie","_links":{"self":[{"href":"https:\/\/imagazine.it\/home_desk\/wp-json\/wp\/v2\/posts\/68609","targetHints":{"allow":["GET"]}}],"collection":[{"href":"https:\/\/imagazine.it\/home_desk\/wp-json\/wp\/v2\/posts"}],"about":[{"href":"https:\/\/imagazine.it\/home_desk\/wp-json\/wp\/v2\/types\/post"}],"author":[{"embeddable":true,"href":"https:\/\/imagazine.it\/home_desk\/wp-json\/wp\/v2\/users\/22"}],"replies":[{"embeddable":true,"href":"https:\/\/imagazine.it\/home_desk\/wp-json\/wp\/v2\/comments?post=68609"}],"version-history":[{"count":1,"href":"https:\/\/imagazine.it\/home_desk\/wp-json\/wp\/v2\/posts\/68609\/revisions"}],"predecessor-version":[{"id":68611,"href":"https:\/\/imagazine.it\/home_desk\/wp-json\/wp\/v2\/posts\/68609\/revisions\/68611"}],"wp:featuredmedia":[{"embeddable":true,"href":"https:\/\/imagazine.it\/home_desk\/wp-json\/wp\/v2\/media\/68610"}],"wp:attachment":[{"href":"https:\/\/imagazine.it\/home_desk\/wp-json\/wp\/v2\/media?parent=68609"}],"wp:term":[{"taxonomy":"category","embeddable":true,"href":"https:\/\/imagazine.it\/home_desk\/wp-json\/wp\/v2\/categories?post=68609"},{"taxonomy":"post_tag","embeddable":true,"href":"https:\/\/imagazine.it\/home_desk\/wp-json\/wp\/v2\/tags?post=68609"}],"curies":[{"name":"wp","href":"https:\/\/api.w.org\/{rel}","templated":true}]}}