{"id":68586,"date":"2025-10-09T12:19:24","date_gmt":"2025-10-09T10:19:24","guid":{"rendered":"https:\/\/imagazine.it\/home_desk\/?p=68586"},"modified":"2025-10-10T18:48:01","modified_gmt":"2025-10-10T16:48:01","slug":"volare-nello-spazio-quali-effetti-sugli-esseri-umani","status":"publish","type":"post","link":"https:\/\/imagazine.it\/home_desk\/volare-nello-spazio-quali-effetti-sugli-esseri-umani\/","title":{"rendered":"Volare nello spazio: quali effetti sugli esseri umani"},"content":{"rendered":"<p><span style=\"font-size: 10pt;\"><em>I volontari allettati<\/em><\/span><\/p>\n<p>UDINE \u2013 Utilizzare dei volontari allettati, per periodi variabili da alcuni giorni ad alcune settimane, per valutare gli effetti dell\u2019inattivit\u00e0 fisica e dell\u2019attenuazione delle risposte fisiologiche alla gravit\u00e0 (\u201cmicrogravit\u00e0\u201d) sui principali organi e sistemi dell\u2019organismo umano.<\/p>\n<p>\u00c8 l\u2019idea alla base degli studi di \u201c<em>bed rest<\/em>\u201d (\u201criposo a letto\u201d) al centro dell\u2019interesse delle agenzie spaziali (per le applicazioni al volo umano nello spazio), tra cui l\u2019Agenzia spaziale italiana (Asi), e dei ricercatori che si interessano degli effetti dell\u2019inattivit\u00e0 fisica sulla salute dell\u2019uomo.<\/p>\n<p>A una serie di studi di \u201c<em>bed rest<\/em>\u201d partecipa da anni anche un gruppo di fisiologi del Dipartimento di Medicina dell\u2019Universit\u00e0 di Udine, coordinato da <strong>Bruno Grassi<\/strong> e <strong>Lucrezia Zuccarelli<\/strong>.<\/p>\n<p>Il filone di ricerca segue le orme degli studi condotti in passato nel settore della \u201cfisiologia spaziale\u201d dal fondatore del gruppo di ricerca, <strong>Pietro Enrico di Prampero<\/strong>.<\/p>\n<p>\u00abL\u2019ambiente di microgravit\u00e0, e in futuro l\u2019ipogravit\u00e0 della Luna e di Marte \u2013 spiega il professor Bruno Grassi, ordinario di Fisiologia all\u2019Ateneo friulano \u2013, \u00e8 la condizione alla quale l\u2019uomo \u00e8 esposto durante i voli spaziali, mentre la riduzione del livello di attivit\u00e0 fisica caratterizza, sempre pi\u00f9 frequentemente, condizioni tipiche della vita sulla Terra come l\u2019invecchiamento, malattie, ricoveri in ospedale, o semplicemente la vita sempre pi\u00f9 sedentaria della popolazione\u00bb.<\/p>\n<p>Attualmente, a una ricerca sul \u201c<em>bed rest<\/em>\u201d organizzata dall\u2019Asi, partecipa anche l\u2019Universit\u00e0 di Udine.<\/p>\n<p>Lo studio, della durata di 21 giorni, condotto su 21 individui di sesso maschile e femminile, \u00e8 in corso all\u2019Ospedale Generale di Isola, in Slovenia, nell\u2019ambito del programma di ricerca \u201c<em>Science for bed rest<\/em>\u201d. L\u2019Asi ha affidato al Centro di ricerche scientifiche (Zrs) di Capodistria, in partenariato con l\u2019Ospedale Generale di Isola, i servizi di supporto (sanitario, clinico e amministrativo) per la realizzazione della campagna di ricerca, condotta in collaborazione con il personale tecnico dell\u2019Asi.<\/p>\n<p>Al programma partecipano sette gruppi di ricerca italiani \u2013 tra i quali, oltre a quello dell\u2019Ateneo friulano, anche quelli delle Universit\u00e0 di Trieste e di Padova \u2013, che studiano diverse funzioni dell\u2019organismo umano, comprendenti quella cardiovascolare e metabolica, del muscolo scheletrico, del sistema immunitario, dell\u2019osso, del sistema nervoso centrale e periferico.<\/p>\n<figure id=\"attachment_68587\" aria-describedby=\"caption-attachment-68587\" style=\"width: 800px\" class=\"wp-caption aligncenter\"><img loading=\"lazy\" decoding=\"async\" class=\"size-full wp-image-68587\" src=\"https:\/\/imagazine.it\/wp-content\/uploads\/2025\/10\/2-Da-sinistra-Paulo-Cesar-do-Nascimento-Salvador-Bruno-Grassi-Giovanni-Baldassarre-Lucrezia-Zuccarelli.jpg\" alt=\"\" width=\"800\" height=\"622\" title=\"\" srcset=\"https:\/\/imagazine.it\/wp-content\/uploads\/2025\/10\/2-Da-sinistra-Paulo-Cesar-do-Nascimento-Salvador-Bruno-Grassi-Giovanni-Baldassarre-Lucrezia-Zuccarelli.jpg 800w, https:\/\/imagazine.it\/wp-content\/uploads\/2025\/10\/2-Da-sinistra-Paulo-Cesar-do-Nascimento-Salvador-Bruno-Grassi-Giovanni-Baldassarre-Lucrezia-Zuccarelli-300x233.jpg 300w, https:\/\/imagazine.it\/wp-content\/uploads\/2025\/10\/2-Da-sinistra-Paulo-Cesar-do-Nascimento-Salvador-Bruno-Grassi-Giovanni-Baldassarre-Lucrezia-Zuccarelli-768x597.jpg 768w\" sizes=\"auto, (max-width: 800px) 100vw, 800px\" \/><figcaption id=\"caption-attachment-68587\" class=\"wp-caption-text\">Da sinistra Paulo Cesar do Nascimento Salvador, Bruno Grassi, Giovanni Baldassarre, Lucrezia Zuccarelli<\/figcaption><\/figure>\n<p>Il gruppo di ricerca dell\u2019Ateneo friulano studia, in particolare, la capacit\u00e0 di esercizio fisico, il metabolismo ossidativo del muscolo, la funzione dell\u2019endotelio e dei piccoli vasi, la funzione respiratoria dei mitocondri muscolari.<\/p>\n<p>\u00abIl metabolismo ossidativo soffre con il \u201cbed rest\u201d \u2013 sottolinea Grassi \u2013, sia per quanto riguarda la funzione cardiovascolare sia per quanto riguarda la funzione \u201cmicrovascolare\u201d, cio\u00e8 dei piccoli vasi. Su quest\u2019ultima funzione un allettamento di alcuni giorni, in soggetti giovani, sembra avere effetti negativi simili a quelli che si accumulano nell\u2019arco di alcuni decenni di invecchiamento. La funzione di respirazione dei mitocondri sembra essere invece pi\u00f9 preservata, per lo meno durante periodi di allettamento relativamente brevi. Nel soggetto allettato la respirazione mitocondriale a riposo sembra rallentare, in maniera simile, anche se in misura molto minore, rispetto a quanto descritto negli animali che vanno in letargo. Capire i meccanismi responsabili di queste alterazioni, identificare dei test per individuarle e quantificarle, definire la loro reversibilit\u00e0 e le conseguenze sulle condizioni di salute rappresentano i principali obiettivi delle nostre ricerche\u00bb.<\/p>\n<p>Oltre al professor Grassi, che lo coordina, il team \u00e8 composto, fra gli altri, dalla ricercatrice <strong>Lucrezia Zuccarelli <\/strong>e dagli assegnisti di ricerca <strong>Giovanni Baldassarre<\/strong> e <strong>Paulo Cesar do Nascimento Salvador<\/strong>.<\/p>\n","protected":false},"excerpt":{"rendered":"<p>L&#8217;universit\u00e0 di Udine protagonista della ricerca sulle conseguenze fisiologiche dell\u2019allettamento e della microgravit\u00e0<\/p>\n","protected":false},"author":28,"featured_media":68588,"comment_status":"closed","ping_status":"closed","sticky":false,"template":"","format":"image","meta":{"dwc-title":[""],"dwc-content":[""],"footnotes":""},"categories":[6],"tags":[98,97,531,101,206],"class_list":["post-68586","post","type-post","status-publish","format-image","has-post-thumbnail","hentry","category-societa","tag-ricerca","tag-salute","tag-spazio","tag-udine","tag-uniud","post_format-post-format-image"],"rttpg_featured_image_url":{"full":["https:\/\/imagazine.it\/wp-content\/uploads\/2025\/10\/3-Volontari-allettati.jpg",1366,849,false],"landscape":["https:\/\/imagazine.it\/wp-content\/uploads\/2025\/10\/3-Volontari-allettati.jpg",1366,849,false],"portraits":["https:\/\/imagazine.it\/wp-content\/uploads\/2025\/10\/3-Volontari-allettati.jpg",1366,849,false],"thumbnail":["https:\/\/imagazine.it\/wp-content\/uploads\/2025\/10\/3-Volontari-allettati-150x150.jpg",150,150,true],"medium":["https:\/\/imagazine.it\/wp-content\/uploads\/2025\/10\/3-Volontari-allettati-300x186.jpg",300,186,true],"large":["https:\/\/imagazine.it\/wp-content\/uploads\/2025\/10\/3-Volontari-allettati-1024x636.jpg",640,398,true],"thumblist":["https:\/\/imagazine.it\/wp-content\/uploads\/2025\/10\/3-Volontari-allettati-300x300.jpg",300,300,true],"thumbrelated":["https:\/\/imagazine.it\/wp-content\/uploads\/2025\/10\/3-Volontari-allettati-500x500.jpg",500,500,true],"meccarouselthumb":["https:\/\/imagazine.it\/wp-content\/uploads\/2025\/10\/3-Volontari-allettati-474x324.jpg",474,324,true],"gridsquare":["https:\/\/imagazine.it\/wp-content\/uploads\/2025\/10\/3-Volontari-allettati-391x260.jpg",391,260,true],"tileview":["https:\/\/imagazine.it\/wp-content\/uploads\/2025\/10\/3-Volontari-allettati-300x400.jpg",300,400,true],"1536x1536":["https:\/\/imagazine.it\/wp-content\/uploads\/2025\/10\/3-Volontari-allettati.jpg",1366,849,false],"2048x2048":["https:\/\/imagazine.it\/wp-content\/uploads\/2025\/10\/3-Volontari-allettati.jpg",1366,849,false],"newsup-slider-full":["https:\/\/imagazine.it\/wp-content\/uploads\/2025\/10\/3-Volontari-allettati-1280x720.jpg",1280,720,true],"newsup-featured":["https:\/\/imagazine.it\/wp-content\/uploads\/2025\/10\/3-Volontari-allettati-1024x636.jpg",1024,636,true],"newsup-medium":["https:\/\/imagazine.it\/wp-content\/uploads\/2025\/10\/3-Volontari-allettati-720x380.jpg",720,380,true],"tptn_thumbnail":["https:\/\/imagazine.it\/wp-content\/uploads\/2025\/10\/3-Volontari-allettati-250x210.jpg",250,210,true],"sow-carousel-default":["https:\/\/imagazine.it\/wp-content\/uploads\/2025\/10\/3-Volontari-allettati-272x182.jpg",272,182,true]},"rttpg_author":{"display_name":"redazione","author_link":"https:\/\/imagazine.it\/home_desk\/author\/redazione\/"},"rttpg_comment":0,"rttpg_category":"<a href=\"https:\/\/imagazine.it\/home_desk\/category\/societa\/\" rel=\"category tag\">SOCIET\u00c0<\/a>","rttpg_excerpt":"L'universit\u00e0 di Udine protagonista della ricerca sulle conseguenze fisiologiche dell\u2019allettamento e della microgravit\u00e0","_links":{"self":[{"href":"https:\/\/imagazine.it\/home_desk\/wp-json\/wp\/v2\/posts\/68586","targetHints":{"allow":["GET"]}}],"collection":[{"href":"https:\/\/imagazine.it\/home_desk\/wp-json\/wp\/v2\/posts"}],"about":[{"href":"https:\/\/imagazine.it\/home_desk\/wp-json\/wp\/v2\/types\/post"}],"author":[{"embeddable":true,"href":"https:\/\/imagazine.it\/home_desk\/wp-json\/wp\/v2\/users\/28"}],"replies":[{"embeddable":true,"href":"https:\/\/imagazine.it\/home_desk\/wp-json\/wp\/v2\/comments?post=68586"}],"version-history":[{"count":3,"href":"https:\/\/imagazine.it\/home_desk\/wp-json\/wp\/v2\/posts\/68586\/revisions"}],"predecessor-version":[{"id":68591,"href":"https:\/\/imagazine.it\/home_desk\/wp-json\/wp\/v2\/posts\/68586\/revisions\/68591"}],"wp:featuredmedia":[{"embeddable":true,"href":"https:\/\/imagazine.it\/home_desk\/wp-json\/wp\/v2\/media\/68588"}],"wp:attachment":[{"href":"https:\/\/imagazine.it\/home_desk\/wp-json\/wp\/v2\/media?parent=68586"}],"wp:term":[{"taxonomy":"category","embeddable":true,"href":"https:\/\/imagazine.it\/home_desk\/wp-json\/wp\/v2\/categories?post=68586"},{"taxonomy":"post_tag","embeddable":true,"href":"https:\/\/imagazine.it\/home_desk\/wp-json\/wp\/v2\/tags?post=68586"}],"curies":[{"name":"wp","href":"https:\/\/api.w.org\/{rel}","templated":true}]}}