{"id":68567,"date":"2025-10-06T17:56:01","date_gmt":"2025-10-06T15:56:01","guid":{"rendered":"https:\/\/imagazine.it\/home_desk\/?p=68567"},"modified":"2025-10-08T18:07:54","modified_gmt":"2025-10-08T16:07:54","slug":"i-giovani-di-aiello-rilanciano-il-mese-ecologico","status":"publish","type":"post","link":"https:\/\/imagazine.it\/home_desk\/i-giovani-di-aiello-rilanciano-il-mese-ecologico\/","title":{"rendered":"I giovani di Aiello rilanciano il mese ecologico"},"content":{"rendered":"<p><span style=\"font-size: 10pt;\"><em>Rifiuti raccolti durante le precedenti giornate ecologiche ad Aiello<\/em><\/span><\/p>\n<p>AIELLO DEL FRIULI \u2013 Con lo slogan \u201c<em>Diffondere Conoscenza, Promuovere Consapevolezza, Proporre Soluzioni<\/em>\u201d, il <strong>Consiglio Comunale dei Ragazzi (CCR)<\/strong> di Aiello del Friuli ha promosso la seconda edizione del \u201c<strong><em>Mese Ecologico<\/em><\/strong>\u201d.<\/p>\n<p>Sono stati organizzati quattro incontri, con tematiche diverse ma accomunati dall&#8217;obiettivo di sensibilizzare l&#8217;opinione pubblica al problema della salvaguardia dell&#8217;ambiente.<\/p>\n<p>Questi appuntamenti sono rivolti a tutti, non solo ai ragazzi.<\/p>\n<p>Si inizia <strong>domenica 12 ottobre<\/strong>, alle ore 9.30, con una camminata ecologica, partendo dalla sede della Protezione civile. Unire l&#8217;utile al dilettevole: una passeggiata tra Aiello e Joannis durante la quale raccogliere rifiuti per ripulire le strade, con la collaborazione del gruppo Protezione civile.<\/p>\n<p>Si continua <strong>venerd\u00ec 17 ottobre<\/strong> con \u201c<em>Pomeriggio al cinema<\/em>\u201d, con la proiezione di <em>WALL-E<\/em>: la terra \u00e8 diventata una discarica abbandonata e un piccolo robot, WALL-E, trascorre le sue giornate a raccogliere rifiuti fino all&#8217;arrivo di EVE, una sonda spaziale che cambia il suo destino. Rivolto a bambini e ragazzi.<\/p>\n<p>Quindi l&#8217;appuntamento, <strong>venerd\u00ec 24 ottobre<\/strong> alle ore 20.30 in Sala Civica, con la professoressa <strong>Miris Castello<\/strong> dell\u2019Universit\u00e0 di Trieste, che sar\u00e0 la relatrice di un incontro divulgativo sui boschi planiziali della Bassa Friulana. La conferenza affronter\u00e0 le caratteristiche, la vulnerabilit\u00e0, il valore e le nuove prospettive di questo importante patrimonio del territorio.<\/p>\n<p><img loading=\"lazy\" decoding=\"async\" class=\"aligncenter size-large wp-image-68568\" src=\"https:\/\/imagazine.it\/wp-content\/uploads\/2025\/10\/mese-eco-731x1024.jpg\" alt=\"\" width=\"640\" height=\"897\" title=\"\" srcset=\"https:\/\/imagazine.it\/wp-content\/uploads\/2025\/10\/mese-eco-731x1024.jpg 731w, https:\/\/imagazine.it\/wp-content\/uploads\/2025\/10\/mese-eco-214x300.jpg 214w, https:\/\/imagazine.it\/wp-content\/uploads\/2025\/10\/mese-eco-768x1075.jpg 768w, https:\/\/imagazine.it\/wp-content\/uploads\/2025\/10\/mese-eco.jpg 800w\" sizes=\"auto, (max-width: 640px) 100vw, 640px\" \/><\/p>\n<p>Gli incontri si concluderanno <strong>venerd\u00ec 31 ottobre<\/strong> al Parco Arena con la festa di Halloween, con avventure spettrali tra giochi e sfide a tema ecologico.<\/p>\n","protected":false},"excerpt":{"rendered":"<p>Il Consiglio Comunale dei Ragazzi promuove quattro incontri sulla salvaguardia dell&#8217;ambiente. Compresa una camminata per raccogliere i rifiuti<\/p>\n","protected":false},"author":22,"featured_media":68569,"comment_status":"closed","ping_status":"closed","sticky":false,"template":"","format":"image","meta":{"dwc-title":[""],"dwc-content":[""],"footnotes":""},"categories":[5],"tags":[126,66,2476,83,72],"class_list":["post-68567","post","type-post","status-publish","format-image","has-post-thumbnail","hentry","category-attualita","tag-aiello","tag-ambiente","tag-ecologia","tag-giovani","tag-natura","post_format-post-format-image"],"rttpg_featured_image_url":{"full":["https:\/\/imagazine.it\/wp-content\/uploads\/2025\/10\/IMG-20220918-WA0134.jpg",1366,768,false],"landscape":["https:\/\/imagazine.it\/wp-content\/uploads\/2025\/10\/IMG-20220918-WA0134.jpg",1366,768,false],"portraits":["https:\/\/imagazine.it\/wp-content\/uploads\/2025\/10\/IMG-20220918-WA0134.jpg",1366,768,false],"thumbnail":["https:\/\/imagazine.it\/wp-content\/uploads\/2025\/10\/IMG-20220918-WA0134-150x150.jpg",150,150,true],"medium":["https:\/\/imagazine.it\/wp-content\/uploads\/2025\/10\/IMG-20220918-WA0134-300x169.jpg",300,169,true],"large":["https:\/\/imagazine.it\/wp-content\/uploads\/2025\/10\/IMG-20220918-WA0134-1024x576.jpg",640,360,true],"thumblist":["https:\/\/imagazine.it\/wp-content\/uploads\/2025\/10\/IMG-20220918-WA0134-300x300.jpg",300,300,true],"thumbrelated":["https:\/\/imagazine.it\/wp-content\/uploads\/2025\/10\/IMG-20220918-WA0134-500x500.jpg",500,500,true],"meccarouselthumb":["https:\/\/imagazine.it\/wp-content\/uploads\/2025\/10\/IMG-20220918-WA0134-474x324.jpg",474,324,true],"gridsquare":["https:\/\/imagazine.it\/wp-content\/uploads\/2025\/10\/IMG-20220918-WA0134-391x260.jpg",391,260,true],"tileview":["https:\/\/imagazine.it\/wp-content\/uploads\/2025\/10\/IMG-20220918-WA0134-300x400.jpg",300,400,true],"1536x1536":["https:\/\/imagazine.it\/wp-content\/uploads\/2025\/10\/IMG-20220918-WA0134.jpg",1366,768,false],"2048x2048":["https:\/\/imagazine.it\/wp-content\/uploads\/2025\/10\/IMG-20220918-WA0134.jpg",1366,768,false],"newsup-slider-full":["https:\/\/imagazine.it\/wp-content\/uploads\/2025\/10\/IMG-20220918-WA0134-1280x720.jpg",1280,720,true],"newsup-featured":["https:\/\/imagazine.it\/wp-content\/uploads\/2025\/10\/IMG-20220918-WA0134-1024x576.jpg",1024,576,true],"newsup-medium":["https:\/\/imagazine.it\/wp-content\/uploads\/2025\/10\/IMG-20220918-WA0134-720x380.jpg",720,380,true],"tptn_thumbnail":["https:\/\/imagazine.it\/wp-content\/uploads\/2025\/10\/IMG-20220918-WA0134-250x210.jpg",250,210,true],"sow-carousel-default":["https:\/\/imagazine.it\/wp-content\/uploads\/2025\/10\/IMG-20220918-WA0134-272x182.jpg",272,182,true]},"rttpg_author":{"display_name":"Livio Nonis","author_link":"https:\/\/imagazine.it\/home_desk\/author\/nonis\/"},"rttpg_comment":0,"rttpg_category":"<a href=\"https:\/\/imagazine.it\/home_desk\/category\/attualita\/\" rel=\"category tag\">ATTUALIT\u00c0<\/a>","rttpg_excerpt":"Il Consiglio Comunale dei Ragazzi promuove quattro incontri sulla salvaguardia dell'ambiente. Compresa una camminata per raccogliere i rifiuti","_links":{"self":[{"href":"https:\/\/imagazine.it\/home_desk\/wp-json\/wp\/v2\/posts\/68567","targetHints":{"allow":["GET"]}}],"collection":[{"href":"https:\/\/imagazine.it\/home_desk\/wp-json\/wp\/v2\/posts"}],"about":[{"href":"https:\/\/imagazine.it\/home_desk\/wp-json\/wp\/v2\/types\/post"}],"author":[{"embeddable":true,"href":"https:\/\/imagazine.it\/home_desk\/wp-json\/wp\/v2\/users\/22"}],"replies":[{"embeddable":true,"href":"https:\/\/imagazine.it\/home_desk\/wp-json\/wp\/v2\/comments?post=68567"}],"version-history":[{"count":1,"href":"https:\/\/imagazine.it\/home_desk\/wp-json\/wp\/v2\/posts\/68567\/revisions"}],"predecessor-version":[{"id":68570,"href":"https:\/\/imagazine.it\/home_desk\/wp-json\/wp\/v2\/posts\/68567\/revisions\/68570"}],"wp:featuredmedia":[{"embeddable":true,"href":"https:\/\/imagazine.it\/home_desk\/wp-json\/wp\/v2\/media\/68569"}],"wp:attachment":[{"href":"https:\/\/imagazine.it\/home_desk\/wp-json\/wp\/v2\/media?parent=68567"}],"wp:term":[{"taxonomy":"category","embeddable":true,"href":"https:\/\/imagazine.it\/home_desk\/wp-json\/wp\/v2\/categories?post=68567"},{"taxonomy":"post_tag","embeddable":true,"href":"https:\/\/imagazine.it\/home_desk\/wp-json\/wp\/v2\/tags?post=68567"}],"curies":[{"name":"wp","href":"https:\/\/api.w.org\/{rel}","templated":true}]}}