{"id":68493,"date":"2025-10-01T16:08:29","date_gmt":"2025-10-01T14:08:29","guid":{"rendered":"https:\/\/imagazine.it\/home_desk\/?p=68493"},"modified":"2025-10-03T16:12:00","modified_gmt":"2025-10-03T14:12:00","slug":"un-angolo-di-vita-sociale","status":"publish","type":"post","link":"https:\/\/imagazine.it\/home_desk\/un-angolo-di-vita-sociale\/","title":{"rendered":"Un angolo di vita sociale"},"content":{"rendered":"<p>CAMPOLONGO TAPOGLIANO \u2013 Dopo due mesi di attesa, domenica 5 ottobre, il <strong>Bar Tal Caf\u00e8<\/strong> riapre le sue porte sotto una nuova gestione.<\/p>\n<p>Questo luogo non \u00e8 mai stato soltanto un bar: \u00e8 da sempre un punto di ritrovo, l\u2019angolo in cui si intrecciano i fili della vita sociale del quartiere.<\/p>\n<p>Con la riapertura si intende rafforzare questa identit\u00e0, restituendo al Bar Tal Caf\u00e8 il ruolo di centro nevralgico della comunit\u00e0.<\/p>\n<p>Qui, l\u2019aroma del caff\u00e8 si unisce al profumo delle idee. Lo spazio non sar\u00e0 solo dedicato al relax e alla convivialit\u00e0, ma anche alla cultura e alla partecipazione. Diventer\u00e0 un laboratorio aperto, dove parlare di incontri, comunicare e dare vita a iniziative capaci di arricchire la vita di tutti.<\/p>\n<p>La nuova gestione invita a scoprire questo rinnovato progetto e a brindare a un futuro fatto di scambi, eventi e caff\u00e8. Un\u2019occasione per ricominciare a fare comunit\u00e0 insieme.<\/p>\n<p>Il locale \u00e8 aperto dalle ore 6 alle 14 e dalle 16 alle 21, mercoled\u00ec ci sar\u00e0 il turno di riposo.<\/p>\n","protected":false},"excerpt":{"rendered":"<p>Riapre a Campolongo Tapogliano il Bar Tal Caf\u00e8 sotto una nuova gestione. Un luogo di ritrovo per la comunit\u00e0<\/p>\n","protected":false},"author":22,"featured_media":68494,"comment_status":"closed","ping_status":"closed","sticky":false,"template":"","format":"image","meta":{"dwc-title":[""],"dwc-content":[""],"footnotes":""},"categories":[5],"tags":[376,377],"class_list":["post-68493","post","type-post","status-publish","format-image","has-post-thumbnail","hentry","category-attualita","tag-campolongo","tag-tapogliano","post_format-post-format-image"],"rttpg_featured_image_url":{"full":["https:\/\/imagazine.it\/wp-content\/uploads\/2025\/10\/bar-tal-cafe-01.jpg",1366,748,false],"landscape":["https:\/\/imagazine.it\/wp-content\/uploads\/2025\/10\/bar-tal-cafe-01.jpg",1366,748,false],"portraits":["https:\/\/imagazine.it\/wp-content\/uploads\/2025\/10\/bar-tal-cafe-01.jpg",1366,748,false],"thumbnail":["https:\/\/imagazine.it\/wp-content\/uploads\/2025\/10\/bar-tal-cafe-01-150x150.jpg",150,150,true],"medium":["https:\/\/imagazine.it\/wp-content\/uploads\/2025\/10\/bar-tal-cafe-01-300x164.jpg",300,164,true],"large":["https:\/\/imagazine.it\/wp-content\/uploads\/2025\/10\/bar-tal-cafe-01-1024x561.jpg",640,351,true],"thumblist":["https:\/\/imagazine.it\/wp-content\/uploads\/2025\/10\/bar-tal-cafe-01-300x300.jpg",300,300,true],"thumbrelated":["https:\/\/imagazine.it\/wp-content\/uploads\/2025\/10\/bar-tal-cafe-01-500x500.jpg",500,500,true],"meccarouselthumb":["https:\/\/imagazine.it\/wp-content\/uploads\/2025\/10\/bar-tal-cafe-01-474x324.jpg",474,324,true],"gridsquare":["https:\/\/imagazine.it\/wp-content\/uploads\/2025\/10\/bar-tal-cafe-01-391x260.jpg",391,260,true],"tileview":["https:\/\/imagazine.it\/wp-content\/uploads\/2025\/10\/bar-tal-cafe-01-300x400.jpg",300,400,true],"1536x1536":["https:\/\/imagazine.it\/wp-content\/uploads\/2025\/10\/bar-tal-cafe-01.jpg",1366,748,false],"2048x2048":["https:\/\/imagazine.it\/wp-content\/uploads\/2025\/10\/bar-tal-cafe-01.jpg",1366,748,false],"newsup-slider-full":["https:\/\/imagazine.it\/wp-content\/uploads\/2025\/10\/bar-tal-cafe-01-1280x720.jpg",1280,720,true],"newsup-featured":["https:\/\/imagazine.it\/wp-content\/uploads\/2025\/10\/bar-tal-cafe-01-1024x561.jpg",1024,561,true],"newsup-medium":["https:\/\/imagazine.it\/wp-content\/uploads\/2025\/10\/bar-tal-cafe-01-720x380.jpg",720,380,true],"tptn_thumbnail":["https:\/\/imagazine.it\/wp-content\/uploads\/2025\/10\/bar-tal-cafe-01-250x210.jpg",250,210,true],"sow-carousel-default":["https:\/\/imagazine.it\/wp-content\/uploads\/2025\/10\/bar-tal-cafe-01-272x182.jpg",272,182,true]},"rttpg_author":{"display_name":"Livio Nonis","author_link":"https:\/\/imagazine.it\/home_desk\/author\/nonis\/"},"rttpg_comment":0,"rttpg_category":"<a href=\"https:\/\/imagazine.it\/home_desk\/category\/attualita\/\" rel=\"category tag\">ATTUALIT\u00c0<\/a>","rttpg_excerpt":"Riapre a Campolongo Tapogliano il Bar Tal Caf\u00e8 sotto una nuova gestione. Un luogo di ritrovo per la comunit\u00e0","_links":{"self":[{"href":"https:\/\/imagazine.it\/home_desk\/wp-json\/wp\/v2\/posts\/68493","targetHints":{"allow":["GET"]}}],"collection":[{"href":"https:\/\/imagazine.it\/home_desk\/wp-json\/wp\/v2\/posts"}],"about":[{"href":"https:\/\/imagazine.it\/home_desk\/wp-json\/wp\/v2\/types\/post"}],"author":[{"embeddable":true,"href":"https:\/\/imagazine.it\/home_desk\/wp-json\/wp\/v2\/users\/22"}],"replies":[{"embeddable":true,"href":"https:\/\/imagazine.it\/home_desk\/wp-json\/wp\/v2\/comments?post=68493"}],"version-history":[{"count":1,"href":"https:\/\/imagazine.it\/home_desk\/wp-json\/wp\/v2\/posts\/68493\/revisions"}],"predecessor-version":[{"id":68495,"href":"https:\/\/imagazine.it\/home_desk\/wp-json\/wp\/v2\/posts\/68493\/revisions\/68495"}],"wp:featuredmedia":[{"embeddable":true,"href":"https:\/\/imagazine.it\/home_desk\/wp-json\/wp\/v2\/media\/68494"}],"wp:attachment":[{"href":"https:\/\/imagazine.it\/home_desk\/wp-json\/wp\/v2\/media?parent=68493"}],"wp:term":[{"taxonomy":"category","embeddable":true,"href":"https:\/\/imagazine.it\/home_desk\/wp-json\/wp\/v2\/categories?post=68493"},{"taxonomy":"post_tag","embeddable":true,"href":"https:\/\/imagazine.it\/home_desk\/wp-json\/wp\/v2\/tags?post=68493"}],"curies":[{"name":"wp","href":"https:\/\/api.w.org\/{rel}","templated":true}]}}