{"id":68470,"date":"2025-10-02T15:28:00","date_gmt":"2025-10-02T13:28:00","guid":{"rendered":"https:\/\/imagazine.it\/home_desk\/?p=68470"},"modified":"2025-10-07T12:18:27","modified_gmt":"2025-10-07T10:18:27","slug":"nonni-e-nipoti-scoprono-gli-angoli-del-cuore","status":"publish","type":"post","link":"https:\/\/imagazine.it\/home_desk\/nonni-e-nipoti-scoprono-gli-angoli-del-cuore\/","title":{"rendered":"Nonni e nipoti scoprono gli angoli del cuore"},"content":{"rendered":"<p><span style=\"font-size: 10pt;\"><em>Lo staff del Nido assieme a Luca Negro di Corima<\/em><\/span><\/p>\n<p>CERVIGNANO DEL FRIULI \u2013 Gli angoli del cuore protagonisti alla Festa dei Nonni.<\/p>\n<p>Prosegue la progettualit\u00e0 avviata dall\u2019associazione Corima in collaborazione con Vari ed Eventuali sul filone del progetto <em>Cervignano Ce Maravea<\/em>, che mira a valorizzare i luoghi simbolo della citt\u00e0 e delle sue frazioni, attraverso una scelta partecipata che nei mesi scorsi aveva coinvolto gli studenti delle scuole, gli ospiti della casa di riposo nonch\u00e9 cittadini e visitatori durante eventi ad hoc come Terra&amp;Fiume e lo Sbarakko.<\/p>\n<p>Quest\u2019oggi protagonisti sono stati i bimbi del Nido comunale e i loro famigliari. Nel tradizionale appuntamento del 2 ottobre \u2013 festa dei nonni per l\u2019appunto \u2013 i referenti di Corima hanno distribuito 200 delle <span style=\"text-decoration: underline;\"><a href=\"https:\/\/imagazine.it\/home_desk\/una-cartolina-per-scegliere-gli-angoli-del-cuore\/\">ormai note cartoline con la mappa della citt\u00e0<\/a><\/span> ai nonni e ai genitori dei piccoli allievi della struttura.<\/p>\n<p>Con un duplice impegno: non solo scrivere il proprio luogo del cuore del territorio cervignanese con annessa motivazione, ma anche portare i propri figlie o nipoti a visitarlo personalmente per farglielo conoscere.<\/p>\n<p>\u201cIn questo modo \u2013 sottolinea <strong>Luca Negro<\/strong>, promotore dell\u2019iniziativa per Corima \u2013 vogliamo favorire la conoscenza delle giovani generazioni rispetto al territorio in cui vivono\u201d.<\/p>\n<figure id=\"attachment_68472\" aria-describedby=\"caption-attachment-68472\" style=\"width: 800px\" class=\"wp-caption aligncenter\"><img loading=\"lazy\" decoding=\"async\" class=\"size-full wp-image-68472\" src=\"https:\/\/imagazine.it\/wp-content\/uploads\/2025\/10\/nido1.jpg\" alt=\"\" width=\"800\" height=\"710\" title=\"\" srcset=\"https:\/\/imagazine.it\/wp-content\/uploads\/2025\/10\/nido1.jpg 800w, https:\/\/imagazine.it\/wp-content\/uploads\/2025\/10\/nido1-300x266.jpg 300w, https:\/\/imagazine.it\/wp-content\/uploads\/2025\/10\/nido1-768x682.jpg 768w\" sizes=\"auto, (max-width: 800px) 100vw, 800px\" \/><figcaption id=\"caption-attachment-68472\" class=\"wp-caption-text\">La cassetta dove nonni e genitori hanno imbucato le cartoline compilate<\/figcaption><\/figure>\n<p>Un territorio che verr\u00e0 valorizzato anche tramite un\u2019apposita <strong><em>web app<\/em><\/strong> che il gruppo di lavoro del progetto \u201cAngoli del Cuore\u201d sta elaborando, coinvolgendo altri enti ed associazioni.<\/p>\n<p>\u201cUno strumento informatico \u2013 conclude Negro \u2013 che valorizzer\u00e0 la citt\u00e0 sia dal punto di vista storico e turistico, che promozionale grazie al coinvolgimento delle attivit\u00e0 economiche\u201d.<\/p>\n","protected":false},"excerpt":{"rendered":"<p>Si amplia l&#8217;iniziativa avviata a Cervignano: coinvolte le famiglie del Nido. In elaborazione una web app per svelare i luoghi simbolo della citt\u00e0<\/p>\n","protected":false},"author":28,"featured_media":68471,"comment_status":"closed","ping_status":"closed","sticky":false,"template":"","format":"image","meta":{"dwc-title":[""],"dwc-content":[""],"footnotes":""},"categories":[5],"tags":[189,119,83],"class_list":["post-68470","post","type-post","status-publish","format-image","has-post-thumbnail","hentry","category-attualita","tag-anziani","tag-cervignano","tag-giovani","post_format-post-format-image"],"rttpg_featured_image_url":{"full":["https:\/\/imagazine.it\/wp-content\/uploads\/2025\/10\/nido2.jpg",1366,802,false],"landscape":["https:\/\/imagazine.it\/wp-content\/uploads\/2025\/10\/nido2.jpg",1366,802,false],"portraits":["https:\/\/imagazine.it\/wp-content\/uploads\/2025\/10\/nido2.jpg",1366,802,false],"thumbnail":["https:\/\/imagazine.it\/wp-content\/uploads\/2025\/10\/nido2-150x150.jpg",150,150,true],"medium":["https:\/\/imagazine.it\/wp-content\/uploads\/2025\/10\/nido2-300x176.jpg",300,176,true],"large":["https:\/\/imagazine.it\/wp-content\/uploads\/2025\/10\/nido2-1024x601.jpg",640,376,true],"thumblist":["https:\/\/imagazine.it\/wp-content\/uploads\/2025\/10\/nido2-300x300.jpg",300,300,true],"thumbrelated":["https:\/\/imagazine.it\/wp-content\/uploads\/2025\/10\/nido2-500x500.jpg",500,500,true],"meccarouselthumb":["https:\/\/imagazine.it\/wp-content\/uploads\/2025\/10\/nido2-474x324.jpg",474,324,true],"gridsquare":["https:\/\/imagazine.it\/wp-content\/uploads\/2025\/10\/nido2-391x260.jpg",391,260,true],"tileview":["https:\/\/imagazine.it\/wp-content\/uploads\/2025\/10\/nido2-300x400.jpg",300,400,true],"1536x1536":["https:\/\/imagazine.it\/wp-content\/uploads\/2025\/10\/nido2.jpg",1366,802,false],"2048x2048":["https:\/\/imagazine.it\/wp-content\/uploads\/2025\/10\/nido2.jpg",1366,802,false],"newsup-slider-full":["https:\/\/imagazine.it\/wp-content\/uploads\/2025\/10\/nido2-1280x720.jpg",1280,720,true],"newsup-featured":["https:\/\/imagazine.it\/wp-content\/uploads\/2025\/10\/nido2-1024x601.jpg",1024,601,true],"newsup-medium":["https:\/\/imagazine.it\/wp-content\/uploads\/2025\/10\/nido2-720x380.jpg",720,380,true],"tptn_thumbnail":["https:\/\/imagazine.it\/wp-content\/uploads\/2025\/10\/nido2-250x210.jpg",250,210,true],"sow-carousel-default":["https:\/\/imagazine.it\/wp-content\/uploads\/2025\/10\/nido2-272x182.jpg",272,182,true]},"rttpg_author":{"display_name":"redazione","author_link":"https:\/\/imagazine.it\/home_desk\/author\/redazione\/"},"rttpg_comment":0,"rttpg_category":"<a href=\"https:\/\/imagazine.it\/home_desk\/category\/attualita\/\" rel=\"category tag\">ATTUALIT\u00c0<\/a>","rttpg_excerpt":"Si amplia l'iniziativa avviata a Cervignano: coinvolte le famiglie del Nido. In elaborazione una web app per svelare i luoghi simbolo della citt\u00e0","_links":{"self":[{"href":"https:\/\/imagazine.it\/home_desk\/wp-json\/wp\/v2\/posts\/68470","targetHints":{"allow":["GET"]}}],"collection":[{"href":"https:\/\/imagazine.it\/home_desk\/wp-json\/wp\/v2\/posts"}],"about":[{"href":"https:\/\/imagazine.it\/home_desk\/wp-json\/wp\/v2\/types\/post"}],"author":[{"embeddable":true,"href":"https:\/\/imagazine.it\/home_desk\/wp-json\/wp\/v2\/users\/28"}],"replies":[{"embeddable":true,"href":"https:\/\/imagazine.it\/home_desk\/wp-json\/wp\/v2\/comments?post=68470"}],"version-history":[{"count":2,"href":"https:\/\/imagazine.it\/home_desk\/wp-json\/wp\/v2\/posts\/68470\/revisions"}],"predecessor-version":[{"id":68474,"href":"https:\/\/imagazine.it\/home_desk\/wp-json\/wp\/v2\/posts\/68470\/revisions\/68474"}],"wp:featuredmedia":[{"embeddable":true,"href":"https:\/\/imagazine.it\/home_desk\/wp-json\/wp\/v2\/media\/68471"}],"wp:attachment":[{"href":"https:\/\/imagazine.it\/home_desk\/wp-json\/wp\/v2\/media?parent=68470"}],"wp:term":[{"taxonomy":"category","embeddable":true,"href":"https:\/\/imagazine.it\/home_desk\/wp-json\/wp\/v2\/categories?post=68470"},{"taxonomy":"post_tag","embeddable":true,"href":"https:\/\/imagazine.it\/home_desk\/wp-json\/wp\/v2\/tags?post=68470"}],"curies":[{"name":"wp","href":"https:\/\/api.w.org\/{rel}","templated":true}]}}