{"id":68464,"date":"2025-10-02T10:23:32","date_gmt":"2025-10-02T08:23:32","guid":{"rendered":"https:\/\/imagazine.it\/home_desk\/?p=68464"},"modified":"2025-10-02T10:23:32","modified_gmt":"2025-10-02T08:23:32","slug":"nelle-messe-di-ruda-lo-spirito-di-san-francesco","status":"publish","type":"post","link":"https:\/\/imagazine.it\/home_desk\/nelle-messe-di-ruda-lo-spirito-di-san-francesco\/","title":{"rendered":"Nelle messe di Ruda lo spirito di San Francesco"},"content":{"rendered":"<p><span style=\"font-size: 10pt;\"><em>Don Manuel Millo con calice e pisside in legno<\/em><\/span><\/p>\n<p>RUDA \u2013 Dopo un periodo di esercizi spirituali ad Assisi, <strong>don Manuel Millo<\/strong> \u00e8 rientrato nelle sue comunit\u00e0 di Ruda, Perteole e Saciletto con un dono speciale.<\/p>\n<p>Nella citt\u00e0 di san Francesco, il sacerdote ha scelto di acquistare in una bottega artigiana <strong>un calice e una pisside in legno<\/strong>, che ha poi voluto far benedire.<\/p>\n<p>Non semplici oggetti liturgici, ma un segno concreto di unit\u00e0 e di spiritualit\u00e0 che accompagner\u00e0 d\u2019ora in avanti la vita delle tre parrocchie.<\/p>\n<p>Don Millo ha infatti espresso il desiderio di utilizzare questo calice e questa pisside durante le celebrazioni in tutte le chiese, con un\u2019attenzione particolare alle messe con i bambini.<\/p>\n<p>\u201cVorrei che \u2013 ha spiegato \u2013 anche i pi\u00f9 piccoli potessero percepire la bellezza della semplicit\u00e0, e attraverso questi segni comprendere meglio il valore della comunione e della fraternit\u00e0\u201d.<\/p>\n","protected":false},"excerpt":{"rendered":"<p>Don Manuel Millo ha portato da Assisi un calice e una pisside in legno: saranno utilizzate in particolare nelle celebrazioni con i bambini<\/p>\n","protected":false},"author":22,"featured_media":68465,"comment_status":"closed","ping_status":"closed","sticky":false,"template":"","format":"image","meta":{"dwc-title":[""],"dwc-content":[""],"footnotes":""},"categories":[5],"tags":[3577,546,939,212],"class_list":["post-68464","post","type-post","status-publish","format-image","has-post-thumbnail","hentry","category-attualita","tag-assisi","tag-bambini","tag-chiesa","tag-ruda","post_format-post-format-image"],"rttpg_featured_image_url":{"full":["https:\/\/imagazine.it\/wp-content\/uploads\/2025\/10\/regalo-don-manuel-calice-e-pisside-01.jpg",1366,826,false],"landscape":["https:\/\/imagazine.it\/wp-content\/uploads\/2025\/10\/regalo-don-manuel-calice-e-pisside-01.jpg",1366,826,false],"portraits":["https:\/\/imagazine.it\/wp-content\/uploads\/2025\/10\/regalo-don-manuel-calice-e-pisside-01.jpg",1366,826,false],"thumbnail":["https:\/\/imagazine.it\/wp-content\/uploads\/2025\/10\/regalo-don-manuel-calice-e-pisside-01-150x150.jpg",150,150,true],"medium":["https:\/\/imagazine.it\/wp-content\/uploads\/2025\/10\/regalo-don-manuel-calice-e-pisside-01-300x181.jpg",300,181,true],"large":["https:\/\/imagazine.it\/wp-content\/uploads\/2025\/10\/regalo-don-manuel-calice-e-pisside-01-1024x619.jpg",640,387,true],"thumblist":["https:\/\/imagazine.it\/wp-content\/uploads\/2025\/10\/regalo-don-manuel-calice-e-pisside-01-300x300.jpg",300,300,true],"thumbrelated":["https:\/\/imagazine.it\/wp-content\/uploads\/2025\/10\/regalo-don-manuel-calice-e-pisside-01-500x500.jpg",500,500,true],"meccarouselthumb":["https:\/\/imagazine.it\/wp-content\/uploads\/2025\/10\/regalo-don-manuel-calice-e-pisside-01-474x324.jpg",474,324,true],"gridsquare":["https:\/\/imagazine.it\/wp-content\/uploads\/2025\/10\/regalo-don-manuel-calice-e-pisside-01-391x260.jpg",391,260,true],"tileview":["https:\/\/imagazine.it\/wp-content\/uploads\/2025\/10\/regalo-don-manuel-calice-e-pisside-01-300x400.jpg",300,400,true],"1536x1536":["https:\/\/imagazine.it\/wp-content\/uploads\/2025\/10\/regalo-don-manuel-calice-e-pisside-01.jpg",1366,826,false],"2048x2048":["https:\/\/imagazine.it\/wp-content\/uploads\/2025\/10\/regalo-don-manuel-calice-e-pisside-01.jpg",1366,826,false],"newsup-slider-full":["https:\/\/imagazine.it\/wp-content\/uploads\/2025\/10\/regalo-don-manuel-calice-e-pisside-01-1280x720.jpg",1280,720,true],"newsup-featured":["https:\/\/imagazine.it\/wp-content\/uploads\/2025\/10\/regalo-don-manuel-calice-e-pisside-01-1024x619.jpg",1024,619,true],"newsup-medium":["https:\/\/imagazine.it\/wp-content\/uploads\/2025\/10\/regalo-don-manuel-calice-e-pisside-01-720x380.jpg",720,380,true],"tptn_thumbnail":["https:\/\/imagazine.it\/wp-content\/uploads\/2025\/10\/regalo-don-manuel-calice-e-pisside-01-250x210.jpg",250,210,true],"sow-carousel-default":["https:\/\/imagazine.it\/wp-content\/uploads\/2025\/10\/regalo-don-manuel-calice-e-pisside-01-272x182.jpg",272,182,true]},"rttpg_author":{"display_name":"Livio Nonis","author_link":"https:\/\/imagazine.it\/home_desk\/author\/nonis\/"},"rttpg_comment":0,"rttpg_category":"<a href=\"https:\/\/imagazine.it\/home_desk\/category\/attualita\/\" rel=\"category tag\">ATTUALIT\u00c0<\/a>","rttpg_excerpt":"Don Manuel Millo ha portato da Assisi un calice e una pisside in legno: saranno utilizzate in particolare nelle celebrazioni con i bambini","_links":{"self":[{"href":"https:\/\/imagazine.it\/home_desk\/wp-json\/wp\/v2\/posts\/68464","targetHints":{"allow":["GET"]}}],"collection":[{"href":"https:\/\/imagazine.it\/home_desk\/wp-json\/wp\/v2\/posts"}],"about":[{"href":"https:\/\/imagazine.it\/home_desk\/wp-json\/wp\/v2\/types\/post"}],"author":[{"embeddable":true,"href":"https:\/\/imagazine.it\/home_desk\/wp-json\/wp\/v2\/users\/22"}],"replies":[{"embeddable":true,"href":"https:\/\/imagazine.it\/home_desk\/wp-json\/wp\/v2\/comments?post=68464"}],"version-history":[{"count":2,"href":"https:\/\/imagazine.it\/home_desk\/wp-json\/wp\/v2\/posts\/68464\/revisions"}],"predecessor-version":[{"id":68467,"href":"https:\/\/imagazine.it\/home_desk\/wp-json\/wp\/v2\/posts\/68464\/revisions\/68467"}],"wp:featuredmedia":[{"embeddable":true,"href":"https:\/\/imagazine.it\/home_desk\/wp-json\/wp\/v2\/media\/68465"}],"wp:attachment":[{"href":"https:\/\/imagazine.it\/home_desk\/wp-json\/wp\/v2\/media?parent=68464"}],"wp:term":[{"taxonomy":"category","embeddable":true,"href":"https:\/\/imagazine.it\/home_desk\/wp-json\/wp\/v2\/categories?post=68464"},{"taxonomy":"post_tag","embeddable":true,"href":"https:\/\/imagazine.it\/home_desk\/wp-json\/wp\/v2\/tags?post=68464"}],"curies":[{"name":"wp","href":"https:\/\/api.w.org\/{rel}","templated":true}]}}