{"id":68445,"date":"2025-10-01T16:03:42","date_gmt":"2025-10-01T14:03:42","guid":{"rendered":"https:\/\/imagazine.it\/home_desk\/?p=68445"},"modified":"2025-10-03T10:22:06","modified_gmt":"2025-10-03T08:22:06","slug":"riapre-la-chiesa-piu-antica-di-udine","status":"publish","type":"post","link":"https:\/\/imagazine.it\/home_desk\/riapre-la-chiesa-piu-antica-di-udine\/","title":{"rendered":"Riapre la chiesa pi\u00f9 antica di Udine"},"content":{"rendered":"<p><span style=\"font-size: 10pt;\"><em>L&#8217;ingresso della chiesa<\/em><\/span><\/p>\n<p>UDINE \u2013 La <strong>Pieve di Santa Maria di Castello<\/strong>, <strong>prima e pi\u00f9 antica chiesa di Udine <\/strong>che sorge sulla salita del colle del Castello, torner\u00e0 ad accogliere fedeli e visitatori.<\/p>\n<p>Le sue porte si riapriranno <strong>domenica 5 ottobre, alle 18<\/strong>, con il Rito di Benedizione che sar\u00e0 impartito dall\u2019arcivescovo <strong>monsignor Riccardo Lamba<\/strong>.<\/p>\n<p>Seguir\u00e0 la processione con la croce della Chiesa madre di Aquileia e di alcune croci delle Pievi storiche dell\u2019Arcidiocesi e delle parrocchie della citt\u00e0 di Udine.<\/p>\n<p>Il lungo e complesso intervento di restauro all\u2019edificio e alle opere che conserva restituisce la Chiesa alla sua funzione e alla sua armonia monumentale.<\/p>\n<p>Essa ospita al suo interno importanti affreschi di epoche diverse, frammentari ma determinanti per la storia artistica del medioevo non solo friulano, Nell\u2019abside maggiore, in particolare, le scene dedicate alla morte di Maria e alla sua successiva Assunzione e Incoronazione sono un\u2019importante testimonianza di cultura giottesca del quarto decennio del XIV.<\/p>\n<p>\u201c<em>La Pieve di Santa Maria di Castello, madre delle altre chiese della citt\u00e0 \u2013 <\/em>sottolinea <strong>monsignor Luciano Nobile<\/strong>, parroco della Cattedrale di Udine<em> \u2013, \u00e8 una chiesa che parla con la sua antichit\u00e0, la sua architettura, ma soprattutto con la nostra vita<\/em>. I suoi muri respirano la fede dei nostri padri. <em>Se possiamo godere di questa casa del Signore \u00e8 perch\u00e9 la comunit\u00e0 cristiana di Udine l\u2019ha conservata, ampliata, ricostruita dopo le calamit\u00e0 naturali. Oggi, ancora una volta, la Pieve viene restituita ai fedeli e alla comunit\u00e0 tutta. Di questo voglio ringraziare i benefattori pubblici e privati che l\u2019hanno reso possibile\u201d.<\/em><\/p>\n<p>La Chiesa di Santa Maria di Castello come oggi la vediamo risale ai primi decenni del secolo XII ma un pi\u00f9 antico edificio ha preceduto l\u2019attuale.<\/p>\n<p>Alcuni frammenti lapidei rinvenuti durante i restauri del 1928-30,\u00a0la datano con ogni probabilit\u00e0 all\u2019VIII secolo, in epoca longobarda. Gi\u00e0 in alcuni documenti del XII secolo \u00e8 citata quale <em>plebs Utini<\/em>, la pieve matrice di Udine, mentre \u00e8 nel basso medioevo che si trova consolidata la denominazione \u201c<em>Sancte Marie de castro\u201d<\/em> con cui oggi la appelliamo<em>.<\/em><\/p>\n<p><em>\u201cI lavori di restauro appena conclusi <\/em>\u2013 spiega la curatrice del Museo del Duomo, <strong>Maria Beatrice Bertone<\/strong> \u2013 <em>avevano preso avvio nel 2017<\/em> <em>e sono stati imponenti. Hanno riguardato il consolidamento del terrapieno verso est (Piazza I Maggio), il restauro della facciata esterna e degli affreschi interni, il rifacimento degli intonaci e del pavimento, la sistemazione del tetto e nuovi impianti d\u2019illuminazione. <\/em><em>Con questo progetto si \u00e8 inteso restituire all\u2019antica chiesa la sua finalit\u00e0 di spazio sacro, provvedendo al riassetto degli elementi strutturali e architettonici, degli arredi e delle opere a essa pertinenti e, contestualmente, garantire l\u2019accessibilit\u00e0 e la fruizione nel rispetto delle norme di sicurezza\u201d.<\/em><\/p>\n<figure id=\"attachment_68447\" aria-describedby=\"caption-attachment-68447\" style=\"width: 800px\" class=\"wp-caption aligncenter\"><img loading=\"lazy\" decoding=\"async\" class=\"size-full wp-image-68447\" src=\"https:\/\/imagazine.it\/wp-content\/uploads\/2025\/10\/ChiesaSMCastello_intera.jpg\" alt=\"\" width=\"800\" height=\"912\" title=\"\" srcset=\"https:\/\/imagazine.it\/wp-content\/uploads\/2025\/10\/ChiesaSMCastello_intera.jpg 800w, https:\/\/imagazine.it\/wp-content\/uploads\/2025\/10\/ChiesaSMCastello_intera-263x300.jpg 263w, https:\/\/imagazine.it\/wp-content\/uploads\/2025\/10\/ChiesaSMCastello_intera-768x876.jpg 768w\" sizes=\"auto, (max-width: 800px) 100vw, 800px\" \/><figcaption id=\"caption-attachment-68447\" class=\"wp-caption-text\">La facciata della chiesa<\/figcaption><\/figure>\n<p>Importante per il completamento dei restauri voluto dalla Parrocchia di S. Maria Annunziata \u00e8 stato il sostegno profuso da enti, istituzioni pubbliche e private e dalle aziende del territorio: Conferenza Episcopale Italiana (CEI), Danieli &amp; Co. Officine meccaniche spa Buttrio, Regione Friuli Venezia Giulia, Fondazione Gruppo Pittini, Solari spa, Fondazione Friuli, Glp srl, Comune di Udine. Altrettanto importante \u00e8 stato il sostegno di molti privati benefattori.<\/p>\n<p>In preparazione alla riapertura della Pieve, la parrocchia di Santa Maria Annunziata ha organizzato una settimana di animazione spirituale.<\/p>\n<p>Dall\u20198 ottobre poi, quasi come una sorta di invito a riscoprire la chiesa e la sua bellezza, per tutto il mese si susseguiranno incontri liturgici accompagnati da musica sacra, cos\u00ec come appuntamenti per le famiglie, per i bambini e per i giovani e visite guidate per quanti desiderano approfondire la storia di uno dei luoghi pi\u00f9 preziosi e pi\u00f9 cari alla citt\u00e0.<\/p>\n<p>A dicembre, invece, la chiesa accoglier\u00e0 i fedeli in occasione della novena e della messa della Notte Santa.<\/p>\n<p>Il calendario delle iniziative \u00e8 consultabile sul sito <span style=\"text-decoration: underline;\"><a href=\"http:\/\/www.cattedraleudine.it\" target=\"_blank\" rel=\"noopener\">www.cattedraleudine.it<\/a><\/span><\/p>\n","protected":false},"excerpt":{"rendered":"<p>Dopo un lungo restauro, il 5 ottobre in programma l&#8217;inaugurazione e benedizione della Pieve di Santa Maria di Castello<\/p>\n","protected":false},"author":28,"featured_media":68446,"comment_status":"closed","ping_status":"closed","sticky":false,"template":"","format":"image","meta":{"dwc-title":[""],"dwc-content":[""],"footnotes":""},"categories":[5],"tags":[939,110,101],"class_list":["post-68445","post","type-post","status-publish","format-image","has-post-thumbnail","hentry","category-attualita","tag-chiesa","tag-restauro","tag-udine","post_format-post-format-image"],"rttpg_featured_image_url":{"full":["https:\/\/imagazine.it\/wp-content\/uploads\/2025\/10\/ChiesaSMCastello_open.jpg",1366,822,false],"landscape":["https:\/\/imagazine.it\/wp-content\/uploads\/2025\/10\/ChiesaSMCastello_open.jpg",1366,822,false],"portraits":["https:\/\/imagazine.it\/wp-content\/uploads\/2025\/10\/ChiesaSMCastello_open.jpg",1366,822,false],"thumbnail":["https:\/\/imagazine.it\/wp-content\/uploads\/2025\/10\/ChiesaSMCastello_open-150x150.jpg",150,150,true],"medium":["https:\/\/imagazine.it\/wp-content\/uploads\/2025\/10\/ChiesaSMCastello_open-300x181.jpg",300,181,true],"large":["https:\/\/imagazine.it\/wp-content\/uploads\/2025\/10\/ChiesaSMCastello_open-1024x616.jpg",640,385,true],"thumblist":["https:\/\/imagazine.it\/wp-content\/uploads\/2025\/10\/ChiesaSMCastello_open-300x300.jpg",300,300,true],"thumbrelated":["https:\/\/imagazine.it\/wp-content\/uploads\/2025\/10\/ChiesaSMCastello_open-500x500.jpg",500,500,true],"meccarouselthumb":["https:\/\/imagazine.it\/wp-content\/uploads\/2025\/10\/ChiesaSMCastello_open-474x324.jpg",474,324,true],"gridsquare":["https:\/\/imagazine.it\/wp-content\/uploads\/2025\/10\/ChiesaSMCastello_open-391x260.jpg",391,260,true],"tileview":["https:\/\/imagazine.it\/wp-content\/uploads\/2025\/10\/ChiesaSMCastello_open-300x400.jpg",300,400,true],"1536x1536":["https:\/\/imagazine.it\/wp-content\/uploads\/2025\/10\/ChiesaSMCastello_open.jpg",1366,822,false],"2048x2048":["https:\/\/imagazine.it\/wp-content\/uploads\/2025\/10\/ChiesaSMCastello_open.jpg",1366,822,false],"newsup-slider-full":["https:\/\/imagazine.it\/wp-content\/uploads\/2025\/10\/ChiesaSMCastello_open-1280x720.jpg",1280,720,true],"newsup-featured":["https:\/\/imagazine.it\/wp-content\/uploads\/2025\/10\/ChiesaSMCastello_open-1024x616.jpg",1024,616,true],"newsup-medium":["https:\/\/imagazine.it\/wp-content\/uploads\/2025\/10\/ChiesaSMCastello_open-720x380.jpg",720,380,true],"tptn_thumbnail":["https:\/\/imagazine.it\/wp-content\/uploads\/2025\/10\/ChiesaSMCastello_open-250x210.jpg",250,210,true],"sow-carousel-default":["https:\/\/imagazine.it\/wp-content\/uploads\/2025\/10\/ChiesaSMCastello_open-272x182.jpg",272,182,true]},"rttpg_author":{"display_name":"redazione","author_link":"https:\/\/imagazine.it\/home_desk\/author\/redazione\/"},"rttpg_comment":0,"rttpg_category":"<a href=\"https:\/\/imagazine.it\/home_desk\/category\/attualita\/\" rel=\"category tag\">ATTUALIT\u00c0<\/a>","rttpg_excerpt":"Dopo un lungo restauro, il 5 ottobre in programma l'inaugurazione e benedizione della Pieve di Santa Maria di Castello","_links":{"self":[{"href":"https:\/\/imagazine.it\/home_desk\/wp-json\/wp\/v2\/posts\/68445","targetHints":{"allow":["GET"]}}],"collection":[{"href":"https:\/\/imagazine.it\/home_desk\/wp-json\/wp\/v2\/posts"}],"about":[{"href":"https:\/\/imagazine.it\/home_desk\/wp-json\/wp\/v2\/types\/post"}],"author":[{"embeddable":true,"href":"https:\/\/imagazine.it\/home_desk\/wp-json\/wp\/v2\/users\/28"}],"replies":[{"embeddable":true,"href":"https:\/\/imagazine.it\/home_desk\/wp-json\/wp\/v2\/comments?post=68445"}],"version-history":[{"count":2,"href":"https:\/\/imagazine.it\/home_desk\/wp-json\/wp\/v2\/posts\/68445\/revisions"}],"predecessor-version":[{"id":68449,"href":"https:\/\/imagazine.it\/home_desk\/wp-json\/wp\/v2\/posts\/68445\/revisions\/68449"}],"wp:featuredmedia":[{"embeddable":true,"href":"https:\/\/imagazine.it\/home_desk\/wp-json\/wp\/v2\/media\/68446"}],"wp:attachment":[{"href":"https:\/\/imagazine.it\/home_desk\/wp-json\/wp\/v2\/media?parent=68445"}],"wp:term":[{"taxonomy":"category","embeddable":true,"href":"https:\/\/imagazine.it\/home_desk\/wp-json\/wp\/v2\/categories?post=68445"},{"taxonomy":"post_tag","embeddable":true,"href":"https:\/\/imagazine.it\/home_desk\/wp-json\/wp\/v2\/tags?post=68445"}],"curies":[{"name":"wp","href":"https:\/\/api.w.org\/{rel}","templated":true}]}}