{"id":68430,"date":"2025-10-01T13:06:26","date_gmt":"2025-10-01T11:06:26","guid":{"rendered":"https:\/\/imagazine.it\/home_desk\/?p=68430"},"modified":"2025-10-01T13:06:26","modified_gmt":"2025-10-01T11:06:26","slug":"aiello-gusta-i-sapori-del-mondo","status":"publish","type":"post","link":"https:\/\/imagazine.it\/home_desk\/aiello-gusta-i-sapori-del-mondo\/","title":{"rendered":"Aiello gusta i sapori del mondo"},"content":{"rendered":"<p><span style=\"font-size: 10pt;\"><em>I protagonisti della serata<\/em><\/span><\/p>\n<p>AIELLO DEL FRIULI \u2013 C&#8217;\u00e8 un modo per viaggiare attraverso il gusto, scoprendo tradizioni e storie da ogni angolo del globo senza muoversi da casa.<\/p>\n<p>Questo \u00e8 stato l&#8217;obiettivo della 9<sup>a<\/sup> edizione della <strong>Cena Multietnica<\/strong>, un evento che ha messo insieme quattro piatti simbolo da quattro diverse culture, cucinate sul posto dai relativi cuochi.<\/p>\n<p>Un percorso gastronomico che parte dall&#8217;Oriente con l&#8217;<strong>iracheno<\/strong> <strong>Addy<\/strong> e la <em>Shorba al Adas<\/em> e il the nero, tocca l&#8217;Europa con il <strong>milanese Massimo<\/strong> e il classico Risotto allo zafferano, vola ai Caraibi con la <strong>dominicana Nathalie<\/strong> e la<em> bandera<\/em> dominicana e si conclude con la raffinatezza del <strong>curdo Bayram<\/strong> con la <em>Baklava<\/em>, tipico del Kurdistan turco.<\/p>\n<p>Una sinfonia di sapori ineguagliabile.<\/p>\n<p>La serata, organizzata dal <strong>Comitato Iniziative Locali (CIL)<\/strong>, ha registrato una numerosa partecipazione di persone, tutte curiose di assaggiare piatti provenienti da luoghi cos\u00ec lontani che sarebbe impossibile visitarli.<\/p>\n<p>Quando si assaggia un piatto, non si assapora solo il gusto, ma si entra in contatto con la cultura locale e si scoprono gli ingredienti e le spezie che ne raccontano la storia \u00e8 un&#8217;esperienza che va ben oltre la semplice nutrizione. Ogni ricetta racchiude in s\u00e9 un pezzo di storia, tradizione e identit\u00e0 di un popolo.<\/p>\n<p>Le spezie, le erbe aromatiche e i metodi di cottura non sono scelti a caso; sono il risultato di secoli di scambi culturali, di disponibilit\u00e0 di risorse e di influenze storiche e climatiche.<\/p>\n<p>Per entrare nel clima della serata, sono stati preparati dei <strong>cartelloni esplicativi<\/strong> sui Paesi protagonisti dell&#8217;evento. I pannelli illustravano la bandiera, le peculiarit\u00e0 di ogni nazione e il piatto che sarebbe stato cucinato, un&#8217;iniziativa che ha incuriosito molto le persone, le quali si sono soffermate a leggere attentamente.<\/p>\n<div id=\"metaslider-id-68431\" style=\"max-width: 700px;\" class=\"ml-slider-3-108-0 metaslider metaslider-flex metaslider-68431 ml-slider has-dots-nav ms-theme-default-base\" role=\"region\" aria-label=\"Cena multietnica Aiello 2025\" data-height=\"500\" data-width=\"700\">\n    <div id=\"metaslider_container_68431\">\n        <div id=\"metaslider_68431\">\n            <ul aria-live='off' class='slides'>\n                <li style=\"display: block; width: 100%;\" class=\"slide-68437 ms-image \" aria-roledescription=\"slide\" data-date=\"2025-10-01 13:04:43\" data-filename=\"cena-multietnica-2025-01.jpg\" data-slide-type=\"image\"><img loading=\"lazy\" decoding=\"async\" width=\"1000\" height=\"640\" src=\"https:\/\/imagazine.it\/wp-content\/uploads\/2025\/10\/cena-multietnica-2025-01.jpg\" class=\"slider-68431 slide-68437 msDefaultImage\" alt=\"\" rel=\"\" title=\"cena multietnica 2025 01\" srcset=\"https:\/\/imagazine.it\/wp-content\/uploads\/2025\/10\/cena-multietnica-2025-01.jpg 1000w, https:\/\/imagazine.it\/wp-content\/uploads\/2025\/10\/cena-multietnica-2025-01-300x192.jpg 300w, https:\/\/imagazine.it\/wp-content\/uploads\/2025\/10\/cena-multietnica-2025-01-768x492.jpg 768w\" sizes=\"auto, (max-width: 1000px) 100vw, 1000px\"><\/li>\n                <li style=\"display: none; width: 100%;\" class=\"slide-68438 ms-image \" aria-roledescription=\"slide\" data-date=\"2025-10-01 13:04:43\" data-filename=\"cena-multietnica-2025-02.jpg\" data-slide-type=\"image\"><img loading=\"lazy\" decoding=\"async\" width=\"1000\" height=\"675\" src=\"https:\/\/imagazine.it\/wp-content\/uploads\/2025\/10\/cena-multietnica-2025-02.jpg\" class=\"slider-68431 slide-68438 msDefaultImage\" alt=\"\" rel=\"\" title=\"cena multietnica 2025 02\" srcset=\"https:\/\/imagazine.it\/wp-content\/uploads\/2025\/10\/cena-multietnica-2025-02.jpg 1000w, https:\/\/imagazine.it\/wp-content\/uploads\/2025\/10\/cena-multietnica-2025-02-300x203.jpg 300w, https:\/\/imagazine.it\/wp-content\/uploads\/2025\/10\/cena-multietnica-2025-02-768x518.jpg 768w\" sizes=\"auto, (max-width: 1000px) 100vw, 1000px\"><\/li>\n                <li style=\"display: none; width: 100%;\" class=\"slide-68439 ms-image \" aria-roledescription=\"slide\" data-date=\"2025-10-01 13:04:43\" data-filename=\"cena-multietnica-2025-03.jpg\" data-slide-type=\"image\"><img loading=\"lazy\" decoding=\"async\" width=\"1000\" height=\"618\" src=\"https:\/\/imagazine.it\/wp-content\/uploads\/2025\/10\/cena-multietnica-2025-03.jpg\" class=\"slider-68431 slide-68439 msDefaultImage\" alt=\"\" rel=\"\" title=\"cena multietnica 2025 03\" srcset=\"https:\/\/imagazine.it\/wp-content\/uploads\/2025\/10\/cena-multietnica-2025-03.jpg 1000w, https:\/\/imagazine.it\/wp-content\/uploads\/2025\/10\/cena-multietnica-2025-03-300x185.jpg 300w, https:\/\/imagazine.it\/wp-content\/uploads\/2025\/10\/cena-multietnica-2025-03-768x475.jpg 768w\" sizes=\"auto, (max-width: 1000px) 100vw, 1000px\"><\/li>\n                <li style=\"display: none; width: 100%;\" class=\"slide-68440 ms-image \" aria-roledescription=\"slide\" data-date=\"2025-10-01 13:04:44\" data-filename=\"cena-multietnica-2025-05.jpg\" data-slide-type=\"image\"><img loading=\"lazy\" decoding=\"async\" width=\"1000\" height=\"642\" src=\"https:\/\/imagazine.it\/wp-content\/uploads\/2025\/10\/cena-multietnica-2025-05.jpg\" class=\"slider-68431 slide-68440 msDefaultImage\" alt=\"\" rel=\"\" title=\"cena multietnica 2025 05\" srcset=\"https:\/\/imagazine.it\/wp-content\/uploads\/2025\/10\/cena-multietnica-2025-05.jpg 1000w, https:\/\/imagazine.it\/wp-content\/uploads\/2025\/10\/cena-multietnica-2025-05-300x193.jpg 300w, https:\/\/imagazine.it\/wp-content\/uploads\/2025\/10\/cena-multietnica-2025-05-768x493.jpg 768w\" sizes=\"auto, (max-width: 1000px) 100vw, 1000px\"><\/li>\n                <li style=\"display: none; width: 100%;\" class=\"slide-68441 ms-image \" aria-roledescription=\"slide\" data-date=\"2025-10-01 13:04:44\" data-filename=\"cena-multietnica-2025-06.jpg\" data-slide-type=\"image\"><img loading=\"lazy\" decoding=\"async\" width=\"1000\" height=\"584\" src=\"https:\/\/imagazine.it\/wp-content\/uploads\/2025\/10\/cena-multietnica-2025-06.jpg\" class=\"slider-68431 slide-68441 msDefaultImage\" alt=\"\" rel=\"\" title=\"cena multietnica 2025 06\" srcset=\"https:\/\/imagazine.it\/wp-content\/uploads\/2025\/10\/cena-multietnica-2025-06.jpg 1000w, https:\/\/imagazine.it\/wp-content\/uploads\/2025\/10\/cena-multietnica-2025-06-300x175.jpg 300w, https:\/\/imagazine.it\/wp-content\/uploads\/2025\/10\/cena-multietnica-2025-06-768x449.jpg 768w\" sizes=\"auto, (max-width: 1000px) 100vw, 1000px\"><\/li>\n            <\/ul>\n        <\/div>\n        \n    <\/div>\n<\/div>\n<p>Sui tavoli erano disposti vasi con rametti di ulivo circondati dalle bandierine dei quatto stati protagonisti della serata. Non \u00e8 mancata in sottofondo la musica tipica di ogni nazionalit\u00e0 rappresentata.<\/p>\n<p>L&#8217;attenzione si sposta ora al prossimo anno, che segner\u00e0 la decima edizione dell&#8217;evento.<\/p>\n<p>Si tratta di un traguardo importante, un anniversario che il Comitato Iniziative Locali intende celebrare in modo speciale. Per l&#8217;occasione, gli organizzatori sono gi\u00e0 al lavoro per andare alla ricerca di nuove avventure culinarie, con l&#8217;obiettivo di superare le aspettative dei partecipanti e di continuare a far scoprire tradizioni gastronomiche inedite.<\/p>\n","protected":false},"excerpt":{"rendered":"<p>Tradizionale appuntamento con la cena multietnica: piatti dall&#8217;Iraq, dai Caraibi e dal Kurdistan turco. Per condividere ricette e culture<\/p>\n","protected":false},"author":22,"featured_media":68442,"comment_status":"closed","ping_status":"closed","sticky":false,"template":"","format":"image","meta":{"dwc-title":[""],"dwc-content":[""],"footnotes":""},"categories":[6],"tags":[126,931,885],"class_list":["post-68430","post","type-post","status-publish","format-image","has-post-thumbnail","hentry","category-societa","tag-aiello","tag-cibo","tag-inclusione","post_format-post-format-image"],"rttpg_featured_image_url":{"full":["https:\/\/imagazine.it\/wp-content\/uploads\/2025\/10\/cena-multietnica-2025-04.jpg",1366,805,false],"landscape":["https:\/\/imagazine.it\/wp-content\/uploads\/2025\/10\/cena-multietnica-2025-04.jpg",1366,805,false],"portraits":["https:\/\/imagazine.it\/wp-content\/uploads\/2025\/10\/cena-multietnica-2025-04.jpg",1366,805,false],"thumbnail":["https:\/\/imagazine.it\/wp-content\/uploads\/2025\/10\/cena-multietnica-2025-04-150x150.jpg",150,150,true],"medium":["https:\/\/imagazine.it\/wp-content\/uploads\/2025\/10\/cena-multietnica-2025-04-300x177.jpg",300,177,true],"large":["https:\/\/imagazine.it\/wp-content\/uploads\/2025\/10\/cena-multietnica-2025-04-1024x603.jpg",640,377,true],"thumblist":["https:\/\/imagazine.it\/wp-content\/uploads\/2025\/10\/cena-multietnica-2025-04-300x300.jpg",300,300,true],"thumbrelated":["https:\/\/imagazine.it\/wp-content\/uploads\/2025\/10\/cena-multietnica-2025-04-500x500.jpg",500,500,true],"meccarouselthumb":["https:\/\/imagazine.it\/wp-content\/uploads\/2025\/10\/cena-multietnica-2025-04-474x324.jpg",474,324,true],"gridsquare":["https:\/\/imagazine.it\/wp-content\/uploads\/2025\/10\/cena-multietnica-2025-04-391x260.jpg",391,260,true],"tileview":["https:\/\/imagazine.it\/wp-content\/uploads\/2025\/10\/cena-multietnica-2025-04-300x400.jpg",300,400,true],"1536x1536":["https:\/\/imagazine.it\/wp-content\/uploads\/2025\/10\/cena-multietnica-2025-04.jpg",1366,805,false],"2048x2048":["https:\/\/imagazine.it\/wp-content\/uploads\/2025\/10\/cena-multietnica-2025-04.jpg",1366,805,false],"newsup-slider-full":["https:\/\/imagazine.it\/wp-content\/uploads\/2025\/10\/cena-multietnica-2025-04-1280x720.jpg",1280,720,true],"newsup-featured":["https:\/\/imagazine.it\/wp-content\/uploads\/2025\/10\/cena-multietnica-2025-04-1024x603.jpg",1024,603,true],"newsup-medium":["https:\/\/imagazine.it\/wp-content\/uploads\/2025\/10\/cena-multietnica-2025-04-720x380.jpg",720,380,true],"tptn_thumbnail":["https:\/\/imagazine.it\/wp-content\/uploads\/2025\/10\/cena-multietnica-2025-04-250x210.jpg",250,210,true],"sow-carousel-default":["https:\/\/imagazine.it\/wp-content\/uploads\/2025\/10\/cena-multietnica-2025-04-272x182.jpg",272,182,true]},"rttpg_author":{"display_name":"Livio Nonis","author_link":"https:\/\/imagazine.it\/home_desk\/author\/nonis\/"},"rttpg_comment":0,"rttpg_category":"<a href=\"https:\/\/imagazine.it\/home_desk\/category\/societa\/\" rel=\"category tag\">SOCIET\u00c0<\/a>","rttpg_excerpt":"Tradizionale appuntamento con la cena multietnica: piatti dall'Iraq, dai Caraibi e dal Kurdistan turco. Per condividere ricette e culture","_links":{"self":[{"href":"https:\/\/imagazine.it\/home_desk\/wp-json\/wp\/v2\/posts\/68430","targetHints":{"allow":["GET"]}}],"collection":[{"href":"https:\/\/imagazine.it\/home_desk\/wp-json\/wp\/v2\/posts"}],"about":[{"href":"https:\/\/imagazine.it\/home_desk\/wp-json\/wp\/v2\/types\/post"}],"author":[{"embeddable":true,"href":"https:\/\/imagazine.it\/home_desk\/wp-json\/wp\/v2\/users\/22"}],"replies":[{"embeddable":true,"href":"https:\/\/imagazine.it\/home_desk\/wp-json\/wp\/v2\/comments?post=68430"}],"version-history":[{"count":2,"href":"https:\/\/imagazine.it\/home_desk\/wp-json\/wp\/v2\/posts\/68430\/revisions"}],"predecessor-version":[{"id":68444,"href":"https:\/\/imagazine.it\/home_desk\/wp-json\/wp\/v2\/posts\/68430\/revisions\/68444"}],"wp:featuredmedia":[{"embeddable":true,"href":"https:\/\/imagazine.it\/home_desk\/wp-json\/wp\/v2\/media\/68442"}],"wp:attachment":[{"href":"https:\/\/imagazine.it\/home_desk\/wp-json\/wp\/v2\/media?parent=68430"}],"wp:term":[{"taxonomy":"category","embeddable":true,"href":"https:\/\/imagazine.it\/home_desk\/wp-json\/wp\/v2\/categories?post=68430"},{"taxonomy":"post_tag","embeddable":true,"href":"https:\/\/imagazine.it\/home_desk\/wp-json\/wp\/v2\/tags?post=68430"}],"curies":[{"name":"wp","href":"https:\/\/api.w.org\/{rel}","templated":true}]}}